{"id":14292,"date":"2017-03-14T15:03:13","date_gmt":"2017-03-14T19:03:13","guid":{"rendered":"https:\/\/magazineluxe.com\/?p=14292"},"modified":"2020-02-27T16:28:45","modified_gmt":"2020-02-27T21:28:45","slug":"lisbonne-dieu-veut-lhomme-reve-loeuvre-nait","status":"publish","type":"post","link":"https:\/\/magazineluxe.com\/fr\/lisbonne-dieu-veut-lhomme-reve-loeuvre-nait\/","title":{"rendered":"Lisbonne : \u00ab Dieu veut, l\u2019homme r\u00eave, l\u2019\u0153uvre na\u00eet \u00bb"},"content":{"rendered":"<p><strong>Lorsque l\u2019avion survole la ville, on comprend aussit\u00f4t pourquoi la lumi\u00e8re de Lisbonne est si appr\u00e9ci\u00e9e, avec le fado en fond sonore. D\u00e9truite en 1755 par un terrible tremblement de terre, elle fut reconstruite en pur style pombalin. Baign\u00e9e par le Tage, elle compte sept collines, o\u00f9 se trouvent les quartiers typiques exhalant l\u2019odeur des sardines grill\u00e9es. La ville inspira Fernando Pessoa, par cons\u00e9quent, elle ne peut \u00eatre que belle comme sa po\u00e9sie : \u00ab\u00a0Dieu veut, l\u2019homme r\u00eave, l\u2019\u0153uvre na\u00eet\u00a0\u00bb.<\/strong><\/p>\n<h3><strong>O\u00d9 DORMIR<\/strong><\/h3>\n<h4><strong>FOUR SEASONS HOTEL RITZ LISBON<\/strong><\/h4>\n<p>Classique et sophistiqu\u00e9, il se situe au coeur de Lisbonne. Un excellent restaurant et l\u2019un des meilleurs spas de la ville.<\/p>\n<p>&nbsp;<\/p>\n<p>Rua Rodrigo da Fonseca, 88<\/p>\n<p>Tel. (+351) 213 811 400<\/p>\n<p>&nbsp;<\/p>\n<p><strong><a href=\"https:\/\/www.fourseasons.com\/fr\/lisbon\/\" target=\"_blank\" rel=\"noopener noreferrer\">www.fourseasons.com<\/a><\/strong><\/p>\n<h4><strong>VALVERDE HOTEL<\/strong><\/h4>\n<p>Boutique h\u00f4tel, distingu\u00e9 et contemporain. \u00c0 deux pas des magasins des principales marques internationales.<\/p>\n<p>&nbsp;<\/p>\n<p>Avenida da Liberdade, 164<\/p>\n<p>Tel. (+351) 210 940 300<\/p>\n<p>&nbsp;<\/p>\n<p><strong><a href=\"http:\/\/www.valverdehotel.com\" target=\"_blank\" rel=\"noopener noreferrer\">www.valverdehotel.com<\/a><\/strong><\/p>\n<h4><strong>MEMMO ALFAMA HOTEL<\/strong><\/h4>\n<p>Consid\u00e9r\u00e9 par la revue Wallpaper comme l\u2019un des meilleurs h\u00f4tels urbains du monde. Situ\u00e9 dans un quartier typique, \u00e0 proximit\u00e9 des maisons de fado.<\/p>\n<p>&nbsp;<\/p>\n<p>Travessa das Merceeiras, 27<\/p>\n<p>Tel. (+351) 210 495 660<\/p>\n<p>&nbsp;<\/p>\n<p><strong><a href=\"http:\/\/www.memmohotels.com\/alfama\" target=\"_blank\" rel=\"noopener noreferrer\">www.memmohotels.com<\/a><\/strong><\/p>\n<h4><strong>TOREL PALACE<\/strong><\/h4>\n<p>Un petit palais datant de 1902, et en m\u00eame temps un belv\u00e9d\u00e8re donnant sur Lisbonne. La d\u00e9coration est digne de reines et de rois.<\/p>\n<p>&nbsp;<\/p>\n<p>Rua C\u00e2mara Pestana, 23<\/p>\n<p>Tel. (+351) 218 290 810<\/p>\n<p>&nbsp;<\/p>\n<p><strong><a href=\"http:\/\/www.torelpalace.com\" target=\"_blank\" rel=\"noopener noreferrer\">www.torelpalace.com<\/a><\/strong><\/p>\n<h3><strong>O\u00d9 MANGER<\/strong><\/h3>\n<h4><strong>SOLAR DOS PRESUNTOS<\/strong><\/h4>\n<p>C\u2019est l\u2019un des restaurants parmi les plus r\u00e9put\u00e9s de la ville. Trois \u00e9tages, cinq salles aux murs couverts de photos de c\u00e9l\u00e9brit\u00e9s qui y pass\u00e8rent. On y sert une cuisine typique de la province du Minho. Offrez-vous un d\u00e9jeuner.<\/p>\n<p>&nbsp;<\/p>\n<p>Rua das Portas de Santo Ant\u00e3o, 150<\/p>\n<p>Tel. (+351) (+351) 213 424 25<\/p>\n<h4><strong>PIN\u00d3QUIO<\/strong><\/h4>\n<p>Un lieu o\u00f9 d\u00e9guster hors-d\u2019oeuvre et cuisine de tradition. \u00c0 deux pas des th\u00e9\u00e2tres. La terrasse est une vitrine de l\u2019animation de la ville. \u00c0 fr\u00e9quenter \u00e0 toute heure. Ouvert tous les jours, de 12 h \u00e0 24 h.<\/p>\n<p>&nbsp;<\/p>\n<p>Pra\u00e7a dos Restauradores, 79<\/p>\n<p>Tel. (+351) 213 465 106<\/p>\n<h4><strong>LAURENTINA<\/strong><\/h4>\n<p>C\u2019est le roi de la morue, confectionn\u00e9e des plus diverses mani\u00e8res. Il sert \u00e9galement des sp\u00e9cialit\u00e9s des Beiras et du Mozambique. D\u00e9jeuners et d\u00eeners (informez- vous sur le soir o\u00f9 vous pourrez \u00e9couter du fado).<\/p>\n<p>&nbsp;<\/p>\n<p>Av. Conde Valbom, 71 A<\/p>\n<p>Tel. (+351) 217 960 260<\/p>\n<h4><strong>ALMA<\/strong><\/h4>\n<p>Au coeur du quartier du Chiado, c\u2019est le retour du chef Henrique S\u00e1 Pessoa \u00e0 une cuisine cr\u00e9ative aux combinaisons surprenantes. Ambiance d\u00e9tendue.<\/p>\n<p>&nbsp;<\/p>\n<p>R. Anchieta, 15<\/p>\n<p>Tel. (+351) 213 470 650<\/p>\n<h4><strong>O JACINTO<\/strong><\/h4>\n<p>Plats traditionnels \u00e0 la pr\u00e9sentation moderne, accompagn\u00e9s d\u2019une carte des vins tr\u00e8s vari\u00e9es. D\u00e9jeuners et d\u00eeners.<\/p>\n<p>&nbsp;<\/p>\n<p>Av. Ventura Terra, 2<\/p>\n<p>Tel. (+351) 217 591 728<\/p>\n<h4><strong>TIME OUT MERCADO DA RIBEIRA<\/strong><\/h4>\n<p>Plus de 40 points de restauration et de boissons. D\u00e9couvrez les propositions gastronomiques de quelques-uns des grands chefs portugais \u2014 Alexandre Silva, Henrique S\u00e1 Pessoa, Marlene Vieira, Miguel Castro e Silva et Miguel Laffan \u2014 \u00e0 des prix tr\u00e8s attractifs. On peut y acheter conserves, vins et souvenirs.\u00a0Du lundi au mercredi de 10 h \u00e0 2 h du matin, et du jeudi au samedi de 10 h \u00e0 24 h.<\/p>\n<p>&nbsp;<\/p>\n<p>Av. 24 de Julho, 50<\/p>\n<p>Tel. (+351) 213 462 966<\/p>\n<h4><strong>RAMIRO<\/strong><\/h4>\n<p>Avec plus d\u2019un demi-si\u00e8cle d\u2019existence, c\u2019est une r\u00e9f\u00e9rence incontournable en mati\u00e8re de fruits de mer. D\u00e9gustez un tourteau, des pouce-pieds, des langoustines ou un homard, des gambas al ajillo (\u00e0 l\u2019ail), des palourdes \u00e0 la mani\u00e8re de Bulh\u00e3o Pato. Terminez avec les pregros, typiques sandwhichs au steak. Prix \u00e0 la port\u00e9e de toutes les bourses. De 12 h \u00e0 24 h, ferm\u00e9 le lundi.<\/p>\n<p>&nbsp;<\/p>\n<p>Av. Almirante Reis, 1<\/p>\n<p>Tel. (+351) 218 851024<\/p>\n<h4><strong>LOCO<\/strong><\/h4>\n<p>Le restaurant du chef Alexandre Silva vous invite \u00e0 une exp\u00e9rience gastronomique exceptionnelle, o\u00f9 chaque plat n\u2019est pas ce \u00e0 quoi il ressemble et o\u00f9 les yeux mangent autant que le ventre. S\u2019y rendre avec un esprit ouvert et y d\u00e9guster un menu d\u00e9gustation compos\u00e9 de 14 ou 18 moments. Prix \u00e9lev\u00e9s. Pour le d\u00eener.<\/p>\n<p>&nbsp;<\/p>\n<p>Rua dos Navegantes, 53B<\/p>\n<p>Tel. (+351) 213 951 861<\/p>\n<h4><strong>PAST\u00c9IS DE BEL\u00c9M<\/strong><\/h4>\n<p>Des g\u00e2teaux, il y en beaucoup dans toute la ville, mais la recette de ceux-ci est toujours bien gard\u00e9e&#8230; depuis 1837. Vous n\u2019en mangerez sans doute pas qu\u2019un&#8230;<\/p>\n<p>&nbsp;<\/p>\n<p>Rua de Bel\u00e9m, 84-91<\/p>\n<p>Tel. (+351) 213 637 423<\/p>\n<div class=\"page\" title=\"Page 4\">\n<div class=\"layoutArea\">\n<div class=\"column\">\n<h4>GELADOS SANTINI<\/h4>\n<div class=\"page\" title=\"Page 4\">\n<div class=\"layoutArea\">\n<div class=\"column\">\n<p>Fameuses glaces artisanales. Attendez vous \u00e0 faire la queue&#8230; Ouvert tous les jours, de 11 h \u00e0 24 h.<\/p>\n<\/div>\n<\/div>\n<\/div>\n<p>&nbsp;<\/p>\n<p>Rua do Carmo, 9<\/p>\n<p>Tel. (+351) 213 468 431<\/p>\n<\/div>\n<\/div>\n<\/div>\n<div class=\"page\" title=\"Page 4\">\n<div class=\"layoutArea\">\n<div class=\"column\">\n<h4>GINJINHA<\/h4>\n<div class=\"page\" title=\"Page 4\">\n<div class=\"layoutArea\">\n<div class=\"column\">\n<p>Appartenant \u00e0 la m\u00eame famille depuis 1840, c\u2019est l\u2019un des ex- libris de la capitale. Liqueur confectionn\u00e9e \u00e0 partir de griottes (ginja en portugais), le fruit qui lui donne son nom. C\u2019est doux et peu cher. \u00c0 consommer avec ou sans griottes.<\/p>\n<\/div>\n<\/div>\n<\/div>\n<p>&nbsp;<\/p>\n<p>Largo de S\u00e3o Domingos, 8<\/p>\n<\/div>\n<\/div>\n<\/div>\n<h3><strong>LIEUX \u00c0 VISITER<\/strong><\/h3>\n<h4><strong>CASTELO DE S\u00c3O JORGE<\/strong><\/h4>\n<p>Ce fut jadis une r\u00e9sidence royale. La vue sur la ville est splendide et unique. \u00c0 ne rater sous aucun pr\u00e9texte. On peut s\u2019y rendre \u00e0 pied, en bus ou en tuk-tuk.<\/p>\n<h4><strong>OCEAN\u00c1RIO DE LISBOA<\/strong><\/h4>\n<p>Inaugur\u00e9 en 1902 afin de relier la Baixa et la place du Carmo, il est le seul funiculaire vertical de la ville. On doit sa structure en fer forg\u00e9 est class\u00e9 Monument National. En ce qui concerne le panorama, c\u2019est un s\u00e9rieux concurrent du ch\u00e2teau Saint-Georges. Ouvert tous les jours de 7 h \u00e0 22 h.<\/p>\n<p>&nbsp;<\/p>\n<p><strong><a href=\"http:\/\/www.oceanario.pt\" target=\"_blank\" rel=\"noopener noreferrer\">www.oceanario.pt<\/a><\/strong><\/p>\n<h4><strong>MOSTEIRO DOS JER\u00d3NIMOS<\/strong><\/h4>\n<p>De style manu\u00e9lin, il fut construit au XVIe si\u00e8cle, \u00e0 l\u2019\u00e2ge d\u2019or des d\u00e9couvertes maritimes portugaises. L\u2019UNESCO l\u2019a class\u00e9 au Patrimoine de l\u2019Humanit\u00e9. Il abrite les tombeaux du navigateur portugais Vasco de Gama et du po\u00e8te Lu\u00eds Vaz de Cam\u00f5es.<\/p>\n<h3><strong>NIGHTLIFE<\/strong><\/h3>\n<p>Fado \u2013 genre musical portugais interpr\u00e9t\u00e9 par une seule personne et accompagn\u00e9 d\u2019une guitare portugaise. Il refl\u00e8te l\u2019\u00e2me du peuple lusitanien.<\/p>\n<h4>S. MIGUEL D&rsquo;ALFAMA<\/h4>\n<p>Au coeur du quartier d&rsquo;affama, on y d\u00e9guste des hors-d&rsquo;oeuvre typiquement portugais, mais le plat principal y est le fado. Ouvert tous les jours, de 19 h \u00e0 24 h.<\/p>\n<p>&nbsp;<\/p>\n<p>Rua de S\u00e3o Miguel, 9-17<\/p>\n<p>Tel. (+351) 968 554 422<\/p>\n<h4><strong>AUTRES MAISONS DE FADO<\/strong><\/h4>\n<p>Adega Machado; Caf\u00e9 Luso;Senhor do Vinho; Clube de Fado; Tasca do Chico.<\/p>\n<h4><strong>BAIRRO ALTO<\/strong><\/h4>\n<p>Quartier typique avec restaurants et bars pour tous les styles.<\/p>\n<h4><strong>LUX FR\u00c1GIL<\/strong><\/h4>\n<p>Le club le plus trendy de la ville. Il y accueille DJ (musique entre electro et alternative). Spectacles en live.<\/p>\n<p>&nbsp;<\/p>\n<p>Av. Infante D. Henrique, Sta. Apol\u00f3nia<\/p>\n<p>Tel. (+351) 218 820 890<\/p>\n<h4><strong>RED FROG SPEAKEASY<\/strong><\/h4>\n<p>Bar speakeasy pr\u00e9sentant une vaste carte de cocktails.<\/p>\n<p>&nbsp;<\/p>\n<p>Rua do Salitre, 5A<\/p>\n<p>Tel. 215 831 120<\/p>\n<h3>PLAGES<\/h3>\n<p>Les plus belles de la rive sud du Tage.<\/p>\n<p>Costa da Caparica &#8211; Surf &#8211; <strong><a href=\"http:\/\/www.kevolutionsurf.com\" target=\"_blank\" rel=\"noopener noreferrer\">www.kevolutionsurf.com<\/a><\/strong> &#8211; Kitesurf &#8211; Fonte da Telha &#8211; <strong><a href=\"http:\/\/www.kitesurfway.com\" target=\"_blank\" rel=\"noopener noreferrer\">www.kitesurfway.com<\/a><\/strong><\/p>\n<h4>ARRABIDA<\/h4>\n<p>Petites plages au pied des falaises, entre la mer et la montagne d&rsquo;Arrabida.<\/p>\n<h4>TROIA<\/h4>\n<p>Acc\u00e8s \u00e0 partir de Set\u00f9bal, en ferryboat, travers\u00e9e de l&rsquo;Estuaire du Saso, habitat de dauphins.<\/p>\n","protected":false},"excerpt":{"rendered":"<p>Lorsque l\u2019avion survole la ville, on comprend aussit\u00f4t pourquoi la lumi\u00e8re de Lisbonne est si appr\u00e9ci\u00e9e, avec le fado en fond sonore. D\u00e9truite en 1755 par un terrible tremblement de terre, elle fut reconstruite en pur style pombalin. Baign\u00e9e par le Tage, elle compte sept collines, o\u00f9 se trouvent les quartiers typiques exhalant l\u2019odeur des sardines grill\u00e9es. La ville inspira Fernando Pessoa, par cons\u00e9quent, elle ne peut \u00eatre que belle comme sa po\u00e9sie : \u00ab\u00a0Dieu veut, l\u2019homme r\u00eave, l\u2019\u0153uvre na\u00eet\u00a0\u00bb. O\u00d9 DORMIR FOUR SEASONS HOTEL RITZ LISBON Classique et sophistiqu\u00e9, il se situe au coeur de Lisbonne. Un excellent restaurant et l\u2019un des meilleurs spas de la ville. &nbsp; Rua Rodrigo da Fonseca, 88 Tel. (+351) 213 811 400 &nbsp; www.fourseasons.com VALVERDE HOTEL Boutique h\u00f4tel, distingu\u00e9 et contemporain. \u00c0 deux pas des magasins des principales marques internationales. &nbsp; Avenida da Liberdade, 164 Tel. (+351) 210 940 300 &nbsp; www.valverdehotel.com MEMMO ALFAMA HOTEL Consid\u00e9r\u00e9 par la revue Wallpaper comme l\u2019un des meilleurs h\u00f4tels urbains du monde. Situ\u00e9 dans un quartier typique, \u00e0 proximit\u00e9 des maisons de fado. &nbsp; Travessa das Merceeiras, 27 Tel. (+351) 210 495 660 &nbsp; www.memmohotels.com TOREL PALACE Un petit palais datant de 1902, et en m\u00eame temps [&hellip;]<\/p>\n","protected":false},"author":710,"featured_media":14293,"comment_status":"closed","ping_status":"closed","sticky":false,"template":"","format":"standard","meta":{"_monsterinsights_skip_tracking":false,"_monsterinsights_sitenote_active":false,"_monsterinsights_sitenote_note":"","_monsterinsights_sitenote_category":0,"footnotes":""},"categories":[524],"tags":[],"class_list":["post-14292","post","type-post","status-publish","format-standard","has-post-thumbnail","hentry","category-voyage"],"yoast_head":"<!-- This site is optimized with the Yoast SEO plugin v27.4 - https:\/\/yoast.com\/product\/yoast-seo-wordpress\/ -->\n<title>Lisbonne : \u00ab Dieu veut, l\u2019homme r\u00eave, l\u2019\u0153uvre na\u00eet \u00bb - MAGAZINE LUXE - Immobilier | Design | Art de vivre<\/title>\n<meta name=\"robots\" content=\"index, follow, max-snippet:-1, max-image-preview:large, max-video-preview:-1\" \/>\n<link rel=\"canonical\" href=\"https:\/\/magazineluxe.com\/fr\/lisbonne-dieu-veut-lhomme-reve-loeuvre-nait\/\" \/>\n<meta property=\"og:locale\" content=\"fr_FR\" \/>\n<meta property=\"og:type\" content=\"article\" \/>\n<meta property=\"og:title\" content=\"Lisbonne : \u00ab Dieu veut, l\u2019homme r\u00eave, l\u2019\u0153uvre na\u00eet \u00bb - MAGAZINE LUXE - Immobilier | Design | Art de vivre\" \/>\n<meta property=\"og:description\" content=\"Lorsque l\u2019avion survole la ville, on comprend aussit\u00f4t pourquoi la lumi\u00e8re de Lisbonne est si appr\u00e9ci\u00e9e, avec le fado en fond sonore. D\u00e9truite en 1755 par un terrible tremblement de terre, elle fut reconstruite en pur style pombalin. Baign\u00e9e par le Tage, elle compte sept collines, o\u00f9 se trouvent les quartiers typiques exhalant l\u2019odeur des sardines grill\u00e9es. La ville inspira Fernando Pessoa, par cons\u00e9quent, elle ne peut \u00eatre que belle comme sa po\u00e9sie : \u00ab\u00a0Dieu veut, l\u2019homme r\u00eave, l\u2019\u0153uvre na\u00eet\u00a0\u00bb. O\u00d9 DORMIR FOUR SEASONS HOTEL RITZ LISBON Classique et sophistiqu\u00e9, il se situe au coeur de Lisbonne. Un excellent restaurant et l\u2019un des meilleurs spas de la ville. &nbsp; Rua Rodrigo da Fonseca, 88 Tel. (+351) 213 811 400 &nbsp; www.fourseasons.com VALVERDE HOTEL Boutique h\u00f4tel, distingu\u00e9 et contemporain. \u00c0 deux pas des magasins des principales marques internationales. &nbsp; Avenida da Liberdade, 164 Tel. (+351) 210 940 300 &nbsp; www.valverdehotel.com MEMMO ALFAMA HOTEL Consid\u00e9r\u00e9 par la revue Wallpaper comme l\u2019un des meilleurs h\u00f4tels urbains du monde. Situ\u00e9 dans un quartier typique, \u00e0 proximit\u00e9 des maisons de fado. &nbsp; Travessa das Merceeiras, 27 Tel. (+351) 210 495 660 &nbsp; www.memmohotels.com TOREL PALACE Un petit palais datant de 1902, et en m\u00eame temps [&hellip;]\" \/>\n<meta property=\"og:url\" content=\"https:\/\/magazineluxe.com\/fr\/lisbonne-dieu-veut-lhomme-reve-loeuvre-nait\/\" \/>\n<meta property=\"og:site_name\" content=\"MAGAZINE LUXE - Immobilier | Design | Art de vivre\" \/>\n<meta property=\"article:published_time\" content=\"2017-03-14T19:03:13+00:00\" \/>\n<meta property=\"article:modified_time\" content=\"2020-02-27T21:28:45+00:00\" \/>\n<meta property=\"og:image\" content=\"https:\/\/magazineluxe.com\/wp-content\/uploads\/2019\/11\/Lisbon.jpg\" \/>\n\t<meta property=\"og:image:width\" content=\"1920\" \/>\n\t<meta property=\"og:image:height\" content=\"1280\" \/>\n\t<meta property=\"og:image:type\" content=\"image\/jpeg\" \/>\n<meta name=\"author\" content=\"\u00c2tma\" \/>\n<meta name=\"twitter:card\" content=\"summary_large_image\" \/>\n<meta name=\"twitter:label1\" content=\"\u00c9crit par\" \/>\n\t<meta name=\"twitter:data1\" content=\"\u00c2tma\" \/>\n\t<meta name=\"twitter:label2\" content=\"Dur\u00e9e de lecture estim\u00e9e\" \/>\n\t<meta name=\"twitter:data2\" content=\"6 minutes\" \/>\n<script type=\"application\/ld+json\" class=\"yoast-schema-graph\">{\"@context\":\"https:\\\/\\\/schema.org\",\"@graph\":[{\"@type\":\"Article\",\"@id\":\"https:\\\/\\\/magazineluxe.com\\\/fr\\\/lisbonne-dieu-veut-lhomme-reve-loeuvre-nait\\\/#article\",\"isPartOf\":{\"@id\":\"https:\\\/\\\/magazineluxe.com\\\/fr\\\/lisbonne-dieu-veut-lhomme-reve-loeuvre-nait\\\/\"},\"author\":{\"name\":\"\u00c2tma\",\"@id\":\"https:\\\/\\\/magazineluxe.com\\\/fr\\\/#\\\/schema\\\/person\\\/8adc55c929911b0b55d79cb0e89a2078\"},\"headline\":\"Lisbonne : \u00ab Dieu veut, l\u2019homme r\u00eave, l\u2019\u0153uvre na\u00eet \u00bb\",\"datePublished\":\"2017-03-14T19:03:13+00:00\",\"dateModified\":\"2020-02-27T21:28:45+00:00\",\"mainEntityOfPage\":{\"@id\":\"https:\\\/\\\/magazineluxe.com\\\/fr\\\/lisbonne-dieu-veut-lhomme-reve-loeuvre-nait\\\/\"},\"wordCount\":1151,\"image\":{\"@id\":\"https:\\\/\\\/magazineluxe.com\\\/fr\\\/lisbonne-dieu-veut-lhomme-reve-loeuvre-nait\\\/#primaryimage\"},\"thumbnailUrl\":\"https:\\\/\\\/magazineluxe.com\\\/wp-content\\\/uploads\\\/2019\\\/11\\\/Lisbon.jpg\",\"articleSection\":[\"Voyage\"],\"inLanguage\":\"fr-FR\"},{\"@type\":\"WebPage\",\"@id\":\"https:\\\/\\\/magazineluxe.com\\\/fr\\\/lisbonne-dieu-veut-lhomme-reve-loeuvre-nait\\\/\",\"url\":\"https:\\\/\\\/magazineluxe.com\\\/fr\\\/lisbonne-dieu-veut-lhomme-reve-loeuvre-nait\\\/\",\"name\":\"Lisbonne : \u00ab Dieu veut, l\u2019homme r\u00eave, l\u2019\u0153uvre na\u00eet \u00bb - MAGAZINE LUXE - Immobilier | Design | Art de vivre\",\"isPartOf\":{\"@id\":\"https:\\\/\\\/magazineluxe.com\\\/fr\\\/#website\"},\"primaryImageOfPage\":{\"@id\":\"https:\\\/\\\/magazineluxe.com\\\/fr\\\/lisbonne-dieu-veut-lhomme-reve-loeuvre-nait\\\/#primaryimage\"},\"image\":{\"@id\":\"https:\\\/\\\/magazineluxe.com\\\/fr\\\/lisbonne-dieu-veut-lhomme-reve-loeuvre-nait\\\/#primaryimage\"},\"thumbnailUrl\":\"https:\\\/\\\/magazineluxe.com\\\/wp-content\\\/uploads\\\/2019\\\/11\\\/Lisbon.jpg\",\"datePublished\":\"2017-03-14T19:03:13+00:00\",\"dateModified\":\"2020-02-27T21:28:45+00:00\",\"author\":{\"@id\":\"https:\\\/\\\/magazineluxe.com\\\/fr\\\/#\\\/schema\\\/person\\\/8adc55c929911b0b55d79cb0e89a2078\"},\"breadcrumb\":{\"@id\":\"https:\\\/\\\/magazineluxe.com\\\/fr\\\/lisbonne-dieu-veut-lhomme-reve-loeuvre-nait\\\/#breadcrumb\"},\"inLanguage\":\"fr-FR\",\"potentialAction\":[{\"@type\":\"ReadAction\",\"target\":[\"https:\\\/\\\/magazineluxe.com\\\/fr\\\/lisbonne-dieu-veut-lhomme-reve-loeuvre-nait\\\/\"]}]},{\"@type\":\"ImageObject\",\"inLanguage\":\"fr-FR\",\"@id\":\"https:\\\/\\\/magazineluxe.com\\\/fr\\\/lisbonne-dieu-veut-lhomme-reve-loeuvre-nait\\\/#primaryimage\",\"url\":\"https:\\\/\\\/magazineluxe.com\\\/wp-content\\\/uploads\\\/2019\\\/11\\\/Lisbon.jpg\",\"contentUrl\":\"https:\\\/\\\/magazineluxe.com\\\/wp-content\\\/uploads\\\/2019\\\/11\\\/Lisbon.jpg\",\"width\":1920,\"height\":1280},{\"@type\":\"BreadcrumbList\",\"@id\":\"https:\\\/\\\/magazineluxe.com\\\/fr\\\/lisbonne-dieu-veut-lhomme-reve-loeuvre-nait\\\/#breadcrumb\",\"itemListElement\":[{\"@type\":\"ListItem\",\"position\":1,\"name\":\"Accueil\",\"item\":\"https:\\\/\\\/magazineluxe.com\\\/fr\\\/\"},{\"@type\":\"ListItem\",\"position\":2,\"name\":\"Lisbonne : \u00ab Dieu veut, l\u2019homme r\u00eave, l\u2019\u0153uvre na\u00eet \u00bb\"}]},{\"@type\":\"WebSite\",\"@id\":\"https:\\\/\\\/magazineluxe.com\\\/fr\\\/#website\",\"url\":\"https:\\\/\\\/magazineluxe.com\\\/fr\\\/\",\"name\":\"MAGAZINE LUXE - Immobilier | Design | Art de vivre\",\"description\":\"MAGAZINE LUXE - Immobilier | Design | Art de vivre\",\"potentialAction\":[{\"@type\":\"SearchAction\",\"target\":{\"@type\":\"EntryPoint\",\"urlTemplate\":\"https:\\\/\\\/magazineluxe.com\\\/fr\\\/?s={search_term_string}\"},\"query-input\":{\"@type\":\"PropertyValueSpecification\",\"valueRequired\":true,\"valueName\":\"search_term_string\"}}],\"inLanguage\":\"fr-FR\"},{\"@type\":\"Person\",\"@id\":\"https:\\\/\\\/magazineluxe.com\\\/fr\\\/#\\\/schema\\\/person\\\/8adc55c929911b0b55d79cb0e89a2078\",\"name\":\"\u00c2tma\",\"image\":{\"@type\":\"ImageObject\",\"inLanguage\":\"fr-FR\",\"@id\":\"https:\\\/\\\/secure.gravatar.com\\\/avatar\\\/8f040abb094cad542949c1488512389277711ac5ee0e395bbebaa2573f7a2377?s=96&d=mm&r=g\",\"url\":\"https:\\\/\\\/secure.gravatar.com\\\/avatar\\\/8f040abb094cad542949c1488512389277711ac5ee0e395bbebaa2573f7a2377?s=96&d=mm&r=g\",\"contentUrl\":\"https:\\\/\\\/secure.gravatar.com\\\/avatar\\\/8f040abb094cad542949c1488512389277711ac5ee0e395bbebaa2573f7a2377?s=96&d=mm&r=g\",\"caption\":\"\u00c2tma\"},\"url\":\"https:\\\/\\\/magazineluxe.com\\\/fr\\\/author\\\/atma\\\/\"}]}<\/script>\n<!-- \/ Yoast SEO plugin. -->","yoast_head_json":{"title":"Lisbonne : \u00ab Dieu veut, l\u2019homme r\u00eave, l\u2019\u0153uvre na\u00eet \u00bb - MAGAZINE LUXE - Immobilier | Design | Art de vivre","robots":{"index":"index","follow":"follow","max-snippet":"max-snippet:-1","max-image-preview":"max-image-preview:large","max-video-preview":"max-video-preview:-1"},"canonical":"https:\/\/magazineluxe.com\/fr\/lisbonne-dieu-veut-lhomme-reve-loeuvre-nait\/","og_locale":"fr_FR","og_type":"article","og_title":"Lisbonne : \u00ab Dieu veut, l\u2019homme r\u00eave, l\u2019\u0153uvre na\u00eet \u00bb - MAGAZINE LUXE - Immobilier | Design | Art de vivre","og_description":"Lorsque l\u2019avion survole la ville, on comprend aussit\u00f4t pourquoi la lumi\u00e8re de Lisbonne est si appr\u00e9ci\u00e9e, avec le fado en fond sonore. D\u00e9truite en 1755 par un terrible tremblement de terre, elle fut reconstruite en pur style pombalin. Baign\u00e9e par le Tage, elle compte sept collines, o\u00f9 se trouvent les quartiers typiques exhalant l\u2019odeur des sardines grill\u00e9es. La ville inspira Fernando Pessoa, par cons\u00e9quent, elle ne peut \u00eatre que belle comme sa po\u00e9sie : \u00ab\u00a0Dieu veut, l\u2019homme r\u00eave, l\u2019\u0153uvre na\u00eet\u00a0\u00bb. O\u00d9 DORMIR FOUR SEASONS HOTEL RITZ LISBON Classique et sophistiqu\u00e9, il se situe au coeur de Lisbonne. Un excellent restaurant et l\u2019un des meilleurs spas de la ville. &nbsp; Rua Rodrigo da Fonseca, 88 Tel. (+351) 213 811 400 &nbsp; www.fourseasons.com VALVERDE HOTEL Boutique h\u00f4tel, distingu\u00e9 et contemporain. \u00c0 deux pas des magasins des principales marques internationales. &nbsp; Avenida da Liberdade, 164 Tel. (+351) 210 940 300 &nbsp; www.valverdehotel.com MEMMO ALFAMA HOTEL Consid\u00e9r\u00e9 par la revue Wallpaper comme l\u2019un des meilleurs h\u00f4tels urbains du monde. Situ\u00e9 dans un quartier typique, \u00e0 proximit\u00e9 des maisons de fado. &nbsp; Travessa das Merceeiras, 27 Tel. (+351) 210 495 660 &nbsp; www.memmohotels.com TOREL PALACE Un petit palais datant de 1902, et en m\u00eame temps [&hellip;]","og_url":"https:\/\/magazineluxe.com\/fr\/lisbonne-dieu-veut-lhomme-reve-loeuvre-nait\/","og_site_name":"MAGAZINE LUXE - Immobilier | Design | Art de vivre","article_published_time":"2017-03-14T19:03:13+00:00","article_modified_time":"2020-02-27T21:28:45+00:00","og_image":[{"width":1920,"height":1280,"url":"https:\/\/magazineluxe.com\/wp-content\/uploads\/2019\/11\/Lisbon.jpg","type":"image\/jpeg"}],"author":"\u00c2tma","twitter_card":"summary_large_image","twitter_misc":{"\u00c9crit par":"\u00c2tma","Dur\u00e9e de lecture estim\u00e9e":"6 minutes"},"schema":{"@context":"https:\/\/schema.org","@graph":[{"@type":"Article","@id":"https:\/\/magazineluxe.com\/fr\/lisbonne-dieu-veut-lhomme-reve-loeuvre-nait\/#article","isPartOf":{"@id":"https:\/\/magazineluxe.com\/fr\/lisbonne-dieu-veut-lhomme-reve-loeuvre-nait\/"},"author":{"name":"\u00c2tma","@id":"https:\/\/magazineluxe.com\/fr\/#\/schema\/person\/8adc55c929911b0b55d79cb0e89a2078"},"headline":"Lisbonne : \u00ab Dieu veut, l\u2019homme r\u00eave, l\u2019\u0153uvre na\u00eet \u00bb","datePublished":"2017-03-14T19:03:13+00:00","dateModified":"2020-02-27T21:28:45+00:00","mainEntityOfPage":{"@id":"https:\/\/magazineluxe.com\/fr\/lisbonne-dieu-veut-lhomme-reve-loeuvre-nait\/"},"wordCount":1151,"image":{"@id":"https:\/\/magazineluxe.com\/fr\/lisbonne-dieu-veut-lhomme-reve-loeuvre-nait\/#primaryimage"},"thumbnailUrl":"https:\/\/magazineluxe.com\/wp-content\/uploads\/2019\/11\/Lisbon.jpg","articleSection":["Voyage"],"inLanguage":"fr-FR"},{"@type":"WebPage","@id":"https:\/\/magazineluxe.com\/fr\/lisbonne-dieu-veut-lhomme-reve-loeuvre-nait\/","url":"https:\/\/magazineluxe.com\/fr\/lisbonne-dieu-veut-lhomme-reve-loeuvre-nait\/","name":"Lisbonne : \u00ab Dieu veut, l\u2019homme r\u00eave, l\u2019\u0153uvre na\u00eet \u00bb - MAGAZINE LUXE - Immobilier | Design | Art de vivre","isPartOf":{"@id":"https:\/\/magazineluxe.com\/fr\/#website"},"primaryImageOfPage":{"@id":"https:\/\/magazineluxe.com\/fr\/lisbonne-dieu-veut-lhomme-reve-loeuvre-nait\/#primaryimage"},"image":{"@id":"https:\/\/magazineluxe.com\/fr\/lisbonne-dieu-veut-lhomme-reve-loeuvre-nait\/#primaryimage"},"thumbnailUrl":"https:\/\/magazineluxe.com\/wp-content\/uploads\/2019\/11\/Lisbon.jpg","datePublished":"2017-03-14T19:03:13+00:00","dateModified":"2020-02-27T21:28:45+00:00","author":{"@id":"https:\/\/magazineluxe.com\/fr\/#\/schema\/person\/8adc55c929911b0b55d79cb0e89a2078"},"breadcrumb":{"@id":"https:\/\/magazineluxe.com\/fr\/lisbonne-dieu-veut-lhomme-reve-loeuvre-nait\/#breadcrumb"},"inLanguage":"fr-FR","potentialAction":[{"@type":"ReadAction","target":["https:\/\/magazineluxe.com\/fr\/lisbonne-dieu-veut-lhomme-reve-loeuvre-nait\/"]}]},{"@type":"ImageObject","inLanguage":"fr-FR","@id":"https:\/\/magazineluxe.com\/fr\/lisbonne-dieu-veut-lhomme-reve-loeuvre-nait\/#primaryimage","url":"https:\/\/magazineluxe.com\/wp-content\/uploads\/2019\/11\/Lisbon.jpg","contentUrl":"https:\/\/magazineluxe.com\/wp-content\/uploads\/2019\/11\/Lisbon.jpg","width":1920,"height":1280},{"@type":"BreadcrumbList","@id":"https:\/\/magazineluxe.com\/fr\/lisbonne-dieu-veut-lhomme-reve-loeuvre-nait\/#breadcrumb","itemListElement":[{"@type":"ListItem","position":1,"name":"Accueil","item":"https:\/\/magazineluxe.com\/fr\/"},{"@type":"ListItem","position":2,"name":"Lisbonne : \u00ab Dieu veut, l\u2019homme r\u00eave, l\u2019\u0153uvre na\u00eet \u00bb"}]},{"@type":"WebSite","@id":"https:\/\/magazineluxe.com\/fr\/#website","url":"https:\/\/magazineluxe.com\/fr\/","name":"MAGAZINE LUXE - Immobilier | Design | Art de vivre","description":"MAGAZINE LUXE - Immobilier | Design | Art de vivre","potentialAction":[{"@type":"SearchAction","target":{"@type":"EntryPoint","urlTemplate":"https:\/\/magazineluxe.com\/fr\/?s={search_term_string}"},"query-input":{"@type":"PropertyValueSpecification","valueRequired":true,"valueName":"search_term_string"}}],"inLanguage":"fr-FR"},{"@type":"Person","@id":"https:\/\/magazineluxe.com\/fr\/#\/schema\/person\/8adc55c929911b0b55d79cb0e89a2078","name":"\u00c2tma","image":{"@type":"ImageObject","inLanguage":"fr-FR","@id":"https:\/\/secure.gravatar.com\/avatar\/8f040abb094cad542949c1488512389277711ac5ee0e395bbebaa2573f7a2377?s=96&d=mm&r=g","url":"https:\/\/secure.gravatar.com\/avatar\/8f040abb094cad542949c1488512389277711ac5ee0e395bbebaa2573f7a2377?s=96&d=mm&r=g","contentUrl":"https:\/\/secure.gravatar.com\/avatar\/8f040abb094cad542949c1488512389277711ac5ee0e395bbebaa2573f7a2377?s=96&d=mm&r=g","caption":"\u00c2tma"},"url":"https:\/\/magazineluxe.com\/fr\/author\/atma\/"}]}},"_links":{"self":[{"href":"https:\/\/magazineluxe.com\/fr\/wp-json\/wp\/v2\/posts\/14292","targetHints":{"allow":["GET"]}}],"collection":[{"href":"https:\/\/magazineluxe.com\/fr\/wp-json\/wp\/v2\/posts"}],"about":[{"href":"https:\/\/magazineluxe.com\/fr\/wp-json\/wp\/v2\/types\/post"}],"author":[{"embeddable":true,"href":"https:\/\/magazineluxe.com\/fr\/wp-json\/wp\/v2\/users\/710"}],"replies":[{"embeddable":true,"href":"https:\/\/magazineluxe.com\/fr\/wp-json\/wp\/v2\/comments?post=14292"}],"version-history":[{"count":5,"href":"https:\/\/magazineluxe.com\/fr\/wp-json\/wp\/v2\/posts\/14292\/revisions"}],"predecessor-version":[{"id":14304,"href":"https:\/\/magazineluxe.com\/fr\/wp-json\/wp\/v2\/posts\/14292\/revisions\/14304"}],"wp:featuredmedia":[{"embeddable":true,"href":"https:\/\/magazineluxe.com\/fr\/wp-json\/wp\/v2\/media\/14293"}],"wp:attachment":[{"href":"https:\/\/magazineluxe.com\/fr\/wp-json\/wp\/v2\/media?parent=14292"}],"wp:term":[{"taxonomy":"category","embeddable":true,"href":"https:\/\/magazineluxe.com\/fr\/wp-json\/wp\/v2\/categories?post=14292"},{"taxonomy":"post_tag","embeddable":true,"href":"https:\/\/magazineluxe.com\/fr\/wp-json\/wp\/v2\/tags?post=14292"}],"curies":[{"name":"wp","href":"https:\/\/api.w.org\/{rel}","templated":true}]}}