{"id":14902,"date":"2020-02-17T16:25:10","date_gmt":"2020-02-17T21:25:10","guid":{"rendered":"https:\/\/magazineluxe.com\/?p=14902"},"modified":"2024-07-24T15:53:43","modified_gmt":"2024-07-24T19:53:43","slug":"serge-maillard-une-affaire-de-famille","status":"publish","type":"post","link":"https:\/\/magazineluxe.com\/fr\/serge-maillard-une-affaire-de-famille\/","title":{"rendered":"Serge Maillard : une affaire de famille"},"content":{"rendered":"<p><b>Sous la direction d\u2019une m\u00eame famille depuis 1927, le magazine Europa Star est la r\u00e9f\u00e9rence en mati\u00e8re d\u2019horlogerie. Diffus\u00e9 dans plus de 170 pays et comptant cinq publications par ann\u00e9e, il reste fid\u00e8le \u00e0 l\u2019\u00e9tat d\u2019esprit de son fondateur, le Suisse Hugo Buchser, plus de cinquante ans apr\u00e8s sa disparition. De passage dans la m\u00e9tropole pour le Salon de Montr\u00e9al, premier \u00e9v\u00e9nement consacr\u00e9 au domaine horloger au Qu\u00e9bec, Serge Maillard, \u00e9diteur d\u2019Europa Star et repr\u00e9sentant de la quatri\u00e8me g\u00e9n\u00e9ration de l\u2019entreprise, a accord\u00e9 cette entrevue \u00e0 LUXE.<\/b><\/p>\n<p>&nbsp;<\/p>\n<p><a href=\"https:\/\/magazineluxe.com\/wp-content\/uploads\/2020\/02\/Serge-Maillard-Europa-Star.jpg\"><img loading=\"lazy\" decoding=\"async\" class=\"aligncenter wp-image-14896 size-medium\" src=\"https:\/\/magazineluxe.com\/wp-content\/uploads\/2020\/02\/Serge-Maillard-Europa-Star-272x300.jpg\" alt=\"\" width=\"272\" height=\"300\" srcset=\"https:\/\/magazineluxe.com\/wp-content\/uploads\/2020\/02\/Serge-Maillard-Europa-Star-272x300.jpg 272w, https:\/\/magazineluxe.com\/wp-content\/uploads\/2020\/02\/Serge-Maillard-Europa-Star-768x848.jpg 768w, https:\/\/magazineluxe.com\/wp-content\/uploads\/2020\/02\/Serge-Maillard-Europa-Star.jpg 906w\" sizes=\"auto, (max-width: 272px) 100vw, 272px\" \/><\/a><\/p>\n<h6 style=\"text-align: center;\">Serge Maillard, \u00e9diteur d\u2019Europa Star<\/h6>\n<h4><b>Europa Star a \u00e9t\u00e9 fond\u00e9 par votre arri\u00e8re-grand-p\u00e8re, Hugo Buchser, dans les ann\u00e9es\u00a01920. Racontez-nous comment tout cela a commenc\u00e9.<\/b><\/h4>\n<p>Mon arri\u00e8re-grand-p\u00e8re poss\u00e9dait une marque de montres dans les ann\u00e9es 1920 du nom de Transmarine. Il voyageait partout dans le monde pour vendre ses montres. En 1927, il a eu l\u2019id\u00e9e de cr\u00e9er une maison d\u2019\u00e9dition ayant pour mission de connecter les acteurs du monde horloger. Rappelons-nous qu\u2019Internet n\u2019existait pas! Des guides regroupant les adresses des horlogers, des fournisseurs et des professionnels de l\u2019industrie ont \u00e9t\u00e9 publi\u00e9s. Progressivement, il a \u00e9tabli un r\u00e9seau de magazines, en Am\u00e9rique latine d\u2019abord, puis au Moyen-Orient. En 1959, il a cibl\u00e9 le march\u00e9 europ\u00e9en en fondant Europa Star. Un peu plus tard, il a cr\u00e9\u00e9 une revue pour le march\u00e9 du Bloc de l\u2019Est. Je saute quelques \u00e9tapes pour en arriver aux ann\u00e9es\u00a01990, avec l\u2019apparition de l\u2019Internet. Nous avons \u00e9t\u00e9 des pionniers dans le monde horloger avec un site Web d\u00e9di\u00e9 \u00e0 cette industrie. Nous avons au m\u00eame moment lanc\u00e9 une revue en chinois. Aujourd\u2019hui, cela fait quatre g\u00e9n\u00e9rations que l\u2019entreprise existe. Nous continuons constamment d\u2019innover, avec notamment la num\u00e9risation r\u00e9cente de nos archives.<\/p>\n<p>&nbsp;<\/p>\n<p><a href=\"https:\/\/magazineluxe.com\/wp-content\/uploads\/2020\/02\/Europa-Star-1.jpg\"><img loading=\"lazy\" decoding=\"async\" class=\"aligncenter wp-image-14888 size-full\" src=\"https:\/\/magazineluxe.com\/wp-content\/uploads\/2020\/02\/Europa-Star-1.jpg\" alt=\"\" width=\"1000\" height=\"804\" srcset=\"https:\/\/magazineluxe.com\/wp-content\/uploads\/2020\/02\/Europa-Star-1.jpg 1000w, https:\/\/magazineluxe.com\/wp-content\/uploads\/2020\/02\/Europa-Star-1-300x241.jpg 300w, https:\/\/magazineluxe.com\/wp-content\/uploads\/2020\/02\/Europa-Star-1-768x617.jpg 768w\" sizes=\"auto, (max-width: 1000px) 100vw, 1000px\" \/><\/a><\/p>\n<h6 style=\"text-align: center;\">Hugo Buchser, lors d\u2019un de ses voyages<\/h6>\n<h4><b>Parlons justement de vos archives. Vous avez entrepris cette ann\u00e9e de num\u00e9riser vos publications depuis 1959. Un travail titanesque\u2026<\/b><\/h4>\n<p>Oui. Et ce n\u2019est pas fini. Nous avons au total 300\u2009000 pages \u00e0 num\u00e9riser. Nous avons jusqu\u2019\u00e0 maintenant num\u00e9ris\u00e9 plus de 100\u00a0000 pages depuis 1950. Petit \u00e0 petit, nous comptons num\u00e9riser toutes nos publications depuis 1927, date du premier guide fond\u00e9 par Hugo Buchser.<\/p>\n<h4><b>\u00c0 qui cette banque de donn\u00e9es num\u00e9rique s\u2019adresse-t-elle?<\/b><\/h4>\n<p>En premier lieu, \u00e0 la communaut\u00e9 horlog\u00e8re\u00a0: aux marques, d\u00e9taillants et collectionneurs. Tout le monde fait aujourd\u2019hui des recherches sur les montres, que ce soit des professionnels ou des particuliers. Comme c\u2019est toute la revue qui est mise en ligne, elle refl\u00e8te tr\u00e8s bien le contexte de l\u2019\u00e9poque. Cette num\u00e9risation est une belle solution pour mettre en avant un important patrimoine.<\/p>\n<h4><b>\u00c0 travers vos archives, on d\u00e9couvre effectivement l\u2019histoire de la montre, mais aussi des pans de l\u2019histoire en g\u00e9n\u00e9ral. Parlez-nous de la montre Omega.<\/b><\/h4>\n<p>R\u00e9cemment, un historien s\u2019est servi de nos archives pour r\u00e9diger un article sur la conqu\u00eate de l\u2019espace. La marque Omega est en effet \u00e9troitement li\u00e9e aux missions de l\u2019homme sur la Lune. Mais avant elle, il y avait aussi Breitling ou Bulova. Il y a eu une comp\u00e9tition f\u00e9roce entre les marques pour s\u00e9duire la NASA. Aujourd\u2019hui, on peut se demander quel horloger \u00e9quipera la NASA ou Elon Musk pour aller sur Mars!<\/p>\n<p>&nbsp;<\/p>\n<p><a href=\"https:\/\/magazineluxe.com\/wp-content\/uploads\/2020\/02\/Europa-Star-4.png\"><img loading=\"lazy\" decoding=\"async\" class=\"aligncenter wp-image-14894 size-full\" src=\"https:\/\/magazineluxe.com\/wp-content\/uploads\/2020\/02\/Europa-Star-4.png\" alt=\"\" width=\"689\" height=\"1000\" srcset=\"https:\/\/magazineluxe.com\/wp-content\/uploads\/2020\/02\/Europa-Star-4.png 689w, https:\/\/magazineluxe.com\/wp-content\/uploads\/2020\/02\/Europa-Star-4-207x300.png 207w\" sizes=\"auto, (max-width: 689px) 100vw, 689px\" \/><\/a><\/p>\n<h4><b>Comment peut-on avoir acc\u00e8s \u00e0 vos archives?<\/b><\/h4>\n<p>Plusieurs abonnements annuels sont offerts. Certains donnent droit aux archives et au magazine papier, d\u2019autres aux archives et au magazine \u00e9lectronique. Nos abonn\u00e9s ont \u00e9galement un acc\u00e8s exclusif aux articles qui ont le plus de valeur ajout\u00e9e. Tous les tarifs peuvent \u00eatre consult\u00e9s sur notre site Web. Ce sont des forfaits de lancement. Nous invitons donc le public \u00e0 en profiter d\u00e8s maintenant. Chaque ann\u00e9e, nos lecteurs profiteront de nouveaux contenus puisque, en plus de nouveaux articles, nous continuerons de num\u00e9riser progressivement nos archives.<\/p>\n<h4><b>Votre publication est ce qu\u2019on appelle un \u00ab\u00a0mook\u00a0\u00bb, \u00e0 mi-chemin entre le magazine et le livre. Expliquez-nous ce concept. <\/b><\/h4>\n<p>Il s\u2019agit d\u2019un concept innovant compos\u00e9 de deux parties : Time.Business et Time.Keeper. Comme son nom l\u2019indique, la rubrique Time.Business est consacr\u00e9e aux grands dossiers du moment et aux questions de fond qui dessineront le futur de l\u2019horlogerie. Quant \u00e0 la rubrique Time.Keeper, elle se consacre au produit, aux tendances esth\u00e9tiques, aux \u00e9volutions techniques et aux acteurs de l\u2019industrie horlog\u00e8re. Nos grands dossiers peuvent avoir jusqu\u2019\u00e0 50 pages. Dans notre dernier num\u00e9ro, nous avons par exemple trait\u00e9 du march\u00e9 chinois, de l\u2019histoire de la montre en Chine, de ses acteurs, etc. Notre revue se lit comme un livre et peut \u00eatre conserv\u00e9e longtemps.<\/p>\n<p>&nbsp;<\/p>\n<p><a href=\"https:\/\/magazineluxe.com\/wp-content\/uploads\/2020\/02\/Europa-Star-2.jpg\"><img loading=\"lazy\" decoding=\"async\" class=\"aligncenter size-full wp-image-14890\" src=\"https:\/\/magazineluxe.com\/wp-content\/uploads\/2020\/02\/Europa-Star-2.jpg\" alt=\"\" width=\"774\" height=\"1000\" srcset=\"https:\/\/magazineluxe.com\/wp-content\/uploads\/2020\/02\/Europa-Star-2.jpg 774w, https:\/\/magazineluxe.com\/wp-content\/uploads\/2020\/02\/Europa-Star-2-232x300.jpg 232w, https:\/\/magazineluxe.com\/wp-content\/uploads\/2020\/02\/Europa-Star-2-768x992.jpg 768w\" sizes=\"auto, (max-width: 774px) 100vw, 774px\" \/><\/a><\/p>\n<h4><b>Comment expliquez-vous la long\u00e9vit\u00e9 de votre magazine?<\/b><\/h4>\n<p>Le fait d\u2019\u00eatre une petite structure et une entreprise familiale aide \u00e0 avoir une certaine flexibilit\u00e9 et une marge de man\u0153uvre. Notre \u00e9quipe \u00e9ditoriale\u00a0est compos\u00e9e de mon oncle Pierre Maillard et de moi-m\u00eame. Notre ton est identifiable. Nous partageons aussi une certaine id\u00e9e du journalisme\u00a0: celle de toujours apporter une valeur ajout\u00e9e par nos articles. C\u2019est tr\u00e8s important, surtout \u00e0 l\u2019heure o\u00f9 l\u2019information semble gratuite.<\/p>\n<p>&nbsp;<\/p>\n<p><strong><a href=\"https:\/\/www.europastar.com\" target=\"_blank\" rel=\"noopener noreferrer\">www.europastar.com<\/a><\/strong><\/p>\n<p>&nbsp;<\/p>\n<p>&nbsp;<\/p>\n<p>Pour tout abonnement au Magazine LUXE, b\u00e9n\u00e9ficiez d\u2019un tarif privil\u00e9gi\u00e9 sur votre abonnement \u00e0 la revue Europa Star.<\/p>\n<ul>\n<li>Abonnement \u00e0 LUXE\n<ul>\n<li>3 magazines imprim\u00e9s\/an livr\u00e9s \u00e0 votre porte ou en version \u00e9lectronique<\/li>\n<\/ul>\n<\/li>\n<li>Abonnement \u00e0 Europa Star pour 79\u00a0$ US au lieu de 99\u00a0$ US\n<ul>\n<li>5 magazines imprim\u00e9s\/an livr\u00e9s \u00e0 votre porte<\/li>\n<\/ul>\n<\/li>\n<\/ul>\n<p>OU<\/p>\n<ul>\n<li style=\"list-style-type: none;\">\n<ul>\n<li>5 magazines en version \u00e9lectronique<\/li>\n<li>Acc\u00e8s complet aux archives de 1950 \u00e0 2020<\/li>\n<li>Acc\u00e8s illimit\u00e9 aux articles r\u00e9serv\u00e9s aux membres<\/li>\n<li>Abonnement complet pour 150 $ US au lieu de 199 $ US<\/li>\n<\/ul>\n<\/li>\n<\/ul>\n<p>Abonnez-vous d\u00e8s aujourd\u2019hui\u00a0au Magazine LUXE. Vous recevrez un code sp\u00e9cial qui vous permettra d\u2019obtenir le rabais sur votre abonnement \u00e0 Europa Star.<\/p>\n<p>&nbsp;<\/p>\n<p>&nbsp;<\/p>\n<p>Texte : Diane Stehle<\/p>\n","protected":false},"excerpt":{"rendered":"<p>Sous la direction d\u2019une m\u00eame famille depuis 1927, le magazine Europa Star est la r\u00e9f\u00e9rence en mati\u00e8re d\u2019horlogerie. Diffus\u00e9 dans plus de 170 pays et comptant cinq publications par ann\u00e9e, il reste fid\u00e8le \u00e0 l\u2019\u00e9tat d\u2019esprit de son fondateur, le Suisse Hugo Buchser, plus de cinquante ans apr\u00e8s sa disparition. De passage dans la m\u00e9tropole pour le Salon de Montr\u00e9al, premier \u00e9v\u00e9nement consacr\u00e9 au domaine horloger au Qu\u00e9bec, Serge Maillard, \u00e9diteur d\u2019Europa Star et repr\u00e9sentant de la quatri\u00e8me g\u00e9n\u00e9ration de l\u2019entreprise, a accord\u00e9 cette entrevue \u00e0 LUXE. &nbsp; Serge Maillard, \u00e9diteur d\u2019Europa Star Europa Star a \u00e9t\u00e9 fond\u00e9 par votre arri\u00e8re-grand-p\u00e8re, Hugo Buchser, dans les ann\u00e9es\u00a01920. Racontez-nous comment tout cela a commenc\u00e9. Mon arri\u00e8re-grand-p\u00e8re poss\u00e9dait une marque de montres dans les ann\u00e9es 1920 du nom de Transmarine. Il voyageait partout dans le monde pour vendre ses montres. En 1927, il a eu l\u2019id\u00e9e de cr\u00e9er une maison d\u2019\u00e9dition ayant pour mission de connecter les acteurs du monde horloger. Rappelons-nous qu\u2019Internet n\u2019existait pas! Des guides regroupant les adresses des horlogers, des fournisseurs et des professionnels de l\u2019industrie ont \u00e9t\u00e9 publi\u00e9s. Progressivement, il a \u00e9tabli un r\u00e9seau de magazines, en Am\u00e9rique latine d\u2019abord, puis au Moyen-Orient. En 1959, il a cibl\u00e9 le [&hellip;]<\/p>\n","protected":false},"author":710,"featured_media":14893,"comment_status":"closed","ping_status":"closed","sticky":false,"template":"","format":"standard","meta":{"_monsterinsights_skip_tracking":false,"_monsterinsights_sitenote_active":false,"_monsterinsights_sitenote_note":"","_monsterinsights_sitenote_category":0,"footnotes":""},"categories":[991,201],"tags":[],"class_list":["post-14902","post","type-post","status-publish","format-standard","has-post-thumbnail","hentry","category-passions","category-mode"],"yoast_head":"<!-- This site is optimized with the Yoast SEO plugin v27.4 - https:\/\/yoast.com\/product\/yoast-seo-wordpress\/ -->\n<title>Serge Maillard Une affaire de famille I Magazine LUXE<\/title>\n<meta name=\"description\" content=\"Sous la direction d\u2019une m\u00eame famille depuis 1927, le magazine Europa Star est la r\u00e9f\u00e9rence en mati\u00e8re d\u2019horlogerie. Diffus\u00e9 dans plus de 170 pays et comptant cinq publications par ann\u00e9e, il reste fid\u00e8le \u00e0 l\u2019\u00e9tat d\u2019esprit de son fondateur, le Suisse Hugo Buchser, plus de cinquante ans apr\u00e8s sa disparition. De passage dans la m\u00e9tropole pour le Salon de Montr\u00e9al, premier \u00e9v\u00e9nement consacr\u00e9 au domaine horloger au Qu\u00e9bec, Serge Maillard, \u00e9diteur d\u2019Europa Star et repr\u00e9sentant de la quatri\u00e8me g\u00e9n\u00e9ration de l\u2019entreprise, a accord\u00e9 cette entrevue \u00e0 LUXE.\" \/>\n<meta name=\"robots\" content=\"index, follow, max-snippet:-1, max-image-preview:large, max-video-preview:-1\" \/>\n<link rel=\"canonical\" href=\"https:\/\/magazineluxe.com\/fr\/serge-maillard-une-affaire-de-famille\/\" \/>\n<meta property=\"og:locale\" content=\"fr_FR\" \/>\n<meta property=\"og:type\" content=\"article\" \/>\n<meta property=\"og:title\" content=\"Serge Maillard Une affaire de famille I Magazine LUXE\" \/>\n<meta property=\"og:description\" content=\"Sous la direction d\u2019une m\u00eame famille depuis 1927, le magazine Europa Star est la r\u00e9f\u00e9rence en mati\u00e8re d\u2019horlogerie. Diffus\u00e9 dans plus de 170 pays et comptant cinq publications par ann\u00e9e, il reste fid\u00e8le \u00e0 l\u2019\u00e9tat d\u2019esprit de son fondateur, le Suisse Hugo Buchser, plus de cinquante ans apr\u00e8s sa disparition. De passage dans la m\u00e9tropole pour le Salon de Montr\u00e9al, premier \u00e9v\u00e9nement consacr\u00e9 au domaine horloger au Qu\u00e9bec, Serge Maillard, \u00e9diteur d\u2019Europa Star et repr\u00e9sentant de la quatri\u00e8me g\u00e9n\u00e9ration de l\u2019entreprise, a accord\u00e9 cette entrevue \u00e0 LUXE.\" \/>\n<meta property=\"og:url\" content=\"https:\/\/magazineluxe.com\/fr\/serge-maillard-une-affaire-de-famille\/\" \/>\n<meta property=\"og:site_name\" content=\"MAGAZINE LUXE - Immobilier | Design | Art de vivre\" \/>\n<meta property=\"article:published_time\" content=\"2020-02-17T21:25:10+00:00\" \/>\n<meta property=\"article:modified_time\" content=\"2024-07-24T19:53:43+00:00\" \/>\n<meta property=\"og:image\" content=\"https:\/\/magazineluxe.com\/wp-content\/uploads\/2020\/02\/Europa-Star-3.jpg\" \/>\n\t<meta property=\"og:image:width\" content=\"1920\" \/>\n\t<meta property=\"og:image:height\" content=\"1280\" \/>\n\t<meta property=\"og:image:type\" content=\"image\/jpeg\" \/>\n<meta name=\"author\" content=\"\u00c2tma\" \/>\n<meta name=\"twitter:card\" content=\"summary_large_image\" \/>\n<meta name=\"twitter:image\" content=\"https:\/\/magazineluxe.com\/wp-content\/uploads\/2020\/02\/Europa-Star-3.jpg\" \/>\n<meta name=\"twitter:label1\" content=\"\u00c9crit par\" \/>\n\t<meta name=\"twitter:data1\" content=\"\u00c2tma\" \/>\n\t<meta name=\"twitter:label2\" content=\"Dur\u00e9e de lecture estim\u00e9e\" \/>\n\t<meta name=\"twitter:data2\" content=\"6 minutes\" \/>\n<script type=\"application\/ld+json\" class=\"yoast-schema-graph\">{\"@context\":\"https:\\\/\\\/schema.org\",\"@graph\":[{\"@type\":\"Article\",\"@id\":\"https:\\\/\\\/magazineluxe.com\\\/fr\\\/serge-maillard-une-affaire-de-famille\\\/#article\",\"isPartOf\":{\"@id\":\"https:\\\/\\\/magazineluxe.com\\\/fr\\\/serge-maillard-une-affaire-de-famille\\\/\"},\"author\":{\"name\":\"\u00c2tma\",\"@id\":\"https:\\\/\\\/magazineluxe.com\\\/fr\\\/#\\\/schema\\\/person\\\/8adc55c929911b0b55d79cb0e89a2078\"},\"headline\":\"Serge Maillard : une affaire de famille\",\"datePublished\":\"2020-02-17T21:25:10+00:00\",\"dateModified\":\"2024-07-24T19:53:43+00:00\",\"mainEntityOfPage\":{\"@id\":\"https:\\\/\\\/magazineluxe.com\\\/fr\\\/serge-maillard-une-affaire-de-famille\\\/\"},\"wordCount\":1029,\"image\":{\"@id\":\"https:\\\/\\\/magazineluxe.com\\\/fr\\\/serge-maillard-une-affaire-de-famille\\\/#primaryimage\"},\"thumbnailUrl\":\"https:\\\/\\\/magazineluxe.com\\\/wp-content\\\/uploads\\\/2020\\\/02\\\/Europa-Star-3.jpg\",\"articleSection\":[\"Lifestyle\",\"Mode\"],\"inLanguage\":\"fr-FR\"},{\"@type\":\"WebPage\",\"@id\":\"https:\\\/\\\/magazineluxe.com\\\/fr\\\/serge-maillard-une-affaire-de-famille\\\/\",\"url\":\"https:\\\/\\\/magazineluxe.com\\\/fr\\\/serge-maillard-une-affaire-de-famille\\\/\",\"name\":\"Serge Maillard Une affaire de famille I Magazine LUXE\",\"isPartOf\":{\"@id\":\"https:\\\/\\\/magazineluxe.com\\\/fr\\\/#website\"},\"primaryImageOfPage\":{\"@id\":\"https:\\\/\\\/magazineluxe.com\\\/fr\\\/serge-maillard-une-affaire-de-famille\\\/#primaryimage\"},\"image\":{\"@id\":\"https:\\\/\\\/magazineluxe.com\\\/fr\\\/serge-maillard-une-affaire-de-famille\\\/#primaryimage\"},\"thumbnailUrl\":\"https:\\\/\\\/magazineluxe.com\\\/wp-content\\\/uploads\\\/2020\\\/02\\\/Europa-Star-3.jpg\",\"datePublished\":\"2020-02-17T21:25:10+00:00\",\"dateModified\":\"2024-07-24T19:53:43+00:00\",\"author\":{\"@id\":\"https:\\\/\\\/magazineluxe.com\\\/fr\\\/#\\\/schema\\\/person\\\/8adc55c929911b0b55d79cb0e89a2078\"},\"description\":\"Sous la direction d\u2019une m\u00eame famille depuis 1927, le magazine Europa Star est la r\u00e9f\u00e9rence en mati\u00e8re d\u2019horlogerie. Diffus\u00e9 dans plus de 170 pays et comptant cinq publications par ann\u00e9e, il reste fid\u00e8le \u00e0 l\u2019\u00e9tat d\u2019esprit de son fondateur, le Suisse Hugo Buchser, plus de cinquante ans apr\u00e8s sa disparition. De passage dans la m\u00e9tropole pour le Salon de Montr\u00e9al, premier \u00e9v\u00e9nement consacr\u00e9 au domaine horloger au Qu\u00e9bec, Serge Maillard, \u00e9diteur d\u2019Europa Star et repr\u00e9sentant de la quatri\u00e8me g\u00e9n\u00e9ration de l\u2019entreprise, a accord\u00e9 cette entrevue \u00e0 LUXE.\",\"breadcrumb\":{\"@id\":\"https:\\\/\\\/magazineluxe.com\\\/fr\\\/serge-maillard-une-affaire-de-famille\\\/#breadcrumb\"},\"inLanguage\":\"fr-FR\",\"potentialAction\":[{\"@type\":\"ReadAction\",\"target\":[\"https:\\\/\\\/magazineluxe.com\\\/fr\\\/serge-maillard-une-affaire-de-famille\\\/\"]}]},{\"@type\":\"ImageObject\",\"inLanguage\":\"fr-FR\",\"@id\":\"https:\\\/\\\/magazineluxe.com\\\/fr\\\/serge-maillard-une-affaire-de-famille\\\/#primaryimage\",\"url\":\"https:\\\/\\\/magazineluxe.com\\\/wp-content\\\/uploads\\\/2020\\\/02\\\/Europa-Star-3.jpg\",\"contentUrl\":\"https:\\\/\\\/magazineluxe.com\\\/wp-content\\\/uploads\\\/2020\\\/02\\\/Europa-Star-3.jpg\",\"width\":1920,\"height\":1280},{\"@type\":\"BreadcrumbList\",\"@id\":\"https:\\\/\\\/magazineluxe.com\\\/fr\\\/serge-maillard-une-affaire-de-famille\\\/#breadcrumb\",\"itemListElement\":[{\"@type\":\"ListItem\",\"position\":1,\"name\":\"Accueil\",\"item\":\"https:\\\/\\\/magazineluxe.com\\\/fr\\\/\"},{\"@type\":\"ListItem\",\"position\":2,\"name\":\"Serge Maillard : une affaire de famille\"}]},{\"@type\":\"WebSite\",\"@id\":\"https:\\\/\\\/magazineluxe.com\\\/fr\\\/#website\",\"url\":\"https:\\\/\\\/magazineluxe.com\\\/fr\\\/\",\"name\":\"MAGAZINE LUXE - Immobilier | Design | Art de vivre\",\"description\":\"MAGAZINE LUXE - Immobilier | Design | Art de vivre\",\"potentialAction\":[{\"@type\":\"SearchAction\",\"target\":{\"@type\":\"EntryPoint\",\"urlTemplate\":\"https:\\\/\\\/magazineluxe.com\\\/fr\\\/?s={search_term_string}\"},\"query-input\":{\"@type\":\"PropertyValueSpecification\",\"valueRequired\":true,\"valueName\":\"search_term_string\"}}],\"inLanguage\":\"fr-FR\"},{\"@type\":\"Person\",\"@id\":\"https:\\\/\\\/magazineluxe.com\\\/fr\\\/#\\\/schema\\\/person\\\/8adc55c929911b0b55d79cb0e89a2078\",\"name\":\"\u00c2tma\",\"image\":{\"@type\":\"ImageObject\",\"inLanguage\":\"fr-FR\",\"@id\":\"https:\\\/\\\/secure.gravatar.com\\\/avatar\\\/8f040abb094cad542949c1488512389277711ac5ee0e395bbebaa2573f7a2377?s=96&d=mm&r=g\",\"url\":\"https:\\\/\\\/secure.gravatar.com\\\/avatar\\\/8f040abb094cad542949c1488512389277711ac5ee0e395bbebaa2573f7a2377?s=96&d=mm&r=g\",\"contentUrl\":\"https:\\\/\\\/secure.gravatar.com\\\/avatar\\\/8f040abb094cad542949c1488512389277711ac5ee0e395bbebaa2573f7a2377?s=96&d=mm&r=g\",\"caption\":\"\u00c2tma\"},\"url\":\"https:\\\/\\\/magazineluxe.com\\\/fr\\\/author\\\/atma\\\/\"}]}<\/script>\n<!-- \/ Yoast SEO plugin. -->","yoast_head_json":{"title":"Serge Maillard Une affaire de famille I Magazine LUXE","description":"Sous la direction d\u2019une m\u00eame famille depuis 1927, le magazine Europa Star est la r\u00e9f\u00e9rence en mati\u00e8re d\u2019horlogerie. Diffus\u00e9 dans plus de 170 pays et comptant cinq publications par ann\u00e9e, il reste fid\u00e8le \u00e0 l\u2019\u00e9tat d\u2019esprit de son fondateur, le Suisse Hugo Buchser, plus de cinquante ans apr\u00e8s sa disparition. De passage dans la m\u00e9tropole pour le Salon de Montr\u00e9al, premier \u00e9v\u00e9nement consacr\u00e9 au domaine horloger au Qu\u00e9bec, Serge Maillard, \u00e9diteur d\u2019Europa Star et repr\u00e9sentant de la quatri\u00e8me g\u00e9n\u00e9ration de l\u2019entreprise, a accord\u00e9 cette entrevue \u00e0 LUXE.","robots":{"index":"index","follow":"follow","max-snippet":"max-snippet:-1","max-image-preview":"max-image-preview:large","max-video-preview":"max-video-preview:-1"},"canonical":"https:\/\/magazineluxe.com\/fr\/serge-maillard-une-affaire-de-famille\/","og_locale":"fr_FR","og_type":"article","og_title":"Serge Maillard Une affaire de famille I Magazine LUXE","og_description":"Sous la direction d\u2019une m\u00eame famille depuis 1927, le magazine Europa Star est la r\u00e9f\u00e9rence en mati\u00e8re d\u2019horlogerie. Diffus\u00e9 dans plus de 170 pays et comptant cinq publications par ann\u00e9e, il reste fid\u00e8le \u00e0 l\u2019\u00e9tat d\u2019esprit de son fondateur, le Suisse Hugo Buchser, plus de cinquante ans apr\u00e8s sa disparition. De passage dans la m\u00e9tropole pour le Salon de Montr\u00e9al, premier \u00e9v\u00e9nement consacr\u00e9 au domaine horloger au Qu\u00e9bec, Serge Maillard, \u00e9diteur d\u2019Europa Star et repr\u00e9sentant de la quatri\u00e8me g\u00e9n\u00e9ration de l\u2019entreprise, a accord\u00e9 cette entrevue \u00e0 LUXE.","og_url":"https:\/\/magazineluxe.com\/fr\/serge-maillard-une-affaire-de-famille\/","og_site_name":"MAGAZINE LUXE - Immobilier | Design | Art de vivre","article_published_time":"2020-02-17T21:25:10+00:00","article_modified_time":"2024-07-24T19:53:43+00:00","og_image":[{"width":1920,"height":1280,"url":"https:\/\/magazineluxe.com\/wp-content\/uploads\/2020\/02\/Europa-Star-3.jpg","type":"image\/jpeg"}],"author":"\u00c2tma","twitter_card":"summary_large_image","twitter_image":"https:\/\/magazineluxe.com\/wp-content\/uploads\/2020\/02\/Europa-Star-3.jpg","twitter_misc":{"\u00c9crit par":"\u00c2tma","Dur\u00e9e de lecture estim\u00e9e":"6 minutes"},"schema":{"@context":"https:\/\/schema.org","@graph":[{"@type":"Article","@id":"https:\/\/magazineluxe.com\/fr\/serge-maillard-une-affaire-de-famille\/#article","isPartOf":{"@id":"https:\/\/magazineluxe.com\/fr\/serge-maillard-une-affaire-de-famille\/"},"author":{"name":"\u00c2tma","@id":"https:\/\/magazineluxe.com\/fr\/#\/schema\/person\/8adc55c929911b0b55d79cb0e89a2078"},"headline":"Serge Maillard : une affaire de famille","datePublished":"2020-02-17T21:25:10+00:00","dateModified":"2024-07-24T19:53:43+00:00","mainEntityOfPage":{"@id":"https:\/\/magazineluxe.com\/fr\/serge-maillard-une-affaire-de-famille\/"},"wordCount":1029,"image":{"@id":"https:\/\/magazineluxe.com\/fr\/serge-maillard-une-affaire-de-famille\/#primaryimage"},"thumbnailUrl":"https:\/\/magazineluxe.com\/wp-content\/uploads\/2020\/02\/Europa-Star-3.jpg","articleSection":["Lifestyle","Mode"],"inLanguage":"fr-FR"},{"@type":"WebPage","@id":"https:\/\/magazineluxe.com\/fr\/serge-maillard-une-affaire-de-famille\/","url":"https:\/\/magazineluxe.com\/fr\/serge-maillard-une-affaire-de-famille\/","name":"Serge Maillard Une affaire de famille I Magazine LUXE","isPartOf":{"@id":"https:\/\/magazineluxe.com\/fr\/#website"},"primaryImageOfPage":{"@id":"https:\/\/magazineluxe.com\/fr\/serge-maillard-une-affaire-de-famille\/#primaryimage"},"image":{"@id":"https:\/\/magazineluxe.com\/fr\/serge-maillard-une-affaire-de-famille\/#primaryimage"},"thumbnailUrl":"https:\/\/magazineluxe.com\/wp-content\/uploads\/2020\/02\/Europa-Star-3.jpg","datePublished":"2020-02-17T21:25:10+00:00","dateModified":"2024-07-24T19:53:43+00:00","author":{"@id":"https:\/\/magazineluxe.com\/fr\/#\/schema\/person\/8adc55c929911b0b55d79cb0e89a2078"},"description":"Sous la direction d\u2019une m\u00eame famille depuis 1927, le magazine Europa Star est la r\u00e9f\u00e9rence en mati\u00e8re d\u2019horlogerie. Diffus\u00e9 dans plus de 170 pays et comptant cinq publications par ann\u00e9e, il reste fid\u00e8le \u00e0 l\u2019\u00e9tat d\u2019esprit de son fondateur, le Suisse Hugo Buchser, plus de cinquante ans apr\u00e8s sa disparition. De passage dans la m\u00e9tropole pour le Salon de Montr\u00e9al, premier \u00e9v\u00e9nement consacr\u00e9 au domaine horloger au Qu\u00e9bec, Serge Maillard, \u00e9diteur d\u2019Europa Star et repr\u00e9sentant de la quatri\u00e8me g\u00e9n\u00e9ration de l\u2019entreprise, a accord\u00e9 cette entrevue \u00e0 LUXE.","breadcrumb":{"@id":"https:\/\/magazineluxe.com\/fr\/serge-maillard-une-affaire-de-famille\/#breadcrumb"},"inLanguage":"fr-FR","potentialAction":[{"@type":"ReadAction","target":["https:\/\/magazineluxe.com\/fr\/serge-maillard-une-affaire-de-famille\/"]}]},{"@type":"ImageObject","inLanguage":"fr-FR","@id":"https:\/\/magazineluxe.com\/fr\/serge-maillard-une-affaire-de-famille\/#primaryimage","url":"https:\/\/magazineluxe.com\/wp-content\/uploads\/2020\/02\/Europa-Star-3.jpg","contentUrl":"https:\/\/magazineluxe.com\/wp-content\/uploads\/2020\/02\/Europa-Star-3.jpg","width":1920,"height":1280},{"@type":"BreadcrumbList","@id":"https:\/\/magazineluxe.com\/fr\/serge-maillard-une-affaire-de-famille\/#breadcrumb","itemListElement":[{"@type":"ListItem","position":1,"name":"Accueil","item":"https:\/\/magazineluxe.com\/fr\/"},{"@type":"ListItem","position":2,"name":"Serge Maillard : une affaire de famille"}]},{"@type":"WebSite","@id":"https:\/\/magazineluxe.com\/fr\/#website","url":"https:\/\/magazineluxe.com\/fr\/","name":"MAGAZINE LUXE - Immobilier | Design | Art de vivre","description":"MAGAZINE LUXE - Immobilier | Design | Art de vivre","potentialAction":[{"@type":"SearchAction","target":{"@type":"EntryPoint","urlTemplate":"https:\/\/magazineluxe.com\/fr\/?s={search_term_string}"},"query-input":{"@type":"PropertyValueSpecification","valueRequired":true,"valueName":"search_term_string"}}],"inLanguage":"fr-FR"},{"@type":"Person","@id":"https:\/\/magazineluxe.com\/fr\/#\/schema\/person\/8adc55c929911b0b55d79cb0e89a2078","name":"\u00c2tma","image":{"@type":"ImageObject","inLanguage":"fr-FR","@id":"https:\/\/secure.gravatar.com\/avatar\/8f040abb094cad542949c1488512389277711ac5ee0e395bbebaa2573f7a2377?s=96&d=mm&r=g","url":"https:\/\/secure.gravatar.com\/avatar\/8f040abb094cad542949c1488512389277711ac5ee0e395bbebaa2573f7a2377?s=96&d=mm&r=g","contentUrl":"https:\/\/secure.gravatar.com\/avatar\/8f040abb094cad542949c1488512389277711ac5ee0e395bbebaa2573f7a2377?s=96&d=mm&r=g","caption":"\u00c2tma"},"url":"https:\/\/magazineluxe.com\/fr\/author\/atma\/"}]}},"_links":{"self":[{"href":"https:\/\/magazineluxe.com\/fr\/wp-json\/wp\/v2\/posts\/14902","targetHints":{"allow":["GET"]}}],"collection":[{"href":"https:\/\/magazineluxe.com\/fr\/wp-json\/wp\/v2\/posts"}],"about":[{"href":"https:\/\/magazineluxe.com\/fr\/wp-json\/wp\/v2\/types\/post"}],"author":[{"embeddable":true,"href":"https:\/\/magazineluxe.com\/fr\/wp-json\/wp\/v2\/users\/710"}],"replies":[{"embeddable":true,"href":"https:\/\/magazineluxe.com\/fr\/wp-json\/wp\/v2\/comments?post=14902"}],"version-history":[{"count":2,"href":"https:\/\/magazineluxe.com\/fr\/wp-json\/wp\/v2\/posts\/14902\/revisions"}],"predecessor-version":[{"id":14929,"href":"https:\/\/magazineluxe.com\/fr\/wp-json\/wp\/v2\/posts\/14902\/revisions\/14929"}],"wp:featuredmedia":[{"embeddable":true,"href":"https:\/\/magazineluxe.com\/fr\/wp-json\/wp\/v2\/media\/14893"}],"wp:attachment":[{"href":"https:\/\/magazineluxe.com\/fr\/wp-json\/wp\/v2\/media?parent=14902"}],"wp:term":[{"taxonomy":"category","embeddable":true,"href":"https:\/\/magazineluxe.com\/fr\/wp-json\/wp\/v2\/categories?post=14902"},{"taxonomy":"post_tag","embeddable":true,"href":"https:\/\/magazineluxe.com\/fr\/wp-json\/wp\/v2\/tags?post=14902"}],"curies":[{"name":"wp","href":"https:\/\/api.w.org\/{rel}","templated":true}]}}