{"id":17654,"date":"2022-02-24T09:01:00","date_gmt":"2022-02-24T14:01:00","guid":{"rendered":"https:\/\/magazineluxe.com\/?p=17654"},"modified":"2022-02-24T09:01:00","modified_gmt":"2022-02-24T14:01:00","slug":"dans-ma-bibliotheque-hiver-2022","status":"publish","type":"post","link":"https:\/\/magazineluxe.com\/fr\/dans-ma-bibliotheque-hiver-2022\/","title":{"rendered":"Dans ma biblioth\u00e8que"},"content":{"rendered":"<h2>Romans<\/h2>\n<h3><strong>Un appel d\u2019air et d\u2019amour<\/strong><\/h3>\n<p>En plein hiver, deux familles sont r\u00e9unies dans une maison centenaire pendant trop longtemps. Alors on se penche sur l\u2019ext\u00e9rieur, comme pour la premi\u00e8re fois. Dehors, la nature d\u00e9ploie une nouvelle langue, une cueilleuse d\u2019ascl\u00e9piades sauve la vie de soldats, un superh\u00e9ros dompte les peurs \u00e0 bord de son tracteur&#8230; Dehors, tout redevient possible. Un livre indispensable o\u00f9 l\u2019existence valse avec la mort, o\u00f9 l\u2019on se souvient de ce que signifie \u00ab\u00a0\u00eatre vivant\u00a0\u00bb.<\/p>\n<p>&nbsp;<\/p>\n<p><i>Femme for\u00eat <\/i>d\u2019Ana\u00efs Barbeau-Lavalette \u2013 \u00c9d. Marchand de feuilles<\/p>\n<p>&nbsp;<\/p>\n<p><a href=\"https:\/\/magazineluxe.com\/wp-content\/uploads\/2022\/02\/femme-foret-anais-barbeau-lavalette.jpeg\"><img loading=\"lazy\" decoding=\"async\" class=\"aligncenter wp-image-17656 size-medium\" src=\"https:\/\/magazineluxe.com\/wp-content\/uploads\/2022\/02\/femme-foret-anais-barbeau-lavalette-150x300.jpeg\" alt=\"\" width=\"150\" height=\"300\" srcset=\"https:\/\/magazineluxe.com\/wp-content\/uploads\/2022\/02\/femme-foret-anais-barbeau-lavalette-150x300.jpeg 150w, https:\/\/magazineluxe.com\/wp-content\/uploads\/2022\/02\/femme-foret-anais-barbeau-lavalette-512x1024.jpeg 512w, https:\/\/magazineluxe.com\/wp-content\/uploads\/2022\/02\/femme-foret-anais-barbeau-lavalette-768x1536.jpeg 768w, https:\/\/magazineluxe.com\/wp-content\/uploads\/2022\/02\/femme-foret-anais-barbeau-lavalette.jpeg 920w\" sizes=\"auto, (max-width: 150px) 100vw, 150px\" \/><\/a><\/p>\n<h3><strong>Un joyau de savoir-faire<\/strong><\/h3>\n<p>En 2018, Di\u00e9gane Latyr Faye, jeune \u00e9crivain s\u00e9n\u00e9galais, d\u00e9couvre \u00e0 Paris un livre mythique, paru en 1938 : <em>Le labyrinthe de l\u2019inhumain<\/em>. Il s\u2019engage sur la piste du myst\u00e9rieux T.C. Elimane dont on a perdu la trace depuis le scandale d\u00e9clench\u00e9 \u00e0 la parution de son livre. Il se confronte alors aux grandes trag\u00e9dies que sont le colonialisme ou la Shoah. Du S\u00e9n\u00e9gal \u00e0 la France en passant par l\u2019Argentine, quelle v\u00e9rit\u00e9 l\u2019attend au centre de ce labyrinthe? Ce livre \u00e9crit par un jeune auteur de 31 ans est r\u00e9cipiendaire du prix Goncourt 2021.<\/p>\n<p>&nbsp;<\/p>\n<p><em>La plus secr\u00e8te m\u00e9moire des hommes <\/em>de Mohamed Mbougar Sarr \u2013 \u00c9d. Philippe Rey<\/p>\n<p>&nbsp;<\/p>\n<p><a href=\"https:\/\/magazineluxe.com\/wp-content\/uploads\/2022\/02\/la-plus-secrete-memoire-des-hommes-mohamed-mbougarr-sarr.jpeg\"><img loading=\"lazy\" decoding=\"async\" class=\"aligncenter wp-image-17664 size-medium\" src=\"https:\/\/magazineluxe.com\/wp-content\/uploads\/2022\/02\/la-plus-secrete-memoire-des-hommes-mohamed-mbougarr-sarr-198x300.jpeg\" alt=\"\" width=\"198\" height=\"300\" srcset=\"https:\/\/magazineluxe.com\/wp-content\/uploads\/2022\/02\/la-plus-secrete-memoire-des-hommes-mohamed-mbougarr-sarr-198x300.jpeg 198w, https:\/\/magazineluxe.com\/wp-content\/uploads\/2022\/02\/la-plus-secrete-memoire-des-hommes-mohamed-mbougarr-sarr.jpeg 400w\" sizes=\"auto, (max-width: 198px) 100vw, 198px\" \/><\/a><\/p>\n<p>&nbsp;<\/p>\n<h2>Livres de cuisine<\/h2>\n<h3><strong>R\u00e9cit culinaire<\/strong><\/h3>\n<p>Tout ram\u00e8ne Lara Fabian \u00e0 la table. Pour elle, les repas symbolisent la famille, les amis, le r\u00e9confort, la joie et la gratitude. La chanteuse entrecroise des moments significatifs de sa vie avec des recettes qui y sont rattach\u00e9es\u00a0: souvenirs d&rsquo;enfance, histoires familiales, parcours professionnel, confidences et photos de ses archives personnelles se m\u00ealent \u00e0 des recettes porteuses de providence et d\u2019histoires cocasses, jusque-l\u00e0 jamais racont\u00e9es.<\/p>\n<p>&nbsp;<\/p>\n<p><em>Je passe \u00e0 table <\/em>de Lara Fabian \u2013 \u00c9d. Libre Expression<\/p>\n<p>&nbsp;<\/p>\n<p><a href=\"https:\/\/magazineluxe.com\/wp-content\/uploads\/2022\/02\/je-passe-a-table-lara-fabian.jpeg\"><img loading=\"lazy\" decoding=\"async\" class=\"aligncenter wp-image-17660 size-medium\" src=\"https:\/\/magazineluxe.com\/wp-content\/uploads\/2022\/02\/je-passe-a-table-lara-fabian-231x300.jpeg\" alt=\"\" width=\"231\" height=\"300\" srcset=\"https:\/\/magazineluxe.com\/wp-content\/uploads\/2022\/02\/je-passe-a-table-lara-fabian-231x300.jpeg 231w, https:\/\/magazineluxe.com\/wp-content\/uploads\/2022\/02\/je-passe-a-table-lara-fabian-788x1024.jpeg 788w, https:\/\/magazineluxe.com\/wp-content\/uploads\/2022\/02\/je-passe-a-table-lara-fabian-768x998.jpeg 768w, https:\/\/magazineluxe.com\/wp-content\/uploads\/2022\/02\/je-passe-a-table-lara-fabian.jpeg 920w\" sizes=\"auto, (max-width: 231px) 100vw, 231px\" \/><\/a><\/p>\n<h3><strong>Faire son pain<\/strong><\/h3>\n<p>La boulangerie \u2013 et le pain, en particulier \u2013 est une passion pr\u00e9sente dans la vie de Jos\u00e9e Fiset depuis pr\u00e8s de 30 ans! Cofondatrice de Premi\u00e8re Moisson, la femme d\u2019affaires qui a consacr\u00e9 sa vie au pain nous d\u00e9voile tous ses secrets. Avec ses explications simples et illustr\u00e9es, ce livre rend accessible \u00e0 tous la fabrication du pain maison avec 150 recettes sans p\u00e9trissage.<\/p>\n<p>&nbsp;<\/p>\n<p><em>Le Pain d&rsquo;une vie! Faire son pain maison&#8230;<\/em> de Jos\u00e9e Fiset \u2013 \u00c9d. Pratico-Pratiques<\/p>\n<p>&nbsp;<\/p>\n<p><a href=\"https:\/\/magazineluxe.com\/wp-content\/uploads\/2022\/02\/le-pain-d-une-vie.jpeg\"><img loading=\"lazy\" decoding=\"async\" class=\"aligncenter wp-image-17666 size-medium\" src=\"https:\/\/magazineluxe.com\/wp-content\/uploads\/2022\/02\/le-pain-d-une-vie-239x300.jpeg\" alt=\"\" width=\"239\" height=\"300\" srcset=\"https:\/\/magazineluxe.com\/wp-content\/uploads\/2022\/02\/le-pain-d-une-vie-239x300.jpeg 239w, https:\/\/magazineluxe.com\/wp-content\/uploads\/2022\/02\/le-pain-d-une-vie-816x1024.jpeg 816w, https:\/\/magazineluxe.com\/wp-content\/uploads\/2022\/02\/le-pain-d-une-vie-768x963.jpeg 768w, https:\/\/magazineluxe.com\/wp-content\/uploads\/2022\/02\/le-pain-d-une-vie.jpeg 920w\" sizes=\"auto, (max-width: 239px) 100vw, 239px\" \/><\/a><\/p>\n<p>&nbsp;<\/p>\n<h3><strong>Manger v\u00e9g\u00e9tarien<\/strong><\/h3>\n<p>La famille McCartney revisite l&rsquo;ouvrage pionnier de la cuisine v\u00e9g\u00e9tarienne publi\u00e9 en 1989 par Linda McCartney et propose des recettes adapt\u00e9es aux saveurs et tendances contemporaines : pancakes, chili no carne, pad tha\u00ef, burger v\u00e9g\u00e9tarien, minestrone, cookies&#8230; L&rsquo;origine de chaque plat et ses bienfaits pour la sant\u00e9 sont \u00e9voqu\u00e9s. Avec des anecdotes et souvenirs personnels.<\/p>\n<p>&nbsp;<\/p>\n<p><em>La cuisine familiale de Linda McCartney <\/em>de Linda McCartney \u2013 \u00c9d. Michel Lafon<\/p>\n<p>&nbsp;<\/p>\n<p><a href=\"https:\/\/magazineluxe.com\/wp-content\/uploads\/2022\/02\/la-cuisine-familiale-mc-cartney.jpeg\"><img loading=\"lazy\" decoding=\"async\" class=\"aligncenter wp-image-17662 size-medium\" src=\"https:\/\/magazineluxe.com\/wp-content\/uploads\/2022\/02\/la-cuisine-familiale-mc-cartney-223x300.jpeg\" alt=\"\" width=\"223\" height=\"300\" srcset=\"https:\/\/magazineluxe.com\/wp-content\/uploads\/2022\/02\/la-cuisine-familiale-mc-cartney-223x300.jpeg 223w, https:\/\/magazineluxe.com\/wp-content\/uploads\/2022\/02\/la-cuisine-familiale-mc-cartney-762x1024.jpeg 762w, https:\/\/magazineluxe.com\/wp-content\/uploads\/2022\/02\/la-cuisine-familiale-mc-cartney-768x1032.jpeg 768w, https:\/\/magazineluxe.com\/wp-content\/uploads\/2022\/02\/la-cuisine-familiale-mc-cartney.jpeg 920w\" sizes=\"auto, (max-width: 223px) 100vw, 223px\" \/><\/a><\/p>\n<p>&nbsp;<\/p>\n<h2>Beaux livres<\/h2>\n<h3><strong>En osmose avec le paysage<\/strong><\/h3>\n<p>Il \u00e9tait une fois un paysage \u2013 for\u00eat, ville, lac, fleuve. Dans chacun d&rsquo;eux, une maison est n\u00e9e des r\u00eaves conjugu\u00e9s d&rsquo;un architecte, d&rsquo;une \u00e9quipe et d&rsquo;un client. Voici 16 lieux de vie con\u00e7us par Pierre Thibault et qui s&rsquo;inscrivent naturellement dans le paysage, 16 lieux qui t\u00e9moignent de l&rsquo;approche globale de l&rsquo;Atelier Pierre Thibault.<\/p>\n<p>&nbsp;<\/p>\n<p><em>Maisons paysage <\/em>de Pierre Thibault, Denys Arcand \u2013 \u00c9d. La Presse<\/p>\n<p>&nbsp;<\/p>\n<p><a href=\"https:\/\/magazineluxe.com\/wp-content\/uploads\/2022\/02\/maisons-paysage-pierre-thibault.jpeg\"><img loading=\"lazy\" decoding=\"async\" class=\"aligncenter wp-image-17668 size-medium\" src=\"https:\/\/magazineluxe.com\/wp-content\/uploads\/2022\/02\/maisons-paysage-pierre-thibault-270x300.jpeg\" alt=\"\" width=\"270\" height=\"300\" srcset=\"https:\/\/magazineluxe.com\/wp-content\/uploads\/2022\/02\/maisons-paysage-pierre-thibault-270x300.jpeg 270w, https:\/\/magazineluxe.com\/wp-content\/uploads\/2022\/02\/maisons-paysage-pierre-thibault-768x853.jpeg 768w, https:\/\/magazineluxe.com\/wp-content\/uploads\/2022\/02\/maisons-paysage-pierre-thibault.jpeg 920w\" sizes=\"auto, (max-width: 270px) 100vw, 270px\" \/><\/a><\/p>\n<h3><strong>Zoom sur l\u2019Italie<\/strong><\/h3>\n<p>Des vues a\u00e9riennes et plongeantes de l&rsquo;Italie, de ses paysages et de ses villes. Plus de 400 photographies d\u2019\u00e9glises et de d\u00f4mes, de for\u00eats de clochetons et de campaniles, de placettes au coin des rues, d\u2019arcades ombrag\u00e9es, de sommets enneig\u00e9s des Dolomites et des Apennins, de collines toscanes, entre autres.<\/p>\n<p>&nbsp;<\/p>\n<p><em>Splendide Italie<\/em> d\u2019Alberto Bertolazzi, Marcello Bertinetti, Antonio Attini \u2013 \u00c9d. National Geographic<\/p>\n<p>&nbsp;<\/p>\n<p><a href=\"https:\/\/magazineluxe.com\/wp-content\/uploads\/2022\/02\/splendide-italie-national-geografic.jpeg\"><img loading=\"lazy\" decoding=\"async\" class=\"aligncenter wp-image-17672 size-medium\" src=\"https:\/\/magazineluxe.com\/wp-content\/uploads\/2022\/02\/splendide-italie-national-geografic-257x300.jpeg\" alt=\"\" width=\"257\" height=\"300\" srcset=\"https:\/\/magazineluxe.com\/wp-content\/uploads\/2022\/02\/splendide-italie-national-geografic-257x300.jpeg 257w, https:\/\/magazineluxe.com\/wp-content\/uploads\/2022\/02\/splendide-italie-national-geografic.jpeg 400w\" sizes=\"auto, (max-width: 257px) 100vw, 257px\" \/><\/a><\/p>\n<h3><strong>Partir et m\u00e9diter<\/strong><\/h3>\n<p>Partir tout pr\u00e8s, un peu plus loin ou tr\u00e8s loin&#8230; pour se d\u00e9connecter et se r\u00e9approprier le temps. Panorama de 80 lieux de retraite propices \u00e0 la m\u00e9ditation, que ce soient des paysages, des abbayes ou des sites patrimoniaux comme la for\u00eat de Broc\u00e9liande, le monast\u00e8re de Montserrat, l&rsquo;\u00eele de Shikoku au Japon ou l&rsquo;abbaye de C\u00eeteaux. Pour les voyageurs en qu\u00eate d\u2019authenticit\u00e9.<\/p>\n<p>&nbsp;<\/p>\n<p><em>Partir &amp; m\u00e9diter : 80 lieux pour se ressourcer <\/em>de Hugues Demeude, Manon Liduena, Marie-Emilie Michel \u2013 \u00c9d. EPA<\/p>\n<p>&nbsp;<\/p>\n<p><a href=\"https:\/\/magazineluxe.com\/wp-content\/uploads\/2022\/02\/partir-et-mediter.jpeg\"><img loading=\"lazy\" decoding=\"async\" class=\"aligncenter wp-image-17670 size-medium\" src=\"https:\/\/magazineluxe.com\/wp-content\/uploads\/2022\/02\/partir-et-mediter-232x300.jpeg\" alt=\"\" width=\"232\" height=\"300\" srcset=\"https:\/\/magazineluxe.com\/wp-content\/uploads\/2022\/02\/partir-et-mediter-232x300.jpeg 232w, https:\/\/magazineluxe.com\/wp-content\/uploads\/2022\/02\/partir-et-mediter-792x1024.jpeg 792w, https:\/\/magazineluxe.com\/wp-content\/uploads\/2022\/02\/partir-et-mediter-768x993.jpeg 768w, https:\/\/magazineluxe.com\/wp-content\/uploads\/2022\/02\/partir-et-mediter.jpeg 920w\" sizes=\"auto, (max-width: 232px) 100vw, 232px\" \/><\/a><\/p>\n","protected":false},"excerpt":{"rendered":"<p>Romans Un appel d\u2019air et d\u2019amour En plein hiver, deux familles sont r\u00e9unies dans une maison centenaire pendant trop longtemps. Alors on se penche sur l\u2019ext\u00e9rieur, comme pour la premi\u00e8re fois. Dehors, la nature d\u00e9ploie une nouvelle langue, une cueilleuse d\u2019ascl\u00e9piades sauve la vie de soldats, un superh\u00e9ros dompte les peurs \u00e0 bord de son tracteur&#8230; Dehors, tout redevient possible. Un livre indispensable o\u00f9 l\u2019existence valse avec la mort, o\u00f9 l\u2019on se souvient de ce que signifie \u00ab\u00a0\u00eatre vivant\u00a0\u00bb. &nbsp; Femme for\u00eat d\u2019Ana\u00efs Barbeau-Lavalette \u2013 \u00c9d. Marchand de feuilles &nbsp; Un joyau de savoir-faire En 2018, Di\u00e9gane Latyr Faye, jeune \u00e9crivain s\u00e9n\u00e9galais, d\u00e9couvre \u00e0 Paris un livre mythique, paru en 1938 : Le labyrinthe de l\u2019inhumain. Il s\u2019engage sur la piste du myst\u00e9rieux T.C. Elimane dont on a perdu la trace depuis le scandale d\u00e9clench\u00e9 \u00e0 la parution de son livre. Il se confronte alors aux grandes trag\u00e9dies que sont le colonialisme ou la Shoah. Du S\u00e9n\u00e9gal \u00e0 la France en passant par l\u2019Argentine, quelle v\u00e9rit\u00e9 l\u2019attend au centre de ce labyrinthe? Ce livre \u00e9crit par un jeune auteur de 31 ans est r\u00e9cipiendaire du prix Goncourt 2021. &nbsp; La plus secr\u00e8te m\u00e9moire des hommes de Mohamed Mbougar Sarr \u2013 [&hellip;]<\/p>\n","protected":false},"author":710,"featured_media":17658,"comment_status":"closed","ping_status":"closed","sticky":false,"template":"","format":"standard","meta":{"_monsterinsights_skip_tracking":false,"_monsterinsights_sitenote_active":false,"_monsterinsights_sitenote_note":"","_monsterinsights_sitenote_category":0,"footnotes":""},"categories":[16],"tags":[],"class_list":["post-17654","post","type-post","status-publish","format-standard","has-post-thumbnail","hentry","category-artistes"],"yoast_head":"<!-- This site is optimized with the Yoast SEO plugin v27.4 - https:\/\/yoast.com\/product\/yoast-seo-wordpress\/ -->\n<title>Dans ma biblioth\u00e8que S\u00e9lection de livres Hiver 2022 I Magazine LUXE<\/title>\n<meta name=\"description\" content=\"Dans ma biblioth\u00e8que : d\u00e9couvrez la s\u00e9lection de romans, de livres de cuisine et de beaux livres de Magazine LUXE pour l&#039;hiver 2022.\" \/>\n<meta name=\"robots\" content=\"index, follow, max-snippet:-1, max-image-preview:large, max-video-preview:-1\" \/>\n<link rel=\"canonical\" href=\"https:\/\/magazineluxe.com\/fr\/dans-ma-bibliotheque-hiver-2022\/\" \/>\n<meta property=\"og:locale\" content=\"fr_FR\" \/>\n<meta property=\"og:type\" content=\"article\" \/>\n<meta property=\"og:title\" content=\"Dans ma biblioth\u00e8que S\u00e9lection de livres Hiver 2022 I Magazine LUXE\" \/>\n<meta property=\"og:description\" content=\"Dans ma biblioth\u00e8que : d\u00e9couvrez la s\u00e9lection de romans, de livres de cuisine et de beaux livres de Magazine LUXE pour l&#039;hiver 2022.\" \/>\n<meta property=\"og:url\" content=\"https:\/\/magazineluxe.com\/fr\/dans-ma-bibliotheque-hiver-2022\/\" \/>\n<meta property=\"og:site_name\" content=\"MAGAZINE LUXE - Immobilier | Design | Art de vivre\" \/>\n<meta property=\"article:published_time\" content=\"2022-02-24T14:01:00+00:00\" \/>\n<meta property=\"og:image\" content=\"https:\/\/magazineluxe.com\/wp-content\/uploads\/2022\/02\/je-passe-a-table-lara-fabian-2.jpg\" \/>\n\t<meta property=\"og:image:width\" content=\"1920\" \/>\n\t<meta property=\"og:image:height\" content=\"1280\" \/>\n\t<meta property=\"og:image:type\" content=\"image\/jpeg\" \/>\n<meta name=\"author\" content=\"\u00c2tma\" \/>\n<meta name=\"twitter:card\" content=\"summary_large_image\" \/>\n<meta name=\"twitter:image\" content=\"https:\/\/magazineluxe.com\/wp-content\/uploads\/2022\/02\/je-passe-a-table-lara-fabian-2.jpg\" \/>\n<meta name=\"twitter:label1\" content=\"\u00c9crit par\" \/>\n\t<meta name=\"twitter:data1\" content=\"\u00c2tma\" \/>\n\t<meta name=\"twitter:label2\" content=\"Dur\u00e9e de lecture estim\u00e9e\" \/>\n\t<meta name=\"twitter:data2\" content=\"5 minutes\" \/>\n<script type=\"application\/ld+json\" class=\"yoast-schema-graph\">{\"@context\":\"https:\\\/\\\/schema.org\",\"@graph\":[{\"@type\":\"Article\",\"@id\":\"https:\\\/\\\/magazineluxe.com\\\/fr\\\/dans-ma-bibliotheque-hiver-2022\\\/#article\",\"isPartOf\":{\"@id\":\"https:\\\/\\\/magazineluxe.com\\\/fr\\\/dans-ma-bibliotheque-hiver-2022\\\/\"},\"author\":{\"name\":\"\u00c2tma\",\"@id\":\"https:\\\/\\\/magazineluxe.com\\\/fr\\\/#\\\/schema\\\/person\\\/8adc55c929911b0b55d79cb0e89a2078\"},\"headline\":\"Dans ma biblioth\u00e8que\",\"datePublished\":\"2022-02-24T14:01:00+00:00\",\"mainEntityOfPage\":{\"@id\":\"https:\\\/\\\/magazineluxe.com\\\/fr\\\/dans-ma-bibliotheque-hiver-2022\\\/\"},\"wordCount\":731,\"image\":{\"@id\":\"https:\\\/\\\/magazineluxe.com\\\/fr\\\/dans-ma-bibliotheque-hiver-2022\\\/#primaryimage\"},\"thumbnailUrl\":\"https:\\\/\\\/magazineluxe.com\\\/wp-content\\\/uploads\\\/2022\\\/02\\\/je-passe-a-table-lara-fabian-2.jpg\",\"articleSection\":[\"Art\"],\"inLanguage\":\"fr-FR\"},{\"@type\":\"WebPage\",\"@id\":\"https:\\\/\\\/magazineluxe.com\\\/fr\\\/dans-ma-bibliotheque-hiver-2022\\\/\",\"url\":\"https:\\\/\\\/magazineluxe.com\\\/fr\\\/dans-ma-bibliotheque-hiver-2022\\\/\",\"name\":\"Dans ma biblioth\u00e8que S\u00e9lection de livres Hiver 2022 I Magazine LUXE\",\"isPartOf\":{\"@id\":\"https:\\\/\\\/magazineluxe.com\\\/fr\\\/#website\"},\"primaryImageOfPage\":{\"@id\":\"https:\\\/\\\/magazineluxe.com\\\/fr\\\/dans-ma-bibliotheque-hiver-2022\\\/#primaryimage\"},\"image\":{\"@id\":\"https:\\\/\\\/magazineluxe.com\\\/fr\\\/dans-ma-bibliotheque-hiver-2022\\\/#primaryimage\"},\"thumbnailUrl\":\"https:\\\/\\\/magazineluxe.com\\\/wp-content\\\/uploads\\\/2022\\\/02\\\/je-passe-a-table-lara-fabian-2.jpg\",\"datePublished\":\"2022-02-24T14:01:00+00:00\",\"author\":{\"@id\":\"https:\\\/\\\/magazineluxe.com\\\/fr\\\/#\\\/schema\\\/person\\\/8adc55c929911b0b55d79cb0e89a2078\"},\"description\":\"Dans ma biblioth\u00e8que : d\u00e9couvrez la s\u00e9lection de romans, de livres de cuisine et de beaux livres de Magazine LUXE pour l'hiver 2022.\",\"breadcrumb\":{\"@id\":\"https:\\\/\\\/magazineluxe.com\\\/fr\\\/dans-ma-bibliotheque-hiver-2022\\\/#breadcrumb\"},\"inLanguage\":\"fr-FR\",\"potentialAction\":[{\"@type\":\"ReadAction\",\"target\":[\"https:\\\/\\\/magazineluxe.com\\\/fr\\\/dans-ma-bibliotheque-hiver-2022\\\/\"]}]},{\"@type\":\"ImageObject\",\"inLanguage\":\"fr-FR\",\"@id\":\"https:\\\/\\\/magazineluxe.com\\\/fr\\\/dans-ma-bibliotheque-hiver-2022\\\/#primaryimage\",\"url\":\"https:\\\/\\\/magazineluxe.com\\\/wp-content\\\/uploads\\\/2022\\\/02\\\/je-passe-a-table-lara-fabian-2.jpg\",\"contentUrl\":\"https:\\\/\\\/magazineluxe.com\\\/wp-content\\\/uploads\\\/2022\\\/02\\\/je-passe-a-table-lara-fabian-2.jpg\",\"width\":1920,\"height\":1280},{\"@type\":\"BreadcrumbList\",\"@id\":\"https:\\\/\\\/magazineluxe.com\\\/fr\\\/dans-ma-bibliotheque-hiver-2022\\\/#breadcrumb\",\"itemListElement\":[{\"@type\":\"ListItem\",\"position\":1,\"name\":\"Accueil\",\"item\":\"https:\\\/\\\/magazineluxe.com\\\/fr\\\/\"},{\"@type\":\"ListItem\",\"position\":2,\"name\":\"Dans ma biblioth\u00e8que\"}]},{\"@type\":\"WebSite\",\"@id\":\"https:\\\/\\\/magazineluxe.com\\\/fr\\\/#website\",\"url\":\"https:\\\/\\\/magazineluxe.com\\\/fr\\\/\",\"name\":\"MAGAZINE LUXE - Immobilier | Design | Art de vivre\",\"description\":\"MAGAZINE LUXE - Immobilier | Design | Art de vivre\",\"potentialAction\":[{\"@type\":\"SearchAction\",\"target\":{\"@type\":\"EntryPoint\",\"urlTemplate\":\"https:\\\/\\\/magazineluxe.com\\\/fr\\\/?s={search_term_string}\"},\"query-input\":{\"@type\":\"PropertyValueSpecification\",\"valueRequired\":true,\"valueName\":\"search_term_string\"}}],\"inLanguage\":\"fr-FR\"},{\"@type\":\"Person\",\"@id\":\"https:\\\/\\\/magazineluxe.com\\\/fr\\\/#\\\/schema\\\/person\\\/8adc55c929911b0b55d79cb0e89a2078\",\"name\":\"\u00c2tma\",\"image\":{\"@type\":\"ImageObject\",\"inLanguage\":\"fr-FR\",\"@id\":\"https:\\\/\\\/secure.gravatar.com\\\/avatar\\\/8f040abb094cad542949c1488512389277711ac5ee0e395bbebaa2573f7a2377?s=96&d=mm&r=g\",\"url\":\"https:\\\/\\\/secure.gravatar.com\\\/avatar\\\/8f040abb094cad542949c1488512389277711ac5ee0e395bbebaa2573f7a2377?s=96&d=mm&r=g\",\"contentUrl\":\"https:\\\/\\\/secure.gravatar.com\\\/avatar\\\/8f040abb094cad542949c1488512389277711ac5ee0e395bbebaa2573f7a2377?s=96&d=mm&r=g\",\"caption\":\"\u00c2tma\"},\"url\":\"https:\\\/\\\/magazineluxe.com\\\/fr\\\/author\\\/atma\\\/\"}]}<\/script>\n<!-- \/ Yoast SEO plugin. -->","yoast_head_json":{"title":"Dans ma biblioth\u00e8que S\u00e9lection de livres Hiver 2022 I Magazine LUXE","description":"Dans ma biblioth\u00e8que : d\u00e9couvrez la s\u00e9lection de romans, de livres de cuisine et de beaux livres de Magazine LUXE pour l'hiver 2022.","robots":{"index":"index","follow":"follow","max-snippet":"max-snippet:-1","max-image-preview":"max-image-preview:large","max-video-preview":"max-video-preview:-1"},"canonical":"https:\/\/magazineluxe.com\/fr\/dans-ma-bibliotheque-hiver-2022\/","og_locale":"fr_FR","og_type":"article","og_title":"Dans ma biblioth\u00e8que S\u00e9lection de livres Hiver 2022 I Magazine LUXE","og_description":"Dans ma biblioth\u00e8que : d\u00e9couvrez la s\u00e9lection de romans, de livres de cuisine et de beaux livres de Magazine LUXE pour l'hiver 2022.","og_url":"https:\/\/magazineluxe.com\/fr\/dans-ma-bibliotheque-hiver-2022\/","og_site_name":"MAGAZINE LUXE - Immobilier | Design | Art de vivre","article_published_time":"2022-02-24T14:01:00+00:00","og_image":[{"width":1920,"height":1280,"url":"https:\/\/magazineluxe.com\/wp-content\/uploads\/2022\/02\/je-passe-a-table-lara-fabian-2.jpg","type":"image\/jpeg"}],"author":"\u00c2tma","twitter_card":"summary_large_image","twitter_image":"https:\/\/magazineluxe.com\/wp-content\/uploads\/2022\/02\/je-passe-a-table-lara-fabian-2.jpg","twitter_misc":{"\u00c9crit par":"\u00c2tma","Dur\u00e9e de lecture estim\u00e9e":"5 minutes"},"schema":{"@context":"https:\/\/schema.org","@graph":[{"@type":"Article","@id":"https:\/\/magazineluxe.com\/fr\/dans-ma-bibliotheque-hiver-2022\/#article","isPartOf":{"@id":"https:\/\/magazineluxe.com\/fr\/dans-ma-bibliotheque-hiver-2022\/"},"author":{"name":"\u00c2tma","@id":"https:\/\/magazineluxe.com\/fr\/#\/schema\/person\/8adc55c929911b0b55d79cb0e89a2078"},"headline":"Dans ma biblioth\u00e8que","datePublished":"2022-02-24T14:01:00+00:00","mainEntityOfPage":{"@id":"https:\/\/magazineluxe.com\/fr\/dans-ma-bibliotheque-hiver-2022\/"},"wordCount":731,"image":{"@id":"https:\/\/magazineluxe.com\/fr\/dans-ma-bibliotheque-hiver-2022\/#primaryimage"},"thumbnailUrl":"https:\/\/magazineluxe.com\/wp-content\/uploads\/2022\/02\/je-passe-a-table-lara-fabian-2.jpg","articleSection":["Art"],"inLanguage":"fr-FR"},{"@type":"WebPage","@id":"https:\/\/magazineluxe.com\/fr\/dans-ma-bibliotheque-hiver-2022\/","url":"https:\/\/magazineluxe.com\/fr\/dans-ma-bibliotheque-hiver-2022\/","name":"Dans ma biblioth\u00e8que S\u00e9lection de livres Hiver 2022 I Magazine LUXE","isPartOf":{"@id":"https:\/\/magazineluxe.com\/fr\/#website"},"primaryImageOfPage":{"@id":"https:\/\/magazineluxe.com\/fr\/dans-ma-bibliotheque-hiver-2022\/#primaryimage"},"image":{"@id":"https:\/\/magazineluxe.com\/fr\/dans-ma-bibliotheque-hiver-2022\/#primaryimage"},"thumbnailUrl":"https:\/\/magazineluxe.com\/wp-content\/uploads\/2022\/02\/je-passe-a-table-lara-fabian-2.jpg","datePublished":"2022-02-24T14:01:00+00:00","author":{"@id":"https:\/\/magazineluxe.com\/fr\/#\/schema\/person\/8adc55c929911b0b55d79cb0e89a2078"},"description":"Dans ma biblioth\u00e8que : d\u00e9couvrez la s\u00e9lection de romans, de livres de cuisine et de beaux livres de Magazine LUXE pour l'hiver 2022.","breadcrumb":{"@id":"https:\/\/magazineluxe.com\/fr\/dans-ma-bibliotheque-hiver-2022\/#breadcrumb"},"inLanguage":"fr-FR","potentialAction":[{"@type":"ReadAction","target":["https:\/\/magazineluxe.com\/fr\/dans-ma-bibliotheque-hiver-2022\/"]}]},{"@type":"ImageObject","inLanguage":"fr-FR","@id":"https:\/\/magazineluxe.com\/fr\/dans-ma-bibliotheque-hiver-2022\/#primaryimage","url":"https:\/\/magazineluxe.com\/wp-content\/uploads\/2022\/02\/je-passe-a-table-lara-fabian-2.jpg","contentUrl":"https:\/\/magazineluxe.com\/wp-content\/uploads\/2022\/02\/je-passe-a-table-lara-fabian-2.jpg","width":1920,"height":1280},{"@type":"BreadcrumbList","@id":"https:\/\/magazineluxe.com\/fr\/dans-ma-bibliotheque-hiver-2022\/#breadcrumb","itemListElement":[{"@type":"ListItem","position":1,"name":"Accueil","item":"https:\/\/magazineluxe.com\/fr\/"},{"@type":"ListItem","position":2,"name":"Dans ma biblioth\u00e8que"}]},{"@type":"WebSite","@id":"https:\/\/magazineluxe.com\/fr\/#website","url":"https:\/\/magazineluxe.com\/fr\/","name":"MAGAZINE LUXE - Immobilier | Design | Art de vivre","description":"MAGAZINE LUXE - Immobilier | Design | Art de vivre","potentialAction":[{"@type":"SearchAction","target":{"@type":"EntryPoint","urlTemplate":"https:\/\/magazineluxe.com\/fr\/?s={search_term_string}"},"query-input":{"@type":"PropertyValueSpecification","valueRequired":true,"valueName":"search_term_string"}}],"inLanguage":"fr-FR"},{"@type":"Person","@id":"https:\/\/magazineluxe.com\/fr\/#\/schema\/person\/8adc55c929911b0b55d79cb0e89a2078","name":"\u00c2tma","image":{"@type":"ImageObject","inLanguage":"fr-FR","@id":"https:\/\/secure.gravatar.com\/avatar\/8f040abb094cad542949c1488512389277711ac5ee0e395bbebaa2573f7a2377?s=96&d=mm&r=g","url":"https:\/\/secure.gravatar.com\/avatar\/8f040abb094cad542949c1488512389277711ac5ee0e395bbebaa2573f7a2377?s=96&d=mm&r=g","contentUrl":"https:\/\/secure.gravatar.com\/avatar\/8f040abb094cad542949c1488512389277711ac5ee0e395bbebaa2573f7a2377?s=96&d=mm&r=g","caption":"\u00c2tma"},"url":"https:\/\/magazineluxe.com\/fr\/author\/atma\/"}]}},"_links":{"self":[{"href":"https:\/\/magazineluxe.com\/fr\/wp-json\/wp\/v2\/posts\/17654","targetHints":{"allow":["GET"]}}],"collection":[{"href":"https:\/\/magazineluxe.com\/fr\/wp-json\/wp\/v2\/posts"}],"about":[{"href":"https:\/\/magazineluxe.com\/fr\/wp-json\/wp\/v2\/types\/post"}],"author":[{"embeddable":true,"href":"https:\/\/magazineluxe.com\/fr\/wp-json\/wp\/v2\/users\/710"}],"replies":[{"embeddable":true,"href":"https:\/\/magazineluxe.com\/fr\/wp-json\/wp\/v2\/comments?post=17654"}],"version-history":[{"count":2,"href":"https:\/\/magazineluxe.com\/fr\/wp-json\/wp\/v2\/posts\/17654\/revisions"}],"predecessor-version":[{"id":17675,"href":"https:\/\/magazineluxe.com\/fr\/wp-json\/wp\/v2\/posts\/17654\/revisions\/17675"}],"wp:featuredmedia":[{"embeddable":true,"href":"https:\/\/magazineluxe.com\/fr\/wp-json\/wp\/v2\/media\/17658"}],"wp:attachment":[{"href":"https:\/\/magazineluxe.com\/fr\/wp-json\/wp\/v2\/media?parent=17654"}],"wp:term":[{"taxonomy":"category","embeddable":true,"href":"https:\/\/magazineluxe.com\/fr\/wp-json\/wp\/v2\/categories?post=17654"},{"taxonomy":"post_tag","embeddable":true,"href":"https:\/\/magazineluxe.com\/fr\/wp-json\/wp\/v2\/tags?post=17654"}],"curies":[{"name":"wp","href":"https:\/\/api.w.org\/{rel}","templated":true}]}}