{"id":18263,"date":"2022-06-28T15:00:15","date_gmt":"2022-06-28T19:00:15","guid":{"rendered":"https:\/\/magazineluxe.com\/?p=18263"},"modified":"2024-07-24T15:34:29","modified_gmt":"2024-07-24T19:34:29","slug":"carl-f-bucherer-l-esprit-cosmopolite-de-la-manero-flyback","status":"publish","type":"post","link":"https:\/\/magazineluxe.com\/fr\/carl-f-bucherer-l-esprit-cosmopolite-de-la-manero-flyback\/","title":{"rendered":"Carl F. Bucherer : l\u2019esprit cosmopolite de la Manero Flyback"},"content":{"rendered":"<p><strong>La marque Made in Lucerne renouvelle sa ligne Manero Flyback. Des mod\u00e8les \u00e0 complication incarnant un esprit cosmopolite adapt\u00e9 \u00e0 cette nouvelle r\u00e9alit\u00e9. Pr\u00e9sentation de cette s\u00e9rie sport-chic et \u00e9l\u00e9gamment optimiste.<\/strong><\/p>\n<p>&nbsp;<\/p>\n<p style=\"text-align: center;\"><strong>En collaboration avec\u00a0<a href=\"https:\/\/www.europastar.ch\" target=\"_blank\" rel=\"noopener\">Europa Star<\/a><\/strong><\/p>\n<p>&nbsp;<\/p>\n<p><span class=\"apple-converted-space\"><span lang=\"FR-CH\">Le\u00a0<\/span><\/span><span lang=\"FR-CH\">message de<span class=\"apple-converted-space\">\u00a0<\/span><\/span><span lang=\"FR-CH\">Carl F.\u00a0Bucherer <\/span><span lang=\"FR-CH\">autour de ses nouveaux mod\u00e8les Manero Flyback porte sur la figure du \u00ab\u00a0cosmopolite\u00a0\u00bb. Soit, au sens propre si l\u2019on ouvre le dictionnaire, celui qui\u00a0\u00ab\u00a0s\u2019accommode de tous les pays, de m\u0153urs nationales vari\u00e9es\u00a0\u00bb, alternativement qui \u00ab\u00a0comprend des personnes de tous les pays, subit des influences de nombreux pays\u00a0\u00bb. On peut parler de quelqu\u2019un qui voyage beaucoup comme d\u2019un \u00ab\u00a0cosmopolite\u00a0\u00bb ou d\u2019une m\u00e9tropole brassant de nombreuses populations comme d\u2019une \u00ab\u00a0ville cosmopolite\u00a0\u00bb. La marque lucernoise se voit elle-m\u00eame comme une marque cosmopolite, ancr\u00e9e au c\u0153ur de la Suisse et active dans le monde entier.<\/span><\/p>\n<p>&nbsp;<\/p>\n<p><a href=\"https:\/\/magazineluxe.com\/wp-content\/uploads\/2022\/07\/carl-f-bucherer-manero-flyback-3.jpg\"><img loading=\"lazy\" decoding=\"async\" class=\"aligncenter wp-image-18268 size-large\" src=\"https:\/\/magazineluxe.com\/wp-content\/uploads\/2022\/07\/carl-f-bucherer-manero-flyback-3-683x1024.jpg\" alt=\"\" width=\"683\" height=\"1024\" srcset=\"https:\/\/magazineluxe.com\/wp-content\/uploads\/2022\/07\/carl-f-bucherer-manero-flyback-3-683x1024.jpg 683w, https:\/\/magazineluxe.com\/wp-content\/uploads\/2022\/07\/carl-f-bucherer-manero-flyback-3-200x300.jpg 200w, https:\/\/magazineluxe.com\/wp-content\/uploads\/2022\/07\/carl-f-bucherer-manero-flyback-3-768x1152.jpg 768w, https:\/\/magazineluxe.com\/wp-content\/uploads\/2022\/07\/carl-f-bucherer-manero-flyback-3-1024x1536.jpg 1024w, https:\/\/magazineluxe.com\/wp-content\/uploads\/2022\/07\/carl-f-bucherer-manero-flyback-3.jpg 1280w\" sizes=\"auto, (max-width: 683px) 100vw, 683px\" \/><\/a><\/p>\n<p>&nbsp;<\/p>\n<p>\u00ab\u00a0En 1888, Carl-Friedrich Bucherer a pos\u00e9 les jalons non seulement de notre marque, mais aussi d\u2019une culture d\u2019entreprise internationale et ouverte sur le monde\u00a0\u00bb, souligne son PDG Sascha Moeri. \u00ab\u00a0Ses fils Carl Eduard et Ernst visit\u00e8rent le monde, \u00e9tudi\u00e8rent \u00e0 l\u2019\u00e9tranger et ouvrirent, en 1913 d\u00e9j\u00e0, la premi\u00e8re filiale \u00e0 Berlin. Quelques ann\u00e9es plus tard, ils d\u00e9velopp\u00e8rent leurs activit\u00e9s en Am\u00e9rique du Sud, tout en restant fid\u00e8les \u00e0 leur patrie lucernoise.\u00a0\u00bb Et de poursuivre\u00a0: \u00ab\u00a0\u00catre cosmopolite, cela signifie avoir la capacit\u00e9 de se sentir chez soi partout dans le monde, de faire partie d\u2019un tout. Aborder son quotidien avec style, dynamisme et ouverture d\u2019esprit. Et surtout aimer la vari\u00e9t\u00e9. C\u2019est exactement cet esprit que refl\u00e8te notre Manero Flyback, mais aussi qu\u2019incarne notre marque depuis plus de 130 ans.\u00a0\u00bb<\/p>\n<p>&nbsp;<\/p>\n<blockquote>\n<div><span lang=\"FR-CH\">\u00ab\u00a0\u00catre cosmopolite, cela signifie avoir la capacit\u00e9 de se sentir chez soi partout dans le monde, de faire partie d\u2019un tout.\u00a0\u00bb \u2013 Sascha Moeri, PDG de Carl F. Bucherer<\/span><\/div>\n<\/blockquote>\n<p>&nbsp;<\/p>\n<p><a href=\"https:\/\/magazineluxe.com\/wp-content\/uploads\/2022\/07\/carl-f-bucherer-manero-flyback-1.jpg\"><img loading=\"lazy\" decoding=\"async\" class=\"aligncenter wp-image-18264 size-large\" src=\"https:\/\/magazineluxe.com\/wp-content\/uploads\/2022\/07\/carl-f-bucherer-manero-flyback-1-1024x683.jpg\" alt=\"\" width=\"1024\" height=\"683\" srcset=\"https:\/\/magazineluxe.com\/wp-content\/uploads\/2022\/07\/carl-f-bucherer-manero-flyback-1-1024x683.jpg 1024w, https:\/\/magazineluxe.com\/wp-content\/uploads\/2022\/07\/carl-f-bucherer-manero-flyback-1-300x200.jpg 300w, https:\/\/magazineluxe.com\/wp-content\/uploads\/2022\/07\/carl-f-bucherer-manero-flyback-1-768x512.jpg 768w, https:\/\/magazineluxe.com\/wp-content\/uploads\/2022\/07\/carl-f-bucherer-manero-flyback-1-1536x1024.jpg 1536w, https:\/\/magazineluxe.com\/wp-content\/uploads\/2022\/07\/carl-f-bucherer-manero-flyback-1-1300x867.jpg 1300w, https:\/\/magazineluxe.com\/wp-content\/uploads\/2022\/07\/carl-f-bucherer-manero-flyback-1-128x86.jpg 128w, https:\/\/magazineluxe.com\/wp-content\/uploads\/2022\/07\/carl-f-bucherer-manero-flyback-1.jpg 1920w\" sizes=\"auto, (max-width: 1024px) 100vw, 1024px\" \/><\/a><\/p>\n<p>&nbsp;<\/p>\n<p>La collection propos\u00e9e par\u00a0<a href=\"https:\/\/www.europastar.ch\/index\/1004083001-carl-f-bucherer.html\">Carl\u00a0F.\u00a0Bucherer<\/a>\u00a0permet de jouer avec la notion de temps \u2013 via la fonction flyback, soit la capacit\u00e9 de r\u00e9initialiser et de relancer le d\u00e9compte du temps d\u2019une simple pression \u2013 et s\u2019adresse \u00e0 celle ou celui qui r\u00eave de voyager \u00e0 travers la m\u00e9canique \u00e0 son poignet\u2026<\/p>\n<p>&nbsp;<\/p>\n<p><span lang=\"FR-CH\">Cet esprit se concr\u00e9tise \u00e9galement dans la diversit\u00e9 grandissante des mod\u00e8les propos\u00e9s. D\u00e9j\u00e0 \u00e9toff\u00e9e de deux mod\u00e8les d\u2019un bleu \u00e9clatant, la Manero Flyback est d\u00e9sormais \u00e9galement disponible avec des cadrans argent\u00e9, noir ou gris bleu sur bracelet m\u00e9tal. La ligne s\u2019affirme ainsi comme le mod\u00e8le \u00ab\u00a0sport-chic\u00a0\u00bb de\u00a0<\/span><span lang=\"FR-CH\">Carl\u00a0F.\u00a0Bucherer\u00a0<\/span><span lang=\"FR-CH\">avec l\u2019adjonction de nouveaux bracelets en acier, une tendance tr\u00e8s forte en horlogerie. \u00ab\u00a0Avec ces nouveaux bracelets en acier propos\u00e9s parmi les nouvelles options de design, nous apportons un accent sportif et \u00e9l\u00e9gant \u00e0 cette ligne\u00a0\u00bb, souligne Sascha Moeri.<\/span><\/p>\n<p>&nbsp;<\/p>\n<p><a href=\"https:\/\/magazineluxe.com\/wp-content\/uploads\/2022\/07\/carl-f-bucherer-manero-flyback-4.jpg\"><img loading=\"lazy\" decoding=\"async\" class=\"aligncenter wp-image-18270 size-large\" src=\"https:\/\/magazineluxe.com\/wp-content\/uploads\/2022\/07\/carl-f-bucherer-manero-flyback-4-683x1024.jpg\" alt=\"\" width=\"683\" height=\"1024\" srcset=\"https:\/\/magazineluxe.com\/wp-content\/uploads\/2022\/07\/carl-f-bucherer-manero-flyback-4-683x1024.jpg 683w, https:\/\/magazineluxe.com\/wp-content\/uploads\/2022\/07\/carl-f-bucherer-manero-flyback-4-200x300.jpg 200w, https:\/\/magazineluxe.com\/wp-content\/uploads\/2022\/07\/carl-f-bucherer-manero-flyback-4-768x1152.jpg 768w, https:\/\/magazineluxe.com\/wp-content\/uploads\/2022\/07\/carl-f-bucherer-manero-flyback-4-1024x1536.jpg 1024w, https:\/\/magazineluxe.com\/wp-content\/uploads\/2022\/07\/carl-f-bucherer-manero-flyback-4.jpg 1280w\" sizes=\"auto, (max-width: 683px) 100vw, 683px\" \/><\/a><\/p>\n<p>&nbsp;<\/p>\n<p>Ces bracelets en m\u00e9tal, compos\u00e9s de maillons en acier inoxydable haut de gamme et de neuf \u00e9l\u00e9ments qui s\u2019encha\u00eenent, ont \u00e9t\u00e9 cr\u00e9\u00e9s sp\u00e9cialement pour la Manero Flyback, afin de lui conf\u00e9rer un tout nouveau look. De fait, ce jeu sur les bracelets illustre parfaitement la formule \u00ab\u00a0changement minimal, impact maximal\u00a0\u00bb, donnant du m\u00eame coup l\u2019allure \u00ab\u00a0sport-chic\u00a0\u00bb \u00e0 une ligne connue jusqu\u2019\u00e0 pr\u00e9sent pour sa grande \u00e9l\u00e9gance formelle.<\/p>\n<p>&nbsp;<\/p>\n<p>Le cadran lui-m\u00eame combine une grande coh\u00e9rence, notamment par les deux compteurs sym\u00e9triques superpos\u00e9s \u00e0 la fen\u00eatre de date, \u00e0 un sens aigu du d\u00e9tail avec l\u2019\u00e9chelle tachym\u00e9trique qui l\u2019encercle. La collection de chronographes 43 mm se d\u00e9cline en cinq diff\u00e9rentes couleurs de cadran.<\/p>\n<p>&nbsp;<\/p>\n<p>Le clin d\u2019\u0153il \u00ab\u00a0r\u00e9tro\u00a0\u00bb \u00e0 travers les poussoirs en forme d\u2019attache parisienne accentue la personnalit\u00e9 de ce mod\u00e8le chrono flyback esth\u00e9tiquement r\u00e9ussi \u2013 le mod\u00e8le \u00ab\u00a0sport-chic\u00a0\u00bb est de fait un exercice tentant car tr\u00e8s en vogue, mais p\u00e9rilleux, beaucoup de marques s\u2019y \u00e9tant cass\u00e9 les dents.<\/p>\n<p>&nbsp;<\/p>\n<p><a href=\"https:\/\/magazineluxe.com\/wp-content\/uploads\/2022\/07\/carl-f-bucherer-manero-flyback-5.jpg\"><img loading=\"lazy\" decoding=\"async\" class=\"aligncenter wp-image-18272 size-large\" src=\"https:\/\/magazineluxe.com\/wp-content\/uploads\/2022\/07\/carl-f-bucherer-manero-flyback-5-683x1024.jpg\" alt=\"\" width=\"683\" height=\"1024\" srcset=\"https:\/\/magazineluxe.com\/wp-content\/uploads\/2022\/07\/carl-f-bucherer-manero-flyback-5-683x1024.jpg 683w, https:\/\/magazineluxe.com\/wp-content\/uploads\/2022\/07\/carl-f-bucherer-manero-flyback-5-200x300.jpg 200w, https:\/\/magazineluxe.com\/wp-content\/uploads\/2022\/07\/carl-f-bucherer-manero-flyback-5-768x1152.jpg 768w, https:\/\/magazineluxe.com\/wp-content\/uploads\/2022\/07\/carl-f-bucherer-manero-flyback-5-1024x1536.jpg 1024w, https:\/\/magazineluxe.com\/wp-content\/uploads\/2022\/07\/carl-f-bucherer-manero-flyback-5.jpg 1280w\" sizes=\"auto, (max-width: 683px) 100vw, 683px\" \/><\/a><\/p>\n<p>&nbsp;<\/p>\n<p>Avec ces nouvelles venues, ce sont d\u00e9sormais treize versions de la Manero Flyback qui sont disponibles, en or rose ou en acier, avec cinq variantes et couleurs de cadran diff\u00e9rentes et un bracelet en cuir, textile ou en acier. La ligne s\u2019affirme toujours plus comme un pilier de\u00a0Carl\u00a0F.\u00a0Bucherer, avec un prix qui d\u00e9marre un peu au-dessus de 6 000 $ US.<\/p>\n<p>&nbsp;<\/p>\n<p>Rappelons que\u00a0Carl\u00a0F.\u00a0Bucherer\u00a0a consid\u00e9rablement investi ces derni\u00e8res ann\u00e9es pour devenir autonome sur le plan du mouvement, \u00e0 travers sa manufacture de Lengnau. Le r\u00e9sultat se retrouve notamment au c\u0153ur de cette Manero Flyback, \u00e9quip\u00e9e du calibre automatique CFB 1970, d\u2019une r\u00e9serve de marche de 42 heures.<\/p>\n<p>&nbsp;<\/p>\n<p><span lang=\"FR-CH\">La strat\u00e9gie int\u00e9ressante de la marque lucernoise, dans un environnement tr\u00e8s concurrentiel, consiste \u00e0 se concentrer sur quelques complications et \u00e0 en explorer toutes les possibilit\u00e9s. Qu\u2019il s\u2019agisse du chronographe flyback de cette collection ou du travail sur le rotor p\u00e9riph\u00e9rique, dont\u00a0<\/span><span lang=\"FR-CH\">Carl\u00a0F.\u00a0Bucherer\u00a0<\/span><span lang=\"FR-CH\">est devenu un sp\u00e9cialiste reconnu. \u00ab\u00a0Avec sa finesse technique, son design aux multiples facettes et son charme cosmopolite, la gamme Manero Flyback illustre parfaitement l\u2019art horloger Made of Lucerne que nous souhaitons proposer\u00a0\u00bb, conclut Sascha Moeri.<\/span><\/p>\n<p>&nbsp;<\/p>\n<blockquote>\n<div><span lang=\"FR-CH\">La strat\u00e9gie int\u00e9ressante de la marque lucernoise, dans un environnement tr\u00e8s concurrentiel, consiste \u00e0 se concentrer sur quelques complications et \u00e0 en explorer toutes les possibilit\u00e9s.<\/span><\/div>\n<\/blockquote>\n<p>&nbsp;<\/p>\n<div id=\"attachment_18266\" style=\"width: 693px\" class=\"wp-caption aligncenter\"><a href=\"https:\/\/magazineluxe.com\/wp-content\/uploads\/2022\/07\/carl-f-bucherer-manero-flyback-2.jpg\"><img loading=\"lazy\" decoding=\"async\" aria-describedby=\"caption-attachment-18266\" class=\"wp-image-18266 size-large\" src=\"https:\/\/magazineluxe.com\/wp-content\/uploads\/2022\/07\/carl-f-bucherer-manero-flyback-2-683x1024.jpg\" alt=\"\" width=\"683\" height=\"1024\" srcset=\"https:\/\/magazineluxe.com\/wp-content\/uploads\/2022\/07\/carl-f-bucherer-manero-flyback-2-683x1024.jpg 683w, https:\/\/magazineluxe.com\/wp-content\/uploads\/2022\/07\/carl-f-bucherer-manero-flyback-2-200x300.jpg 200w, https:\/\/magazineluxe.com\/wp-content\/uploads\/2022\/07\/carl-f-bucherer-manero-flyback-2-768x1152.jpg 768w, https:\/\/magazineluxe.com\/wp-content\/uploads\/2022\/07\/carl-f-bucherer-manero-flyback-2-1024x1536.jpg 1024w, https:\/\/magazineluxe.com\/wp-content\/uploads\/2022\/07\/carl-f-bucherer-manero-flyback-2.jpg 1280w\" sizes=\"auto, (max-width: 683px) 100vw, 683px\" \/><\/a><p id=\"caption-attachment-18266\" class=\"wp-caption-text\">MOUVEMENT Automatique, calibre CFB 1970, diam\u00e8tre 30,4 mm, hauteur 7,9 mm, 25 pierres, r\u00e9serve de marche 42 h FONCTIONS Chronographe : compteurs des minutes et des 1\u20444 de secondes, fonction flyback, tachym\u00e8tre; date, heures, minutes, petite seconde BO\u00ceTIER Acier, glace saphir fortement bomb\u00e9e avec traitement antireflet sur les deux faces, fond de bo\u00eetier avec glace saphir, \u00e9tanche jusqu\u2019\u00e0 30 m (3 bars), diam\u00e8tre 43 mm, hauteur 14,45 mm CADRAN Argent\u00e9, bleu-gris, noir ou bleu BRACELET Acier PRIX 6 600 $ US<\/p><\/div>\n<p>&nbsp;<\/p>\n<p><strong><a href=\"https:\/\/www.europastar.ch\" target=\"_blank\" rel=\"noopener\">www.europastar.com<\/a><\/strong><\/p>\n<p>&nbsp;<\/p>\n<p>Texte : Serge Maillard<\/p>\n","protected":false},"excerpt":{"rendered":"<p>La marque Made in Lucerne renouvelle sa ligne Manero Flyback. Des mod\u00e8les \u00e0 complication incarnant un esprit cosmopolite adapt\u00e9 \u00e0 cette nouvelle r\u00e9alit\u00e9. Pr\u00e9sentation de cette s\u00e9rie sport-chic et \u00e9l\u00e9gamment optimiste. &nbsp; En collaboration avec\u00a0Europa Star &nbsp; Le\u00a0message de\u00a0Carl F.\u00a0Bucherer autour de ses nouveaux mod\u00e8les Manero Flyback porte sur la figure du \u00ab\u00a0cosmopolite\u00a0\u00bb. Soit, au sens propre si l\u2019on ouvre le dictionnaire, celui qui\u00a0\u00ab\u00a0s\u2019accommode de tous les pays, de m\u0153urs nationales vari\u00e9es\u00a0\u00bb, alternativement qui \u00ab\u00a0comprend des personnes de tous les pays, subit des influences de nombreux pays\u00a0\u00bb. On peut parler de quelqu\u2019un qui voyage beaucoup comme d\u2019un \u00ab\u00a0cosmopolite\u00a0\u00bb ou d\u2019une m\u00e9tropole brassant de nombreuses populations comme d\u2019une \u00ab\u00a0ville cosmopolite\u00a0\u00bb. La marque lucernoise se voit elle-m\u00eame comme une marque cosmopolite, ancr\u00e9e au c\u0153ur de la Suisse et active dans le monde entier. &nbsp; &nbsp; \u00ab\u00a0En 1888, Carl-Friedrich Bucherer a pos\u00e9 les jalons non seulement de notre marque, mais aussi d\u2019une culture d\u2019entreprise internationale et ouverte sur le monde\u00a0\u00bb, souligne son PDG Sascha Moeri. \u00ab\u00a0Ses fils Carl Eduard et Ernst visit\u00e8rent le monde, \u00e9tudi\u00e8rent \u00e0 l\u2019\u00e9tranger et ouvrirent, en 1913 d\u00e9j\u00e0, la premi\u00e8re filiale \u00e0 Berlin. Quelques ann\u00e9es plus tard, ils d\u00e9velopp\u00e8rent leurs activit\u00e9s en Am\u00e9rique du Sud, tout en restant fid\u00e8les [&hellip;]<\/p>\n","protected":false},"author":710,"featured_media":18277,"comment_status":"closed","ping_status":"closed","sticky":false,"template":"","format":"standard","meta":{"_monsterinsights_skip_tracking":false,"_monsterinsights_sitenote_active":false,"_monsterinsights_sitenote_note":"","_monsterinsights_sitenote_category":0,"footnotes":""},"categories":[991,201],"tags":[],"class_list":["post-18263","post","type-post","status-publish","format-standard","has-post-thumbnail","hentry","category-passions","category-mode"],"yoast_head":"<!-- This site is optimized with the Yoast SEO plugin v27.4 - https:\/\/yoast.com\/product\/yoast-seo-wordpress\/ -->\n<title>Carl F. Bucherer L\u2019esprit cosmopolite de la Manero Flyback I Magazine LUXE<\/title>\n<meta name=\"description\" content=\"Carl F. Bucherer, la marque Made in Lucerne, renouvelle sa ligne Manero Flyback. Des mod\u00e8les \u00e0 complication incarnant un esprit cosmopolite adapt\u00e9 \u00e0 cette nouvelle r\u00e9alit\u00e9. Pr\u00e9sentation de cette s\u00e9rie sport-chic et \u00e9l\u00e9gamment optimiste.\" \/>\n<meta name=\"robots\" content=\"index, follow, max-snippet:-1, max-image-preview:large, max-video-preview:-1\" \/>\n<link rel=\"canonical\" href=\"https:\/\/magazineluxe.com\/fr\/carl-f-bucherer-l-esprit-cosmopolite-de-la-manero-flyback\/\" \/>\n<meta property=\"og:locale\" content=\"fr_FR\" \/>\n<meta property=\"og:type\" content=\"article\" \/>\n<meta property=\"og:title\" content=\"Carl F. Bucherer L\u2019esprit cosmopolite de la Manero Flyback I Magazine LUXE\" \/>\n<meta property=\"og:description\" content=\"Carl F. Bucherer, la marque Made in Lucerne, renouvelle sa ligne Manero Flyback. Des mod\u00e8les \u00e0 complication incarnant un esprit cosmopolite adapt\u00e9 \u00e0 cette nouvelle r\u00e9alit\u00e9. Pr\u00e9sentation de cette s\u00e9rie sport-chic et \u00e9l\u00e9gamment optimiste.\" \/>\n<meta property=\"og:url\" content=\"https:\/\/magazineluxe.com\/fr\/carl-f-bucherer-l-esprit-cosmopolite-de-la-manero-flyback\/\" \/>\n<meta property=\"og:site_name\" content=\"MAGAZINE LUXE - Immobilier | Design | Art de vivre\" \/>\n<meta property=\"article:published_time\" content=\"2022-06-28T19:00:15+00:00\" \/>\n<meta property=\"article:modified_time\" content=\"2024-07-24T19:34:29+00:00\" \/>\n<meta property=\"og:image\" content=\"https:\/\/magazineluxe.com\/wp-content\/uploads\/2022\/07\/carl-f-bucherer-manero-flyback-7.jpg\" \/>\n\t<meta property=\"og:image:width\" content=\"1920\" \/>\n\t<meta property=\"og:image:height\" content=\"1280\" \/>\n\t<meta property=\"og:image:type\" content=\"image\/jpeg\" \/>\n<meta name=\"author\" content=\"\u00c2tma\" \/>\n<meta name=\"twitter:card\" content=\"summary_large_image\" \/>\n<meta name=\"twitter:image\" content=\"https:\/\/magazineluxe.com\/wp-content\/uploads\/2022\/07\/carl-f-bucherer-manero-flyback-7.jpg\" \/>\n<meta name=\"twitter:label1\" content=\"\u00c9crit par\" \/>\n\t<meta name=\"twitter:data1\" content=\"\u00c2tma\" \/>\n\t<meta name=\"twitter:label2\" content=\"Dur\u00e9e de lecture estim\u00e9e\" \/>\n\t<meta name=\"twitter:data2\" content=\"5 minutes\" \/>\n<script type=\"application\/ld+json\" class=\"yoast-schema-graph\">{\"@context\":\"https:\\\/\\\/schema.org\",\"@graph\":[{\"@type\":\"Article\",\"@id\":\"https:\\\/\\\/magazineluxe.com\\\/fr\\\/carl-f-bucherer-l-esprit-cosmopolite-de-la-manero-flyback\\\/#article\",\"isPartOf\":{\"@id\":\"https:\\\/\\\/magazineluxe.com\\\/fr\\\/carl-f-bucherer-l-esprit-cosmopolite-de-la-manero-flyback\\\/\"},\"author\":{\"name\":\"\u00c2tma\",\"@id\":\"https:\\\/\\\/magazineluxe.com\\\/fr\\\/#\\\/schema\\\/person\\\/8adc55c929911b0b55d79cb0e89a2078\"},\"headline\":\"Carl F. Bucherer : l\u2019esprit cosmopolite de la Manero Flyback\",\"datePublished\":\"2022-06-28T19:00:15+00:00\",\"dateModified\":\"2024-07-24T19:34:29+00:00\",\"mainEntityOfPage\":{\"@id\":\"https:\\\/\\\/magazineluxe.com\\\/fr\\\/carl-f-bucherer-l-esprit-cosmopolite-de-la-manero-flyback\\\/\"},\"wordCount\":1015,\"image\":{\"@id\":\"https:\\\/\\\/magazineluxe.com\\\/fr\\\/carl-f-bucherer-l-esprit-cosmopolite-de-la-manero-flyback\\\/#primaryimage\"},\"thumbnailUrl\":\"https:\\\/\\\/magazineluxe.com\\\/wp-content\\\/uploads\\\/2022\\\/07\\\/carl-f-bucherer-manero-flyback-7.jpg\",\"articleSection\":[\"Lifestyle\",\"Mode\"],\"inLanguage\":\"fr-FR\"},{\"@type\":\"WebPage\",\"@id\":\"https:\\\/\\\/magazineluxe.com\\\/fr\\\/carl-f-bucherer-l-esprit-cosmopolite-de-la-manero-flyback\\\/\",\"url\":\"https:\\\/\\\/magazineluxe.com\\\/fr\\\/carl-f-bucherer-l-esprit-cosmopolite-de-la-manero-flyback\\\/\",\"name\":\"Carl F. Bucherer L\u2019esprit cosmopolite de la Manero Flyback I Magazine LUXE\",\"isPartOf\":{\"@id\":\"https:\\\/\\\/magazineluxe.com\\\/fr\\\/#website\"},\"primaryImageOfPage\":{\"@id\":\"https:\\\/\\\/magazineluxe.com\\\/fr\\\/carl-f-bucherer-l-esprit-cosmopolite-de-la-manero-flyback\\\/#primaryimage\"},\"image\":{\"@id\":\"https:\\\/\\\/magazineluxe.com\\\/fr\\\/carl-f-bucherer-l-esprit-cosmopolite-de-la-manero-flyback\\\/#primaryimage\"},\"thumbnailUrl\":\"https:\\\/\\\/magazineluxe.com\\\/wp-content\\\/uploads\\\/2022\\\/07\\\/carl-f-bucherer-manero-flyback-7.jpg\",\"datePublished\":\"2022-06-28T19:00:15+00:00\",\"dateModified\":\"2024-07-24T19:34:29+00:00\",\"author\":{\"@id\":\"https:\\\/\\\/magazineluxe.com\\\/fr\\\/#\\\/schema\\\/person\\\/8adc55c929911b0b55d79cb0e89a2078\"},\"description\":\"Carl F. Bucherer, la marque Made in Lucerne, renouvelle sa ligne Manero Flyback. Des mod\u00e8les \u00e0 complication incarnant un esprit cosmopolite adapt\u00e9 \u00e0 cette nouvelle r\u00e9alit\u00e9. Pr\u00e9sentation de cette s\u00e9rie sport-chic et \u00e9l\u00e9gamment optimiste.\",\"breadcrumb\":{\"@id\":\"https:\\\/\\\/magazineluxe.com\\\/fr\\\/carl-f-bucherer-l-esprit-cosmopolite-de-la-manero-flyback\\\/#breadcrumb\"},\"inLanguage\":\"fr-FR\",\"potentialAction\":[{\"@type\":\"ReadAction\",\"target\":[\"https:\\\/\\\/magazineluxe.com\\\/fr\\\/carl-f-bucherer-l-esprit-cosmopolite-de-la-manero-flyback\\\/\"]}]},{\"@type\":\"ImageObject\",\"inLanguage\":\"fr-FR\",\"@id\":\"https:\\\/\\\/magazineluxe.com\\\/fr\\\/carl-f-bucherer-l-esprit-cosmopolite-de-la-manero-flyback\\\/#primaryimage\",\"url\":\"https:\\\/\\\/magazineluxe.com\\\/wp-content\\\/uploads\\\/2022\\\/07\\\/carl-f-bucherer-manero-flyback-7.jpg\",\"contentUrl\":\"https:\\\/\\\/magazineluxe.com\\\/wp-content\\\/uploads\\\/2022\\\/07\\\/carl-f-bucherer-manero-flyback-7.jpg\",\"width\":1920,\"height\":1280,\"caption\":\"The perfect companion for the cosmopolitan mindset: Manero Flyback with blue dial and blue textile strap (KEYSTONE\\\/Carl F. Bucherer\\\/Giorgos Aslanidis)\"},{\"@type\":\"BreadcrumbList\",\"@id\":\"https:\\\/\\\/magazineluxe.com\\\/fr\\\/carl-f-bucherer-l-esprit-cosmopolite-de-la-manero-flyback\\\/#breadcrumb\",\"itemListElement\":[{\"@type\":\"ListItem\",\"position\":1,\"name\":\"Accueil\",\"item\":\"https:\\\/\\\/magazineluxe.com\\\/fr\\\/\"},{\"@type\":\"ListItem\",\"position\":2,\"name\":\"Carl F. Bucherer : l\u2019esprit cosmopolite de la Manero Flyback\"}]},{\"@type\":\"WebSite\",\"@id\":\"https:\\\/\\\/magazineluxe.com\\\/fr\\\/#website\",\"url\":\"https:\\\/\\\/magazineluxe.com\\\/fr\\\/\",\"name\":\"MAGAZINE LUXE - Immobilier | Design | Art de vivre\",\"description\":\"MAGAZINE LUXE - Immobilier | Design | Art de vivre\",\"potentialAction\":[{\"@type\":\"SearchAction\",\"target\":{\"@type\":\"EntryPoint\",\"urlTemplate\":\"https:\\\/\\\/magazineluxe.com\\\/fr\\\/?s={search_term_string}\"},\"query-input\":{\"@type\":\"PropertyValueSpecification\",\"valueRequired\":true,\"valueName\":\"search_term_string\"}}],\"inLanguage\":\"fr-FR\"},{\"@type\":\"Person\",\"@id\":\"https:\\\/\\\/magazineluxe.com\\\/fr\\\/#\\\/schema\\\/person\\\/8adc55c929911b0b55d79cb0e89a2078\",\"name\":\"\u00c2tma\",\"image\":{\"@type\":\"ImageObject\",\"inLanguage\":\"fr-FR\",\"@id\":\"https:\\\/\\\/secure.gravatar.com\\\/avatar\\\/8f040abb094cad542949c1488512389277711ac5ee0e395bbebaa2573f7a2377?s=96&d=mm&r=g\",\"url\":\"https:\\\/\\\/secure.gravatar.com\\\/avatar\\\/8f040abb094cad542949c1488512389277711ac5ee0e395bbebaa2573f7a2377?s=96&d=mm&r=g\",\"contentUrl\":\"https:\\\/\\\/secure.gravatar.com\\\/avatar\\\/8f040abb094cad542949c1488512389277711ac5ee0e395bbebaa2573f7a2377?s=96&d=mm&r=g\",\"caption\":\"\u00c2tma\"},\"url\":\"https:\\\/\\\/magazineluxe.com\\\/fr\\\/author\\\/atma\\\/\"}]}<\/script>\n<!-- \/ Yoast SEO plugin. -->","yoast_head_json":{"title":"Carl F. Bucherer L\u2019esprit cosmopolite de la Manero Flyback I Magazine LUXE","description":"Carl F. Bucherer, la marque Made in Lucerne, renouvelle sa ligne Manero Flyback. Des mod\u00e8les \u00e0 complication incarnant un esprit cosmopolite adapt\u00e9 \u00e0 cette nouvelle r\u00e9alit\u00e9. Pr\u00e9sentation de cette s\u00e9rie sport-chic et \u00e9l\u00e9gamment optimiste.","robots":{"index":"index","follow":"follow","max-snippet":"max-snippet:-1","max-image-preview":"max-image-preview:large","max-video-preview":"max-video-preview:-1"},"canonical":"https:\/\/magazineluxe.com\/fr\/carl-f-bucherer-l-esprit-cosmopolite-de-la-manero-flyback\/","og_locale":"fr_FR","og_type":"article","og_title":"Carl F. Bucherer L\u2019esprit cosmopolite de la Manero Flyback I Magazine LUXE","og_description":"Carl F. Bucherer, la marque Made in Lucerne, renouvelle sa ligne Manero Flyback. Des mod\u00e8les \u00e0 complication incarnant un esprit cosmopolite adapt\u00e9 \u00e0 cette nouvelle r\u00e9alit\u00e9. Pr\u00e9sentation de cette s\u00e9rie sport-chic et \u00e9l\u00e9gamment optimiste.","og_url":"https:\/\/magazineluxe.com\/fr\/carl-f-bucherer-l-esprit-cosmopolite-de-la-manero-flyback\/","og_site_name":"MAGAZINE LUXE - Immobilier | Design | Art de vivre","article_published_time":"2022-06-28T19:00:15+00:00","article_modified_time":"2024-07-24T19:34:29+00:00","og_image":[{"width":1920,"height":1280,"url":"https:\/\/magazineluxe.com\/wp-content\/uploads\/2022\/07\/carl-f-bucherer-manero-flyback-7.jpg","type":"image\/jpeg"}],"author":"\u00c2tma","twitter_card":"summary_large_image","twitter_image":"https:\/\/magazineluxe.com\/wp-content\/uploads\/2022\/07\/carl-f-bucherer-manero-flyback-7.jpg","twitter_misc":{"\u00c9crit par":"\u00c2tma","Dur\u00e9e de lecture estim\u00e9e":"5 minutes"},"schema":{"@context":"https:\/\/schema.org","@graph":[{"@type":"Article","@id":"https:\/\/magazineluxe.com\/fr\/carl-f-bucherer-l-esprit-cosmopolite-de-la-manero-flyback\/#article","isPartOf":{"@id":"https:\/\/magazineluxe.com\/fr\/carl-f-bucherer-l-esprit-cosmopolite-de-la-manero-flyback\/"},"author":{"name":"\u00c2tma","@id":"https:\/\/magazineluxe.com\/fr\/#\/schema\/person\/8adc55c929911b0b55d79cb0e89a2078"},"headline":"Carl F. Bucherer : l\u2019esprit cosmopolite de la Manero Flyback","datePublished":"2022-06-28T19:00:15+00:00","dateModified":"2024-07-24T19:34:29+00:00","mainEntityOfPage":{"@id":"https:\/\/magazineluxe.com\/fr\/carl-f-bucherer-l-esprit-cosmopolite-de-la-manero-flyback\/"},"wordCount":1015,"image":{"@id":"https:\/\/magazineluxe.com\/fr\/carl-f-bucherer-l-esprit-cosmopolite-de-la-manero-flyback\/#primaryimage"},"thumbnailUrl":"https:\/\/magazineluxe.com\/wp-content\/uploads\/2022\/07\/carl-f-bucherer-manero-flyback-7.jpg","articleSection":["Lifestyle","Mode"],"inLanguage":"fr-FR"},{"@type":"WebPage","@id":"https:\/\/magazineluxe.com\/fr\/carl-f-bucherer-l-esprit-cosmopolite-de-la-manero-flyback\/","url":"https:\/\/magazineluxe.com\/fr\/carl-f-bucherer-l-esprit-cosmopolite-de-la-manero-flyback\/","name":"Carl F. Bucherer L\u2019esprit cosmopolite de la Manero Flyback I Magazine LUXE","isPartOf":{"@id":"https:\/\/magazineluxe.com\/fr\/#website"},"primaryImageOfPage":{"@id":"https:\/\/magazineluxe.com\/fr\/carl-f-bucherer-l-esprit-cosmopolite-de-la-manero-flyback\/#primaryimage"},"image":{"@id":"https:\/\/magazineluxe.com\/fr\/carl-f-bucherer-l-esprit-cosmopolite-de-la-manero-flyback\/#primaryimage"},"thumbnailUrl":"https:\/\/magazineluxe.com\/wp-content\/uploads\/2022\/07\/carl-f-bucherer-manero-flyback-7.jpg","datePublished":"2022-06-28T19:00:15+00:00","dateModified":"2024-07-24T19:34:29+00:00","author":{"@id":"https:\/\/magazineluxe.com\/fr\/#\/schema\/person\/8adc55c929911b0b55d79cb0e89a2078"},"description":"Carl F. Bucherer, la marque Made in Lucerne, renouvelle sa ligne Manero Flyback. Des mod\u00e8les \u00e0 complication incarnant un esprit cosmopolite adapt\u00e9 \u00e0 cette nouvelle r\u00e9alit\u00e9. Pr\u00e9sentation de cette s\u00e9rie sport-chic et \u00e9l\u00e9gamment optimiste.","breadcrumb":{"@id":"https:\/\/magazineluxe.com\/fr\/carl-f-bucherer-l-esprit-cosmopolite-de-la-manero-flyback\/#breadcrumb"},"inLanguage":"fr-FR","potentialAction":[{"@type":"ReadAction","target":["https:\/\/magazineluxe.com\/fr\/carl-f-bucherer-l-esprit-cosmopolite-de-la-manero-flyback\/"]}]},{"@type":"ImageObject","inLanguage":"fr-FR","@id":"https:\/\/magazineluxe.com\/fr\/carl-f-bucherer-l-esprit-cosmopolite-de-la-manero-flyback\/#primaryimage","url":"https:\/\/magazineluxe.com\/wp-content\/uploads\/2022\/07\/carl-f-bucherer-manero-flyback-7.jpg","contentUrl":"https:\/\/magazineluxe.com\/wp-content\/uploads\/2022\/07\/carl-f-bucherer-manero-flyback-7.jpg","width":1920,"height":1280,"caption":"The perfect companion for the cosmopolitan mindset: Manero Flyback with blue dial and blue textile strap (KEYSTONE\/Carl F. Bucherer\/Giorgos Aslanidis)"},{"@type":"BreadcrumbList","@id":"https:\/\/magazineluxe.com\/fr\/carl-f-bucherer-l-esprit-cosmopolite-de-la-manero-flyback\/#breadcrumb","itemListElement":[{"@type":"ListItem","position":1,"name":"Accueil","item":"https:\/\/magazineluxe.com\/fr\/"},{"@type":"ListItem","position":2,"name":"Carl F. Bucherer : l\u2019esprit cosmopolite de la Manero Flyback"}]},{"@type":"WebSite","@id":"https:\/\/magazineluxe.com\/fr\/#website","url":"https:\/\/magazineluxe.com\/fr\/","name":"MAGAZINE LUXE - Immobilier | Design | Art de vivre","description":"MAGAZINE LUXE - Immobilier | Design | Art de vivre","potentialAction":[{"@type":"SearchAction","target":{"@type":"EntryPoint","urlTemplate":"https:\/\/magazineluxe.com\/fr\/?s={search_term_string}"},"query-input":{"@type":"PropertyValueSpecification","valueRequired":true,"valueName":"search_term_string"}}],"inLanguage":"fr-FR"},{"@type":"Person","@id":"https:\/\/magazineluxe.com\/fr\/#\/schema\/person\/8adc55c929911b0b55d79cb0e89a2078","name":"\u00c2tma","image":{"@type":"ImageObject","inLanguage":"fr-FR","@id":"https:\/\/secure.gravatar.com\/avatar\/8f040abb094cad542949c1488512389277711ac5ee0e395bbebaa2573f7a2377?s=96&d=mm&r=g","url":"https:\/\/secure.gravatar.com\/avatar\/8f040abb094cad542949c1488512389277711ac5ee0e395bbebaa2573f7a2377?s=96&d=mm&r=g","contentUrl":"https:\/\/secure.gravatar.com\/avatar\/8f040abb094cad542949c1488512389277711ac5ee0e395bbebaa2573f7a2377?s=96&d=mm&r=g","caption":"\u00c2tma"},"url":"https:\/\/magazineluxe.com\/fr\/author\/atma\/"}]}},"_links":{"self":[{"href":"https:\/\/magazineluxe.com\/fr\/wp-json\/wp\/v2\/posts\/18263","targetHints":{"allow":["GET"]}}],"collection":[{"href":"https:\/\/magazineluxe.com\/fr\/wp-json\/wp\/v2\/posts"}],"about":[{"href":"https:\/\/magazineluxe.com\/fr\/wp-json\/wp\/v2\/types\/post"}],"author":[{"embeddable":true,"href":"https:\/\/magazineluxe.com\/fr\/wp-json\/wp\/v2\/users\/710"}],"replies":[{"embeddable":true,"href":"https:\/\/magazineluxe.com\/fr\/wp-json\/wp\/v2\/comments?post=18263"}],"version-history":[{"count":5,"href":"https:\/\/magazineluxe.com\/fr\/wp-json\/wp\/v2\/posts\/18263\/revisions"}],"predecessor-version":[{"id":18285,"href":"https:\/\/magazineluxe.com\/fr\/wp-json\/wp\/v2\/posts\/18263\/revisions\/18285"}],"wp:featuredmedia":[{"embeddable":true,"href":"https:\/\/magazineluxe.com\/fr\/wp-json\/wp\/v2\/media\/18277"}],"wp:attachment":[{"href":"https:\/\/magazineluxe.com\/fr\/wp-json\/wp\/v2\/media?parent=18263"}],"wp:term":[{"taxonomy":"category","embeddable":true,"href":"https:\/\/magazineluxe.com\/fr\/wp-json\/wp\/v2\/categories?post=18263"},{"taxonomy":"post_tag","embeddable":true,"href":"https:\/\/magazineluxe.com\/fr\/wp-json\/wp\/v2\/tags?post=18263"}],"curies":[{"name":"wp","href":"https:\/\/api.w.org\/{rel}","templated":true}]}}