{"id":18492,"date":"2022-07-26T16:00:51","date_gmt":"2022-07-26T20:00:51","guid":{"rendered":"https:\/\/magazineluxe.com\/?p=18492"},"modified":"2023-04-27T17:17:12","modified_gmt":"2023-04-27T21:17:12","slug":"dans-ma-bibliotheque","status":"publish","type":"post","link":"https:\/\/magazineluxe.com\/fr\/dans-ma-bibliotheque\/","title":{"rendered":"Dans ma biblioth\u00e8que"},"content":{"rendered":"<h2>Romans<\/h2>\n<h3><strong>Une fresque familiale vibrante<\/strong><\/h3>\n<p>Dans ce second volet du Pays des autres, l\u2019auteure nous livre un magnifique roman duquel r\u00e9sonne un Maroc ind\u00e9pendant qui a du mal \u00e0 tracer son propre chemin. Entre tradition et libert\u00e9, c\u2019est dans cette p\u00e9riode trouble que nous retrouvons la famille Belhaj en pleine ascension sociale et qui, de terres arides, \u00e0 force de travail, se retrouve \u00e0 la t\u00eate d\u2019une exploitation prosp\u00e8re. Elle se m\u00eale alors \u00e0 la bourgeoisie locale, et toutes les ambigu\u00eft\u00e9s entre Marocains et Fran\u00e7ais ressurgissent.<\/p>\n<p>&nbsp;<\/p>\n<p><em>Regardez-nous danser\u00a0<\/em>de Le\u00efla Slimani \u2013 \u00c9d. Gallimard<\/p>\n<p>&nbsp;<\/p>\n<p><a href=\"https:\/\/magazineluxe.com\/wp-content\/uploads\/2022\/07\/regardez-nous-danser-leila-slimani.jpeg\"><img loading=\"lazy\" decoding=\"async\" class=\"aligncenter wp-image-18495 size-medium\" src=\"https:\/\/magazineluxe.com\/wp-content\/uploads\/2022\/07\/regardez-nous-danser-leila-slimani-205x300.jpeg\" alt=\"\" width=\"205\" height=\"300\" srcset=\"https:\/\/magazineluxe.com\/wp-content\/uploads\/2022\/07\/regardez-nous-danser-leila-slimani-205x300.jpeg 205w, https:\/\/magazineluxe.com\/wp-content\/uploads\/2022\/07\/regardez-nous-danser-leila-slimani-700x1024.jpeg 700w, https:\/\/magazineluxe.com\/wp-content\/uploads\/2022\/07\/regardez-nous-danser-leila-slimani-768x1124.jpeg 768w, https:\/\/magazineluxe.com\/wp-content\/uploads\/2022\/07\/regardez-nous-danser-leila-slimani-1049x1536.jpeg 1049w, https:\/\/magazineluxe.com\/wp-content\/uploads\/2022\/07\/regardez-nous-danser-leila-slimani-1399x2048.jpeg 1399w, https:\/\/magazineluxe.com\/wp-content\/uploads\/2022\/07\/regardez-nous-danser-leila-slimani-1300x1903.jpeg 1300w, https:\/\/magazineluxe.com\/wp-content\/uploads\/2022\/07\/regardez-nous-danser-leila-slimani.jpeg 1654w\" sizes=\"auto, (max-width: 205px) 100vw, 205px\" \/><\/a><\/p>\n<h3><strong>Du cri au r\u00eave de renaissance<\/strong><\/h3>\n<p>Ce roman bouleversant nous transporte \u00e0 Londres dans la qu\u00eate de v\u00e9rit\u00e9 des origines d\u2019Ada. Entre un p\u00e8re grec et une m\u00e8re turque, elle porte inconsciemment le poids de son histoire familiale, n\u00e9e d\u2019un amour interdit en pleine guerre civile chypriote. L\u2019\u00eele scind\u00e9e en deux n\u2019est que d\u00e9ferlement de violence et condamne irr\u00e9m\u00e9diablement cet amour. Elif Shafak nous emporte dans un m\u00e9lange de r\u00eaverie et de douleur, pour que la parole puisse se lib\u00e9rer et les g\u00e9n\u00e9rations cohabiter.<\/p>\n<p>&nbsp;<\/p>\n<p><em>L\u2019\u00eele aux arbres disparus <\/em>de Elif Shafak \u2013 \u00c9d. Flammarion<\/p>\n<p>&nbsp;<\/p>\n<p><a href=\"https:\/\/magazineluxe.com\/wp-content\/uploads\/2022\/07\/l-ile-aux-arbres-disparus-elif-shafak.jpeg\"><img loading=\"lazy\" decoding=\"async\" class=\"aligncenter wp-image-18497 size-medium\" src=\"https:\/\/magazineluxe.com\/wp-content\/uploads\/2022\/07\/l-ile-aux-arbres-disparus-elif-shafak-198x300.jpeg\" alt=\"\" width=\"198\" height=\"300\" srcset=\"https:\/\/magazineluxe.com\/wp-content\/uploads\/2022\/07\/l-ile-aux-arbres-disparus-elif-shafak-198x300.jpeg 198w, https:\/\/magazineluxe.com\/wp-content\/uploads\/2022\/07\/l-ile-aux-arbres-disparus-elif-shafak-675x1024.jpeg 675w, https:\/\/magazineluxe.com\/wp-content\/uploads\/2022\/07\/l-ile-aux-arbres-disparus-elif-shafak-768x1165.jpeg 768w, https:\/\/magazineluxe.com\/wp-content\/uploads\/2022\/07\/l-ile-aux-arbres-disparus-elif-shafak.jpeg 856w\" sizes=\"auto, (max-width: 198px) 100vw, 198px\" \/><\/a><\/p>\n<p>&nbsp;<\/p>\n<h2>Livres de cuisine<\/h2>\n<h3><strong>Un mode de vie sain et rassembleur<\/strong><\/h3>\n<p>Vanessa Perrone nous livre une c\u00e9l\u00e9bration du r\u00e9gime m\u00e9diterran\u00e9en, conjuguant ses origines italiennes et ses connaissances de la di\u00e9t\u00e9tique. V\u00e9ritable guide vers un mode de vie plus libre face \u00e0 nos assiettes, l\u2019auteure nous pr\u00e9sente un audacieux m\u00e9lange de son h\u00e9ritage culinaire adapt\u00e9 \u00e0 notre quotidien avec des recettes sant\u00e9 \u00f4 combien savoureuses. Surprenez vos invit\u00e9s avec la salade de fenouil \u00e0 l\u2019orange sanguine et le couscous \u00e9chalotes caram\u00e9lis\u00e9es, pistaches et raisins.<\/p>\n<p>&nbsp;<\/p>\n<p><em>M\u00e9diterran\u00e9enne : Recettes et inspirations ensoleill\u00e9es <\/em>de Vanessa Perrone \u2013 \u00c9d. Cardinal<\/p>\n<p>&nbsp;<\/p>\n<p><a href=\"https:\/\/magazineluxe.com\/wp-content\/uploads\/2022\/07\/mediterraneenne-recettes-et-inspirations-ensoleillees-vanessa-perrone.jpeg\"><img loading=\"lazy\" decoding=\"async\" class=\"aligncenter wp-image-18499 size-medium\" src=\"https:\/\/magazineluxe.com\/wp-content\/uploads\/2022\/07\/mediterraneenne-recettes-et-inspirations-ensoleillees-vanessa-perrone-238x300.jpeg\" alt=\"\" width=\"238\" height=\"300\" srcset=\"https:\/\/magazineluxe.com\/wp-content\/uploads\/2022\/07\/mediterraneenne-recettes-et-inspirations-ensoleillees-vanessa-perrone-238x300.jpeg 238w, https:\/\/magazineluxe.com\/wp-content\/uploads\/2022\/07\/mediterraneenne-recettes-et-inspirations-ensoleillees-vanessa-perrone-813x1024.jpeg 813w, https:\/\/magazineluxe.com\/wp-content\/uploads\/2022\/07\/mediterraneenne-recettes-et-inspirations-ensoleillees-vanessa-perrone-768x968.jpeg 768w, https:\/\/magazineluxe.com\/wp-content\/uploads\/2022\/07\/mediterraneenne-recettes-et-inspirations-ensoleillees-vanessa-perrone.jpeg 1000w\" sizes=\"auto, (max-width: 238px) 100vw, 238px\" \/><\/a><\/p>\n<h3><strong>Retrouver le go\u00fbt de l\u2019authentique<\/strong><\/h3>\n<p>B\u00e9r\u00e9nice Leconte d\u00e9voile des recettes qui \u00e9veillent les papilles. L\u2019objectif? Retrouver le m\u00eame go\u00fbt que dans la p\u00e2tisserie traditionnelle, mais en l\u2019adaptant. L\u2019ouvrage pr\u00e9sente une foule d\u2019id\u00e9es culinaires v\u00e9ganes et nous d\u00e9livre les tours de main et les \u00e9l\u00e9ments indispensables de la p\u00e2tisserie, en passant en revue les mati\u00e8res premi\u00e8res et les bases. Du flamboyant op\u00e9ra au plus rustique pain au chocolat, vous vous d\u00e9lecterez de ces recettes de fine p\u00e2tisserie revisit\u00e9e.<\/p>\n<p>&nbsp;<\/p>\n<p><em>P\u00e2tisserie vegan <\/em> de B\u00e9r\u00e9nice Leconte \u2013 \u00c9d. La Plage<\/p>\n<p>&nbsp;<\/p>\n<p><a href=\"https:\/\/magazineluxe.com\/wp-content\/uploads\/2022\/07\/patisserie-vegan-berenice-leconte.jpg\"><img loading=\"lazy\" decoding=\"async\" class=\"aligncenter wp-image-18501 size-medium\" src=\"https:\/\/magazineluxe.com\/wp-content\/uploads\/2022\/07\/patisserie-vegan-berenice-leconte-219x300.jpg\" alt=\"\" width=\"219\" height=\"300\" srcset=\"https:\/\/magazineluxe.com\/wp-content\/uploads\/2022\/07\/patisserie-vegan-berenice-leconte-219x300.jpg 219w, https:\/\/magazineluxe.com\/wp-content\/uploads\/2022\/07\/patisserie-vegan-berenice-leconte-749x1024.jpg 749w, https:\/\/magazineluxe.com\/wp-content\/uploads\/2022\/07\/patisserie-vegan-berenice-leconte-768x1050.jpg 768w, https:\/\/magazineluxe.com\/wp-content\/uploads\/2022\/07\/patisserie-vegan-berenice-leconte.jpg 920w\" sizes=\"auto, (max-width: 219px) 100vw, 219px\" \/><\/a><\/p>\n<p>&nbsp;<\/p>\n<h2>Beaux livres<\/h2>\n<h3><strong>Plus de 70 ans de r\u00e9trospective en autoportraits<\/strong><\/h3>\n<p>Apr\u00e8s des d\u00e9cennies de recherche, Pascal Bonafoux nous offre un album exhaustif des autoportraits r\u00e9alis\u00e9s par Picasso tout au long de sa vie. Les dessins ne ressemblent pas \u00e0 ce que nous pouvons nous figurer de ses \u0153uvres en g\u00e9n\u00e9ral, et c\u2019est une belle surprise que cette nouvelle invitation \u00e0 d\u00e9couvrir ce g\u00e9nie du 20<sup>e\u00a0<\/sup>si\u00e8cle. Quelque 170 croquis et peintures y sont analys\u00e9s, afin de nous approcher au plus pr\u00e8s de l\u2019artiste.<\/p>\n<p>&nbsp;<\/p>\n<p><em>Picasso par Picasso <\/em>de Pascal Bonafoux \u2013 \u00c9d. Seuil<\/p>\n<p>&nbsp;<\/p>\n<p><a href=\"https:\/\/magazineluxe.com\/wp-content\/uploads\/2022\/07\/picasso-par-picasso-pascal-bonafoux.jpeg\"><img loading=\"lazy\" decoding=\"async\" class=\"aligncenter wp-image-18503 size-medium\" src=\"https:\/\/magazineluxe.com\/wp-content\/uploads\/2022\/07\/picasso-par-picasso-pascal-bonafoux-226x300.jpeg\" alt=\"\" width=\"226\" height=\"300\" srcset=\"https:\/\/magazineluxe.com\/wp-content\/uploads\/2022\/07\/picasso-par-picasso-pascal-bonafoux-226x300.jpeg 226w, https:\/\/magazineluxe.com\/wp-content\/uploads\/2022\/07\/picasso-par-picasso-pascal-bonafoux-772x1024.jpeg 772w, https:\/\/magazineluxe.com\/wp-content\/uploads\/2022\/07\/picasso-par-picasso-pascal-bonafoux-768x1019.jpeg 768w, https:\/\/magazineluxe.com\/wp-content\/uploads\/2022\/07\/picasso-par-picasso-pascal-bonafoux-1158x1536.jpeg 1158w, https:\/\/magazineluxe.com\/wp-content\/uploads\/2022\/07\/picasso-par-picasso-pascal-bonafoux.jpeg 1206w\" sizes=\"auto, (max-width: 226px) 100vw, 226px\" \/><\/a><\/p>\n<h3><strong>Entre pastels et murales immersives<\/strong><\/h3>\n<p>Cet ouvrage est un incontournable concernant le travail de Nicolas Party. Il fait \u00e9cho \u00e0 sa premi\u00e8re exposition au Canada, intitul\u00e9e<em> L\u2019heure mauve<\/em>. Le livre regroupe des images de l\u2019exposition de pastels color\u00e9s, d\u2019imposantes murales et de sculptures magistrales, et est pr\u00e9fac\u00e9 par le directeur g\u00e9n\u00e9ral du Mus\u00e9e des beaux-arts de Montr\u00e9al. Il est agr\u00e9ment\u00e9 d\u2019un essai d\u2019art, de photos du processus cr\u00e9atif de l\u2019artiste et de textes originaux de Pierre Lapointe.<\/p>\n<p>&nbsp;<\/p>\n<p><em>L\u2019heure mauve <\/em> de B\u00e9n\u00e9dicte Ramade et Pierre Lapointe \u2013 \u00c9d. 5 continents<\/p>\n<p>&nbsp;<\/p>\n<p><a href=\"https:\/\/magazineluxe.com\/wp-content\/uploads\/2022\/07\/l-heure-mauve-benedicte-ramade-pierre-lapointe-1.jpg\"><img loading=\"lazy\" decoding=\"async\" class=\"aligncenter wp-image-18505 size-medium\" src=\"https:\/\/magazineluxe.com\/wp-content\/uploads\/2022\/07\/l-heure-mauve-benedicte-ramade-pierre-lapointe-1-258x300.jpg\" alt=\"\" width=\"258\" height=\"300\" srcset=\"https:\/\/magazineluxe.com\/wp-content\/uploads\/2022\/07\/l-heure-mauve-benedicte-ramade-pierre-lapointe-1-258x300.jpg 258w, https:\/\/magazineluxe.com\/wp-content\/uploads\/2022\/07\/l-heure-mauve-benedicte-ramade-pierre-lapointe-1.jpg 400w\" sizes=\"auto, (max-width: 258px) 100vw, 258px\" \/><\/a><\/p>\n<h3><strong>Magnifier l\u2019apparence de la r\u00e9alit\u00e9<\/strong><\/h3>\n<p>Ce magnifique ouvrage nous fait d\u00e9couvrir l\u2019illusion d\u2019optique utilis\u00e9e par les professionnels dans l\u2019univers du design afin de modifier l\u2019apparence des choses d\u2019un point de vue esth\u00e9tique ou fonctionnel. Il r\u00e9v\u00e8le des exemples pointus de son utilisation, du trompe-l\u2019\u0153il \u00e0 l\u2019anamorphose, en architecture, dans l\u2019art, le design et le mobilier. Il n\u2019y a qu\u2019\u00e0 se laisser surprendre par ces inspirations et se dire que \u00ab tout peut \u00eatre fait, si cela peut \u00eatre imagin\u00e9 \u00bb.<\/p>\n<p>&nbsp;<\/p>\n<p><em>Illusion in Design <\/em>de Paul Gunther et Gay Giordano \u2013 \u00c9d. Rizolli<\/p>\n<p>&nbsp;<\/p>\n<p><a href=\"https:\/\/magazineluxe.com\/wp-content\/uploads\/2022\/07\/illusion-in-design-paul-gunther-gay-giordano.jpeg\"><img loading=\"lazy\" decoding=\"async\" class=\"aligncenter wp-image-18507 size-medium\" src=\"https:\/\/magazineluxe.com\/wp-content\/uploads\/2022\/07\/illusion-in-design-paul-gunther-gay-giordano-300x300.jpeg\" alt=\"\" width=\"300\" height=\"300\" srcset=\"https:\/\/magazineluxe.com\/wp-content\/uploads\/2022\/07\/illusion-in-design-paul-gunther-gay-giordano-300x300.jpeg 300w, https:\/\/magazineluxe.com\/wp-content\/uploads\/2022\/07\/illusion-in-design-paul-gunther-gay-giordano-1022x1024.jpeg 1022w, https:\/\/magazineluxe.com\/wp-content\/uploads\/2022\/07\/illusion-in-design-paul-gunther-gay-giordano-150x150.jpeg 150w, https:\/\/magazineluxe.com\/wp-content\/uploads\/2022\/07\/illusion-in-design-paul-gunther-gay-giordano-768x769.jpeg 768w, https:\/\/magazineluxe.com\/wp-content\/uploads\/2022\/07\/illusion-in-design-paul-gunther-gay-giordano-675x675.jpeg 675w, https:\/\/magazineluxe.com\/wp-content\/uploads\/2022\/07\/illusion-in-design-paul-gunther-gay-giordano-114x114.jpeg 114w, https:\/\/magazineluxe.com\/wp-content\/uploads\/2022\/07\/illusion-in-design-paul-gunther-gay-giordano.jpeg 1198w\" sizes=\"auto, (max-width: 300px) 100vw, 300px\" \/><\/a><\/p>\n<h3><strong>Un p\u00e9riple in\u00e9dit sur la terre de feu et de glace<\/strong><\/h3>\n<p>En plongeant dans ces photos, nous d\u00e9couvrons l\u2019Islande \u00e0 travers le regard pointu de l\u2019artiste. Avec ses paysages sauvages insulaires, elle transpose la mati\u00e8re organique en des images \u00e9tincelantes, desquelles en plus d\u2019\u00eatre spectateurs nous d\u00e9sirons \u00eatre les t\u00e9moins. Montagnes ocre, roches volcaniques et autres geysers; l\u2019esprit viking nous absorbe et les croyances impr\u00e8gnent le paysage. Les coul\u00e9es de lave p\u00e9trifi\u00e9e t\u00e9moignent de l\u2019origine du monde et les aurores bor\u00e9ales font se confondre la terre et le ciel.<\/p>\n<p>&nbsp;<\/p>\n<p><em>Islande <\/em>de Feifei Cui Paoluzzo \u2013 \u00c9d. Favre<\/p>\n<p>&nbsp;<\/p>\n<p><a href=\"https:\/\/magazineluxe.com\/wp-content\/uploads\/2022\/07\/islande-feifei-cui-paoluzzo.jpeg\"><img loading=\"lazy\" decoding=\"async\" class=\"aligncenter wp-image-18509 size-medium\" src=\"https:\/\/magazineluxe.com\/wp-content\/uploads\/2022\/07\/islande-feifei-cui-paoluzzo-300x264.jpeg\" alt=\"\" width=\"300\" height=\"264\" srcset=\"https:\/\/magazineluxe.com\/wp-content\/uploads\/2022\/07\/islande-feifei-cui-paoluzzo-300x264.jpeg 300w, https:\/\/magazineluxe.com\/wp-content\/uploads\/2022\/07\/islande-feifei-cui-paoluzzo-768x676.jpeg 768w, https:\/\/magazineluxe.com\/wp-content\/uploads\/2022\/07\/islande-feifei-cui-paoluzzo.jpeg 1024w\" sizes=\"auto, (max-width: 300px) 100vw, 300px\" \/><\/a><\/p>\n<p>&nbsp;<\/p>\n","protected":false},"excerpt":{"rendered":"<p>Romans Une fresque familiale vibrante Dans ce second volet du Pays des autres, l\u2019auteure nous livre un magnifique roman duquel r\u00e9sonne un Maroc ind\u00e9pendant qui a du mal \u00e0 tracer son propre chemin. Entre tradition et libert\u00e9, c\u2019est dans cette p\u00e9riode trouble que nous retrouvons la famille Belhaj en pleine ascension sociale et qui, de terres arides, \u00e0 force de travail, se retrouve \u00e0 la t\u00eate d\u2019une exploitation prosp\u00e8re. Elle se m\u00eale alors \u00e0 la bourgeoisie locale, et toutes les ambigu\u00eft\u00e9s entre Marocains et Fran\u00e7ais ressurgissent. &nbsp; Regardez-nous danser\u00a0de Le\u00efla Slimani \u2013 \u00c9d. Gallimard &nbsp; Du cri au r\u00eave de renaissance Ce roman bouleversant nous transporte \u00e0 Londres dans la qu\u00eate de v\u00e9rit\u00e9 des origines d\u2019Ada. Entre un p\u00e8re grec et une m\u00e8re turque, elle porte inconsciemment le poids de son histoire familiale, n\u00e9e d\u2019un amour interdit en pleine guerre civile chypriote. L\u2019\u00eele scind\u00e9e en deux n\u2019est que d\u00e9ferlement de violence et condamne irr\u00e9m\u00e9diablement cet amour. Elif Shafak nous emporte dans un m\u00e9lange de r\u00eaverie et de douleur, pour que la parole puisse se lib\u00e9rer et les g\u00e9n\u00e9rations cohabiter. &nbsp; L\u2019\u00eele aux arbres disparus de Elif Shafak \u2013 \u00c9d. Flammarion &nbsp; &nbsp; Livres de cuisine Un mode de vie sain [&hellip;]<\/p>\n","protected":false},"author":710,"featured_media":18494,"comment_status":"closed","ping_status":"closed","sticky":false,"template":"","format":"standard","meta":{"_monsterinsights_skip_tracking":false,"_monsterinsights_sitenote_active":false,"_monsterinsights_sitenote_note":"","_monsterinsights_sitenote_category":0,"footnotes":""},"categories":[16],"tags":[],"class_list":["post-18492","post","type-post","status-publish","format-standard","has-post-thumbnail","hentry","category-artistes"],"yoast_head":"<!-- This site is optimized with the Yoast SEO plugin v27.4 - https:\/\/yoast.com\/product\/yoast-seo-wordpress\/ -->\n<title>Dans ma biblioth\u00e8que S\u00e9lection de livres \u00c9t\u00e9 2022 I Magazine LUXE<\/title>\n<meta name=\"description\" content=\"Dans ma biblioth\u00e8que : d\u00e9couvrez la s\u00e9lection de romans, de livres de cuisine et de beaux livres de Magazine LUXE pour l&#039;\u00e9t\u00e9 2022.\" \/>\n<meta name=\"robots\" content=\"index, follow, max-snippet:-1, max-image-preview:large, max-video-preview:-1\" \/>\n<link rel=\"canonical\" href=\"https:\/\/magazineluxe.com\/fr\/dans-ma-bibliotheque\/\" \/>\n<meta property=\"og:locale\" content=\"fr_FR\" \/>\n<meta property=\"og:type\" content=\"article\" \/>\n<meta property=\"og:title\" content=\"Dans ma biblioth\u00e8que S\u00e9lection de livres \u00c9t\u00e9 2022 I Magazine LUXE\" \/>\n<meta property=\"og:description\" content=\"Dans ma biblioth\u00e8que : d\u00e9couvrez la s\u00e9lection de romans, de livres de cuisine et de beaux livres de Magazine LUXE pour l&#039;\u00e9t\u00e9 2022.\" \/>\n<meta property=\"og:url\" content=\"https:\/\/magazineluxe.com\/fr\/dans-ma-bibliotheque\/\" \/>\n<meta property=\"og:site_name\" content=\"MAGAZINE LUXE - Immobilier | Design | Art de vivre\" \/>\n<meta property=\"article:published_time\" content=\"2022-07-26T20:00:51+00:00\" \/>\n<meta property=\"article:modified_time\" content=\"2023-04-27T21:17:12+00:00\" \/>\n<meta property=\"og:image\" content=\"https:\/\/magazineluxe.com\/wp-content\/uploads\/2022\/07\/patisserie-vegan-berenice-leconte-2.jpg\" \/>\n\t<meta property=\"og:image:width\" content=\"1920\" \/>\n\t<meta property=\"og:image:height\" content=\"1280\" \/>\n\t<meta property=\"og:image:type\" content=\"image\/jpeg\" \/>\n<meta name=\"author\" content=\"\u00c2tma\" \/>\n<meta name=\"twitter:card\" content=\"summary_large_image\" \/>\n<meta name=\"twitter:image\" content=\"https:\/\/magazineluxe.com\/wp-content\/uploads\/2022\/07\/patisserie-vegan-berenice-leconte-2.jpg\" \/>\n<meta name=\"twitter:label1\" content=\"\u00c9crit par\" \/>\n\t<meta name=\"twitter:data1\" content=\"\u00c2tma\" \/>\n\t<meta name=\"twitter:label2\" content=\"Dur\u00e9e de lecture estim\u00e9e\" \/>\n\t<meta name=\"twitter:data2\" content=\"5 minutes\" \/>\n<script type=\"application\/ld+json\" class=\"yoast-schema-graph\">{\"@context\":\"https:\\\/\\\/schema.org\",\"@graph\":[{\"@type\":\"Article\",\"@id\":\"https:\\\/\\\/magazineluxe.com\\\/fr\\\/dans-ma-bibliotheque\\\/#article\",\"isPartOf\":{\"@id\":\"https:\\\/\\\/magazineluxe.com\\\/fr\\\/dans-ma-bibliotheque\\\/\"},\"author\":{\"name\":\"\u00c2tma\",\"@id\":\"https:\\\/\\\/magazineluxe.com\\\/fr\\\/#\\\/schema\\\/person\\\/8adc55c929911b0b55d79cb0e89a2078\"},\"headline\":\"Dans ma biblioth\u00e8que\",\"datePublished\":\"2022-07-26T20:00:51+00:00\",\"dateModified\":\"2023-04-27T21:17:12+00:00\",\"mainEntityOfPage\":{\"@id\":\"https:\\\/\\\/magazineluxe.com\\\/fr\\\/dans-ma-bibliotheque\\\/\"},\"wordCount\":878,\"image\":{\"@id\":\"https:\\\/\\\/magazineluxe.com\\\/fr\\\/dans-ma-bibliotheque\\\/#primaryimage\"},\"thumbnailUrl\":\"https:\\\/\\\/magazineluxe.com\\\/wp-content\\\/uploads\\\/2022\\\/07\\\/patisserie-vegan-berenice-leconte-2.jpg\",\"articleSection\":[\"Art\"],\"inLanguage\":\"fr-FR\"},{\"@type\":\"WebPage\",\"@id\":\"https:\\\/\\\/magazineluxe.com\\\/fr\\\/dans-ma-bibliotheque\\\/\",\"url\":\"https:\\\/\\\/magazineluxe.com\\\/fr\\\/dans-ma-bibliotheque\\\/\",\"name\":\"Dans ma biblioth\u00e8que S\u00e9lection de livres \u00c9t\u00e9 2022 I Magazine LUXE\",\"isPartOf\":{\"@id\":\"https:\\\/\\\/magazineluxe.com\\\/fr\\\/#website\"},\"primaryImageOfPage\":{\"@id\":\"https:\\\/\\\/magazineluxe.com\\\/fr\\\/dans-ma-bibliotheque\\\/#primaryimage\"},\"image\":{\"@id\":\"https:\\\/\\\/magazineluxe.com\\\/fr\\\/dans-ma-bibliotheque\\\/#primaryimage\"},\"thumbnailUrl\":\"https:\\\/\\\/magazineluxe.com\\\/wp-content\\\/uploads\\\/2022\\\/07\\\/patisserie-vegan-berenice-leconte-2.jpg\",\"datePublished\":\"2022-07-26T20:00:51+00:00\",\"dateModified\":\"2023-04-27T21:17:12+00:00\",\"author\":{\"@id\":\"https:\\\/\\\/magazineluxe.com\\\/fr\\\/#\\\/schema\\\/person\\\/8adc55c929911b0b55d79cb0e89a2078\"},\"description\":\"Dans ma biblioth\u00e8que : d\u00e9couvrez la s\u00e9lection de romans, de livres de cuisine et de beaux livres de Magazine LUXE pour l'\u00e9t\u00e9 2022.\",\"breadcrumb\":{\"@id\":\"https:\\\/\\\/magazineluxe.com\\\/fr\\\/dans-ma-bibliotheque\\\/#breadcrumb\"},\"inLanguage\":\"fr-FR\",\"potentialAction\":[{\"@type\":\"ReadAction\",\"target\":[\"https:\\\/\\\/magazineluxe.com\\\/fr\\\/dans-ma-bibliotheque\\\/\"]}]},{\"@type\":\"ImageObject\",\"inLanguage\":\"fr-FR\",\"@id\":\"https:\\\/\\\/magazineluxe.com\\\/fr\\\/dans-ma-bibliotheque\\\/#primaryimage\",\"url\":\"https:\\\/\\\/magazineluxe.com\\\/wp-content\\\/uploads\\\/2022\\\/07\\\/patisserie-vegan-berenice-leconte-2.jpg\",\"contentUrl\":\"https:\\\/\\\/magazineluxe.com\\\/wp-content\\\/uploads\\\/2022\\\/07\\\/patisserie-vegan-berenice-leconte-2.jpg\",\"width\":1920,\"height\":1280},{\"@type\":\"BreadcrumbList\",\"@id\":\"https:\\\/\\\/magazineluxe.com\\\/fr\\\/dans-ma-bibliotheque\\\/#breadcrumb\",\"itemListElement\":[{\"@type\":\"ListItem\",\"position\":1,\"name\":\"Accueil\",\"item\":\"https:\\\/\\\/magazineluxe.com\\\/fr\\\/\"},{\"@type\":\"ListItem\",\"position\":2,\"name\":\"Dans ma biblioth\u00e8que\"}]},{\"@type\":\"WebSite\",\"@id\":\"https:\\\/\\\/magazineluxe.com\\\/fr\\\/#website\",\"url\":\"https:\\\/\\\/magazineluxe.com\\\/fr\\\/\",\"name\":\"MAGAZINE LUXE - Immobilier | Design | Art de vivre\",\"description\":\"MAGAZINE LUXE - Immobilier | Design | Art de vivre\",\"potentialAction\":[{\"@type\":\"SearchAction\",\"target\":{\"@type\":\"EntryPoint\",\"urlTemplate\":\"https:\\\/\\\/magazineluxe.com\\\/fr\\\/?s={search_term_string}\"},\"query-input\":{\"@type\":\"PropertyValueSpecification\",\"valueRequired\":true,\"valueName\":\"search_term_string\"}}],\"inLanguage\":\"fr-FR\"},{\"@type\":\"Person\",\"@id\":\"https:\\\/\\\/magazineluxe.com\\\/fr\\\/#\\\/schema\\\/person\\\/8adc55c929911b0b55d79cb0e89a2078\",\"name\":\"\u00c2tma\",\"image\":{\"@type\":\"ImageObject\",\"inLanguage\":\"fr-FR\",\"@id\":\"https:\\\/\\\/secure.gravatar.com\\\/avatar\\\/8f040abb094cad542949c1488512389277711ac5ee0e395bbebaa2573f7a2377?s=96&d=mm&r=g\",\"url\":\"https:\\\/\\\/secure.gravatar.com\\\/avatar\\\/8f040abb094cad542949c1488512389277711ac5ee0e395bbebaa2573f7a2377?s=96&d=mm&r=g\",\"contentUrl\":\"https:\\\/\\\/secure.gravatar.com\\\/avatar\\\/8f040abb094cad542949c1488512389277711ac5ee0e395bbebaa2573f7a2377?s=96&d=mm&r=g\",\"caption\":\"\u00c2tma\"},\"url\":\"https:\\\/\\\/magazineluxe.com\\\/fr\\\/author\\\/atma\\\/\"}]}<\/script>\n<!-- \/ Yoast SEO plugin. -->","yoast_head_json":{"title":"Dans ma biblioth\u00e8que S\u00e9lection de livres \u00c9t\u00e9 2022 I Magazine LUXE","description":"Dans ma biblioth\u00e8que : d\u00e9couvrez la s\u00e9lection de romans, de livres de cuisine et de beaux livres de Magazine LUXE pour l'\u00e9t\u00e9 2022.","robots":{"index":"index","follow":"follow","max-snippet":"max-snippet:-1","max-image-preview":"max-image-preview:large","max-video-preview":"max-video-preview:-1"},"canonical":"https:\/\/magazineluxe.com\/fr\/dans-ma-bibliotheque\/","og_locale":"fr_FR","og_type":"article","og_title":"Dans ma biblioth\u00e8que S\u00e9lection de livres \u00c9t\u00e9 2022 I Magazine LUXE","og_description":"Dans ma biblioth\u00e8que : d\u00e9couvrez la s\u00e9lection de romans, de livres de cuisine et de beaux livres de Magazine LUXE pour l'\u00e9t\u00e9 2022.","og_url":"https:\/\/magazineluxe.com\/fr\/dans-ma-bibliotheque\/","og_site_name":"MAGAZINE LUXE - Immobilier | Design | Art de vivre","article_published_time":"2022-07-26T20:00:51+00:00","article_modified_time":"2023-04-27T21:17:12+00:00","og_image":[{"width":1920,"height":1280,"url":"https:\/\/magazineluxe.com\/wp-content\/uploads\/2022\/07\/patisserie-vegan-berenice-leconte-2.jpg","type":"image\/jpeg"}],"author":"\u00c2tma","twitter_card":"summary_large_image","twitter_image":"https:\/\/magazineluxe.com\/wp-content\/uploads\/2022\/07\/patisserie-vegan-berenice-leconte-2.jpg","twitter_misc":{"\u00c9crit par":"\u00c2tma","Dur\u00e9e de lecture estim\u00e9e":"5 minutes"},"schema":{"@context":"https:\/\/schema.org","@graph":[{"@type":"Article","@id":"https:\/\/magazineluxe.com\/fr\/dans-ma-bibliotheque\/#article","isPartOf":{"@id":"https:\/\/magazineluxe.com\/fr\/dans-ma-bibliotheque\/"},"author":{"name":"\u00c2tma","@id":"https:\/\/magazineluxe.com\/fr\/#\/schema\/person\/8adc55c929911b0b55d79cb0e89a2078"},"headline":"Dans ma biblioth\u00e8que","datePublished":"2022-07-26T20:00:51+00:00","dateModified":"2023-04-27T21:17:12+00:00","mainEntityOfPage":{"@id":"https:\/\/magazineluxe.com\/fr\/dans-ma-bibliotheque\/"},"wordCount":878,"image":{"@id":"https:\/\/magazineluxe.com\/fr\/dans-ma-bibliotheque\/#primaryimage"},"thumbnailUrl":"https:\/\/magazineluxe.com\/wp-content\/uploads\/2022\/07\/patisserie-vegan-berenice-leconte-2.jpg","articleSection":["Art"],"inLanguage":"fr-FR"},{"@type":"WebPage","@id":"https:\/\/magazineluxe.com\/fr\/dans-ma-bibliotheque\/","url":"https:\/\/magazineluxe.com\/fr\/dans-ma-bibliotheque\/","name":"Dans ma biblioth\u00e8que S\u00e9lection de livres \u00c9t\u00e9 2022 I Magazine LUXE","isPartOf":{"@id":"https:\/\/magazineluxe.com\/fr\/#website"},"primaryImageOfPage":{"@id":"https:\/\/magazineluxe.com\/fr\/dans-ma-bibliotheque\/#primaryimage"},"image":{"@id":"https:\/\/magazineluxe.com\/fr\/dans-ma-bibliotheque\/#primaryimage"},"thumbnailUrl":"https:\/\/magazineluxe.com\/wp-content\/uploads\/2022\/07\/patisserie-vegan-berenice-leconte-2.jpg","datePublished":"2022-07-26T20:00:51+00:00","dateModified":"2023-04-27T21:17:12+00:00","author":{"@id":"https:\/\/magazineluxe.com\/fr\/#\/schema\/person\/8adc55c929911b0b55d79cb0e89a2078"},"description":"Dans ma biblioth\u00e8que : d\u00e9couvrez la s\u00e9lection de romans, de livres de cuisine et de beaux livres de Magazine LUXE pour l'\u00e9t\u00e9 2022.","breadcrumb":{"@id":"https:\/\/magazineluxe.com\/fr\/dans-ma-bibliotheque\/#breadcrumb"},"inLanguage":"fr-FR","potentialAction":[{"@type":"ReadAction","target":["https:\/\/magazineluxe.com\/fr\/dans-ma-bibliotheque\/"]}]},{"@type":"ImageObject","inLanguage":"fr-FR","@id":"https:\/\/magazineluxe.com\/fr\/dans-ma-bibliotheque\/#primaryimage","url":"https:\/\/magazineluxe.com\/wp-content\/uploads\/2022\/07\/patisserie-vegan-berenice-leconte-2.jpg","contentUrl":"https:\/\/magazineluxe.com\/wp-content\/uploads\/2022\/07\/patisserie-vegan-berenice-leconte-2.jpg","width":1920,"height":1280},{"@type":"BreadcrumbList","@id":"https:\/\/magazineluxe.com\/fr\/dans-ma-bibliotheque\/#breadcrumb","itemListElement":[{"@type":"ListItem","position":1,"name":"Accueil","item":"https:\/\/magazineluxe.com\/fr\/"},{"@type":"ListItem","position":2,"name":"Dans ma biblioth\u00e8que"}]},{"@type":"WebSite","@id":"https:\/\/magazineluxe.com\/fr\/#website","url":"https:\/\/magazineluxe.com\/fr\/","name":"MAGAZINE LUXE - Immobilier | Design | Art de vivre","description":"MAGAZINE LUXE - Immobilier | Design | Art de vivre","potentialAction":[{"@type":"SearchAction","target":{"@type":"EntryPoint","urlTemplate":"https:\/\/magazineluxe.com\/fr\/?s={search_term_string}"},"query-input":{"@type":"PropertyValueSpecification","valueRequired":true,"valueName":"search_term_string"}}],"inLanguage":"fr-FR"},{"@type":"Person","@id":"https:\/\/magazineluxe.com\/fr\/#\/schema\/person\/8adc55c929911b0b55d79cb0e89a2078","name":"\u00c2tma","image":{"@type":"ImageObject","inLanguage":"fr-FR","@id":"https:\/\/secure.gravatar.com\/avatar\/8f040abb094cad542949c1488512389277711ac5ee0e395bbebaa2573f7a2377?s=96&d=mm&r=g","url":"https:\/\/secure.gravatar.com\/avatar\/8f040abb094cad542949c1488512389277711ac5ee0e395bbebaa2573f7a2377?s=96&d=mm&r=g","contentUrl":"https:\/\/secure.gravatar.com\/avatar\/8f040abb094cad542949c1488512389277711ac5ee0e395bbebaa2573f7a2377?s=96&d=mm&r=g","caption":"\u00c2tma"},"url":"https:\/\/magazineluxe.com\/fr\/author\/atma\/"}]}},"_links":{"self":[{"href":"https:\/\/magazineluxe.com\/fr\/wp-json\/wp\/v2\/posts\/18492","targetHints":{"allow":["GET"]}}],"collection":[{"href":"https:\/\/magazineluxe.com\/fr\/wp-json\/wp\/v2\/posts"}],"about":[{"href":"https:\/\/magazineluxe.com\/fr\/wp-json\/wp\/v2\/types\/post"}],"author":[{"embeddable":true,"href":"https:\/\/magazineluxe.com\/fr\/wp-json\/wp\/v2\/users\/710"}],"replies":[{"embeddable":true,"href":"https:\/\/magazineluxe.com\/fr\/wp-json\/wp\/v2\/comments?post=18492"}],"version-history":[{"count":3,"href":"https:\/\/magazineluxe.com\/fr\/wp-json\/wp\/v2\/posts\/18492\/revisions"}],"predecessor-version":[{"id":18516,"href":"https:\/\/magazineluxe.com\/fr\/wp-json\/wp\/v2\/posts\/18492\/revisions\/18516"}],"wp:featuredmedia":[{"embeddable":true,"href":"https:\/\/magazineluxe.com\/fr\/wp-json\/wp\/v2\/media\/18494"}],"wp:attachment":[{"href":"https:\/\/magazineluxe.com\/fr\/wp-json\/wp\/v2\/media?parent=18492"}],"wp:term":[{"taxonomy":"category","embeddable":true,"href":"https:\/\/magazineluxe.com\/fr\/wp-json\/wp\/v2\/categories?post=18492"},{"taxonomy":"post_tag","embeddable":true,"href":"https:\/\/magazineluxe.com\/fr\/wp-json\/wp\/v2\/tags?post=18492"}],"curies":[{"name":"wp","href":"https:\/\/api.w.org\/{rel}","templated":true}]}}