{"id":4447,"date":"2012-11-13T11:53:23","date_gmt":"2012-11-13T11:53:23","guid":{"rendered":"http:\/\/magazineluxe.com\/\/?p=4447"},"modified":"2019-06-25T14:32:40","modified_gmt":"2019-06-25T18:32:40","slug":"le-relais-des-moines","status":"publish","type":"post","link":"https:\/\/magazineluxe.com\/fr\/le-relais-des-moines\/","title":{"rendered":"Le Relais des Moines"},"content":{"rendered":"<p align=\"LEFT\">Au d\u00e9tour d\u2019une for\u00eat de hauts pins, tout pr\u00e8s du village m\u00e9di\u00e9val des Arcs-Sur-Argens, se dresse une jolie bastide de pierre datant du 16e si\u00e8cle : le Relais des Moines. D\u00e8s notre arriv\u00e9e, le personnel, souriant et attentionn\u00e9, nous accueille chaleureusement sur une terrasse ombrag\u00e9e. \u00c0 l\u2019int\u00e9rieur, des convives semblent se r\u00e9galer dans une magnifique salle vo\u00fbt\u00e9e.<\/p>\n<p align=\"LEFT\">Berc\u00e9s par le chant des cigales, nous admirons la vue imprenable sur le jardin et la piscine, doucement caress\u00e9s par le soleil du midi. Le plaisir est \u00e0 son comble lorsque les plats font leur apparition. \u00c0 la fois simples et joliment pr\u00e9par\u00e9s, ceux-ci mettent en avant une cuisine du terroir revisit\u00e9e, qui ferait saliver le gourmet le plus exigeant. Derri\u00e8re cette r\u00e9ussite, un jeune chef de grand talent : S\u00e9bastien Sanjou. Originaire du sud-ouest de la France, il a fait ses armes dans les plus grands restaurants avant de se distinguer rapidement. \u00abMa grand-m\u00e8re me r\u00e9servait le droit de go\u00fbter tous ses plats. J\u2019ai grandi dans la chaleur de cette cuisine et de cette g\u00e9n\u00e9rosit\u00e9. \u00bb<\/p>\n<p>Le Relais des Moines f\u00eate ses dix ans cette ann\u00e9e. Et pour l\u2019occasion, S\u00e9bastien a concoct\u00e9 un menu \u00ab mill\u00e9sime \u00bb, qui refl\u00e8te son parcours depuis son arriv\u00e9e dans le Var. Il sera offert \u00e0 tout visiteur jusqu\u2019au mois de d\u00e9cembre. Pour compl\u00e9ter ce voyage culinaire, G\u00e9raldine, sa femme, proposera un accord mets et vins.<\/p>\n<p>Et parce que la beaut\u00e9 des lieux invite \u00e0 la contemplation, les oeuvres de l\u2019artiste Touatia, jouant avec des instruments de cuisine pour donner vie \u00e0 des sculptures uniques, seront expos\u00e9es jusqu\u2019\u00e0 la fin de l\u2019ann\u00e9e.<\/p>\n<p align=\"LEFT\"><a href=\"http:\/\/www.lerelaisdesmoines.com\">www.lerelaisdesmoines.com<\/a><\/p>\n\n\t\t<style type=\"text\/css\">\n\t\t\t#gallery-1 {\n\t\t\t\tmargin: auto;\n\t\t\t}\n\t\t\t#gallery-1 .gallery-item {\n\t\t\t\tfloat: left;\n\t\t\t\tmargin-top: 10px;\n\t\t\t\ttext-align: center;\n\t\t\t\twidth: 25%;\n\t\t\t}\n\t\t\t#gallery-1 img {\n\t\t\t\tborder: 2px solid #cfcfcf;\n\t\t\t}\n\t\t\t#gallery-1 .gallery-caption {\n\t\t\t\tmargin-left: 0;\n\t\t\t}\n\t\t\t\/* see gallery_shortcode() in wp-includes\/media.php *\/\n\t\t<\/style>\n\t\t<div id='gallery-1' class='gallery galleryid-4447 gallery-columns-4 gallery-size-thumbnail'><dl class='gallery-item'>\n\t\t\t<dt class='gallery-icon portrait'>\n\t\t\t\t<a href='https:\/\/magazineluxe.com\/wp-content\/uploads\/2012\/11\/Foie-Gras.jpg'><img loading=\"lazy\" decoding=\"async\" width=\"150\" height=\"150\" src=\"https:\/\/magazineluxe.com\/wp-content\/uploads\/2012\/11\/Foie-Gras-150x150.jpg\" class=\"attachment-thumbnail size-thumbnail\" alt=\"\" srcset=\"https:\/\/magazineluxe.com\/wp-content\/uploads\/2012\/11\/Foie-Gras-150x150.jpg 150w, https:\/\/magazineluxe.com\/wp-content\/uploads\/2012\/11\/Foie-Gras-60x60.jpg 60w, https:\/\/magazineluxe.com\/wp-content\/uploads\/2012\/11\/Foie-Gras-180x180.jpg 180w\" sizes=\"auto, (max-width: 150px) 100vw, 150px\" \/><\/a>\n\t\t\t<\/dt><\/dl><dl class='gallery-item'>\n\t\t\t<dt class='gallery-icon portrait'>\n\t\t\t\t<a href='https:\/\/magazineluxe.com\/wp-content\/uploads\/2012\/11\/RelaisJardin...jpg'><img loading=\"lazy\" decoding=\"async\" width=\"150\" height=\"150\" src=\"https:\/\/magazineluxe.com\/wp-content\/uploads\/2012\/11\/RelaisJardin..-150x150.jpg\" class=\"attachment-thumbnail size-thumbnail\" alt=\"\" srcset=\"https:\/\/magazineluxe.com\/wp-content\/uploads\/2012\/11\/RelaisJardin..-150x150.jpg 150w, https:\/\/magazineluxe.com\/wp-content\/uploads\/2012\/11\/RelaisJardin..-60x60.jpg 60w, https:\/\/magazineluxe.com\/wp-content\/uploads\/2012\/11\/RelaisJardin..-180x180.jpg 180w\" sizes=\"auto, (max-width: 150px) 100vw, 150px\" \/><\/a>\n\t\t\t<\/dt><\/dl><dl class='gallery-item'>\n\t\t\t<dt class='gallery-icon portrait'>\n\t\t\t\t<a href='https:\/\/magazineluxe.com\/wp-content\/uploads\/2012\/11\/Saint-Jacques...jpg'><img loading=\"lazy\" decoding=\"async\" width=\"150\" height=\"150\" src=\"https:\/\/magazineluxe.com\/wp-content\/uploads\/2012\/11\/Saint-Jacques..-150x150.jpg\" class=\"attachment-thumbnail size-thumbnail\" alt=\"\" srcset=\"https:\/\/magazineluxe.com\/wp-content\/uploads\/2012\/11\/Saint-Jacques..-150x150.jpg 150w, https:\/\/magazineluxe.com\/wp-content\/uploads\/2012\/11\/Saint-Jacques..-60x60.jpg 60w, https:\/\/magazineluxe.com\/wp-content\/uploads\/2012\/11\/Saint-Jacques..-180x180.jpg 180w\" sizes=\"auto, (max-width: 150px) 100vw, 150px\" \/><\/a>\n\t\t\t<\/dt><\/dl><dl class='gallery-item'>\n\t\t\t<dt class='gallery-icon portrait'>\n\t\t\t\t<a href='https:\/\/magazineluxe.com\/wp-content\/uploads\/2012\/11\/S\u00e9bastien-Sanjou...jpg'><img loading=\"lazy\" decoding=\"async\" width=\"150\" height=\"150\" src=\"https:\/\/magazineluxe.com\/wp-content\/uploads\/2012\/11\/S\u00e9bastien-Sanjou..-150x150.jpg\" class=\"attachment-thumbnail size-thumbnail\" alt=\"\" srcset=\"https:\/\/magazineluxe.com\/wp-content\/uploads\/2012\/11\/S\u00e9bastien-Sanjou..-150x150.jpg 150w, https:\/\/magazineluxe.com\/wp-content\/uploads\/2012\/11\/S\u00e9bastien-Sanjou..-60x60.jpg 60w, https:\/\/magazineluxe.com\/wp-content\/uploads\/2012\/11\/S\u00e9bastien-Sanjou..-180x180.jpg 180w\" sizes=\"auto, (max-width: 150px) 100vw, 150px\" \/><\/a>\n\t\t\t<\/dt><\/dl><br style=\"clear: both\" \/>\n\t\t<\/div>\n\n<p><em>\u00a0<\/em><\/p>\n<h5>&#8211; DIANE STEHL\u00c9<\/h5>\n","protected":false},"excerpt":{"rendered":"<p>Au d\u00e9tour d\u2019une for\u00eat de hauts pins, tout pr\u00e8s du village m\u00e9di\u00e9val des Arcs-Sur-Argens, se dresse une jolie bastide de pierre datant du 16e si\u00e8cle : le Relais des Moines. D\u00e8s notre arriv\u00e9e, le personnel, souriant et attentionn\u00e9, nous accueille chaleureusement sur une terrasse ombrag\u00e9e. \u00c0 l\u2019int\u00e9rieur, des convives semblent se r\u00e9galer dans une magnifique salle vo\u00fbt\u00e9e. Berc\u00e9s par le chant des cigales, nous admirons la vue imprenable sur le jardin et la piscine, doucement caress\u00e9s par le soleil du midi. Le plaisir est \u00e0 son comble lorsque les plats font leur apparition. \u00c0 la fois simples et joliment pr\u00e9par\u00e9s, ceux-ci mettent en avant une cuisine du terroir revisit\u00e9e, qui ferait saliver le gourmet le plus exigeant. Derri\u00e8re cette r\u00e9ussite, un jeune chef de grand talent : S\u00e9bastien Sanjou. Originaire du sud-ouest de la France, il a fait ses armes dans les plus grands restaurants avant de se distinguer rapidement. \u00abMa grand-m\u00e8re me r\u00e9servait le droit de go\u00fbter tous ses plats. J\u2019ai grandi dans la chaleur de cette cuisine et de cette g\u00e9n\u00e9rosit\u00e9. \u00bb Le Relais des Moines f\u00eate ses dix ans cette ann\u00e9e. Et pour l\u2019occasion, S\u00e9bastien a concoct\u00e9 un menu \u00ab mill\u00e9sime \u00bb, qui refl\u00e8te son parcours depuis [&hellip;]<\/p>\n","protected":false},"author":710,"featured_media":4452,"comment_status":"closed","ping_status":"closed","sticky":false,"template":"","format":"standard","meta":{"_monsterinsights_skip_tracking":false,"_monsterinsights_sitenote_active":false,"_monsterinsights_sitenote_note":"","_monsterinsights_sitenote_category":0,"footnotes":""},"categories":[975],"tags":[817,818],"class_list":["post-4447","post","type-post","status-publish","format-standard","has-post-thumbnail","hentry","category-gastronomie","tag-le-relais-des-moines","tag-village-medieval-des-arcs-sur-argens"],"yoast_head":"<!-- This site is optimized with the Yoast SEO plugin v27.4 - https:\/\/yoast.com\/product\/yoast-seo-wordpress\/ -->\n<title>Le Relais des Moines - MAGAZINE LUXE - Immobilier | Design | Art de vivre<\/title>\n<meta name=\"robots\" content=\"index, follow, max-snippet:-1, max-image-preview:large, max-video-preview:-1\" \/>\n<link rel=\"canonical\" href=\"https:\/\/magazineluxe.com\/fr\/le-relais-des-moines\/\" \/>\n<meta property=\"og:locale\" content=\"fr_FR\" \/>\n<meta property=\"og:type\" content=\"article\" \/>\n<meta property=\"og:title\" content=\"Le Relais des Moines - MAGAZINE LUXE - Immobilier | Design | Art de vivre\" \/>\n<meta property=\"og:description\" content=\"Au d\u00e9tour d\u2019une for\u00eat de hauts pins, tout pr\u00e8s du village m\u00e9di\u00e9val des Arcs-Sur-Argens, se dresse une jolie bastide de pierre datant du 16e si\u00e8cle : le Relais des Moines. D\u00e8s notre arriv\u00e9e, le personnel, souriant et attentionn\u00e9, nous accueille chaleureusement sur une terrasse ombrag\u00e9e. \u00c0 l\u2019int\u00e9rieur, des convives semblent se r\u00e9galer dans une magnifique salle vo\u00fbt\u00e9e. Berc\u00e9s par le chant des cigales, nous admirons la vue imprenable sur le jardin et la piscine, doucement caress\u00e9s par le soleil du midi. Le plaisir est \u00e0 son comble lorsque les plats font leur apparition. \u00c0 la fois simples et joliment pr\u00e9par\u00e9s, ceux-ci mettent en avant une cuisine du terroir revisit\u00e9e, qui ferait saliver le gourmet le plus exigeant. Derri\u00e8re cette r\u00e9ussite, un jeune chef de grand talent : S\u00e9bastien Sanjou. Originaire du sud-ouest de la France, il a fait ses armes dans les plus grands restaurants avant de se distinguer rapidement. \u00abMa grand-m\u00e8re me r\u00e9servait le droit de go\u00fbter tous ses plats. J\u2019ai grandi dans la chaleur de cette cuisine et de cette g\u00e9n\u00e9rosit\u00e9. \u00bb Le Relais des Moines f\u00eate ses dix ans cette ann\u00e9e. Et pour l\u2019occasion, S\u00e9bastien a concoct\u00e9 un menu \u00ab mill\u00e9sime \u00bb, qui refl\u00e8te son parcours depuis [&hellip;]\" \/>\n<meta property=\"og:url\" content=\"https:\/\/magazineluxe.com\/fr\/le-relais-des-moines\/\" \/>\n<meta property=\"og:site_name\" content=\"MAGAZINE LUXE - Immobilier | Design | Art de vivre\" \/>\n<meta property=\"article:published_time\" content=\"2012-11-13T11:53:23+00:00\" \/>\n<meta property=\"article:modified_time\" content=\"2019-06-25T18:32:40+00:00\" \/>\n<meta property=\"og:image\" content=\"https:\/\/magazineluxe.com\/wp-content\/uploads\/2012\/11\/RelaisJardin...jpg\" \/>\n\t<meta property=\"og:image:width\" content=\"803\" \/>\n\t<meta property=\"og:image:height\" content=\"1200\" \/>\n\t<meta property=\"og:image:type\" content=\"image\/jpeg\" \/>\n<meta name=\"author\" content=\"\u00c2tma\" \/>\n<meta name=\"twitter:card\" content=\"summary_large_image\" \/>\n<meta name=\"twitter:label1\" content=\"\u00c9crit par\" \/>\n\t<meta name=\"twitter:data1\" content=\"\u00c2tma\" \/>\n\t<meta name=\"twitter:label2\" content=\"Dur\u00e9e de lecture estim\u00e9e\" \/>\n\t<meta name=\"twitter:data2\" content=\"2 minutes\" \/>\n<script type=\"application\/ld+json\" class=\"yoast-schema-graph\">{\"@context\":\"https:\\\/\\\/schema.org\",\"@graph\":[{\"@type\":\"Article\",\"@id\":\"https:\\\/\\\/magazineluxe.com\\\/fr\\\/le-relais-des-moines\\\/#article\",\"isPartOf\":{\"@id\":\"https:\\\/\\\/magazineluxe.com\\\/fr\\\/le-relais-des-moines\\\/\"},\"author\":{\"name\":\"\u00c2tma\",\"@id\":\"https:\\\/\\\/magazineluxe.com\\\/fr\\\/#\\\/schema\\\/person\\\/8adc55c929911b0b55d79cb0e89a2078\"},\"headline\":\"Le Relais des Moines\",\"datePublished\":\"2012-11-13T11:53:23+00:00\",\"dateModified\":\"2019-06-25T18:32:40+00:00\",\"mainEntityOfPage\":{\"@id\":\"https:\\\/\\\/magazineluxe.com\\\/fr\\\/le-relais-des-moines\\\/\"},\"wordCount\":314,\"image\":{\"@id\":\"https:\\\/\\\/magazineluxe.com\\\/fr\\\/le-relais-des-moines\\\/#primaryimage\"},\"thumbnailUrl\":\"https:\\\/\\\/magazineluxe.com\\\/wp-content\\\/uploads\\\/2012\\\/11\\\/RelaisJardin...jpg\",\"keywords\":[\"le Relais des Moines.\",\"village m\u00e9di\u00e9val des Arcs- Sur-Argens\"],\"articleSection\":[\"Gastronomie\"],\"inLanguage\":\"fr-FR\"},{\"@type\":\"WebPage\",\"@id\":\"https:\\\/\\\/magazineluxe.com\\\/fr\\\/le-relais-des-moines\\\/\",\"url\":\"https:\\\/\\\/magazineluxe.com\\\/fr\\\/le-relais-des-moines\\\/\",\"name\":\"Le Relais des Moines - MAGAZINE LUXE - Immobilier | Design | Art de vivre\",\"isPartOf\":{\"@id\":\"https:\\\/\\\/magazineluxe.com\\\/fr\\\/#website\"},\"primaryImageOfPage\":{\"@id\":\"https:\\\/\\\/magazineluxe.com\\\/fr\\\/le-relais-des-moines\\\/#primaryimage\"},\"image\":{\"@id\":\"https:\\\/\\\/magazineluxe.com\\\/fr\\\/le-relais-des-moines\\\/#primaryimage\"},\"thumbnailUrl\":\"https:\\\/\\\/magazineluxe.com\\\/wp-content\\\/uploads\\\/2012\\\/11\\\/RelaisJardin...jpg\",\"datePublished\":\"2012-11-13T11:53:23+00:00\",\"dateModified\":\"2019-06-25T18:32:40+00:00\",\"author\":{\"@id\":\"https:\\\/\\\/magazineluxe.com\\\/fr\\\/#\\\/schema\\\/person\\\/8adc55c929911b0b55d79cb0e89a2078\"},\"breadcrumb\":{\"@id\":\"https:\\\/\\\/magazineluxe.com\\\/fr\\\/le-relais-des-moines\\\/#breadcrumb\"},\"inLanguage\":\"fr-FR\",\"potentialAction\":[{\"@type\":\"ReadAction\",\"target\":[\"https:\\\/\\\/magazineluxe.com\\\/fr\\\/le-relais-des-moines\\\/\"]}]},{\"@type\":\"ImageObject\",\"inLanguage\":\"fr-FR\",\"@id\":\"https:\\\/\\\/magazineluxe.com\\\/fr\\\/le-relais-des-moines\\\/#primaryimage\",\"url\":\"https:\\\/\\\/magazineluxe.com\\\/wp-content\\\/uploads\\\/2012\\\/11\\\/RelaisJardin...jpg\",\"contentUrl\":\"https:\\\/\\\/magazineluxe.com\\\/wp-content\\\/uploads\\\/2012\\\/11\\\/RelaisJardin...jpg\",\"width\":\"803\",\"height\":\"1200\"},{\"@type\":\"BreadcrumbList\",\"@id\":\"https:\\\/\\\/magazineluxe.com\\\/fr\\\/le-relais-des-moines\\\/#breadcrumb\",\"itemListElement\":[{\"@type\":\"ListItem\",\"position\":1,\"name\":\"Accueil\",\"item\":\"https:\\\/\\\/magazineluxe.com\\\/fr\\\/\"},{\"@type\":\"ListItem\",\"position\":2,\"name\":\"Le Relais des Moines\"}]},{\"@type\":\"WebSite\",\"@id\":\"https:\\\/\\\/magazineluxe.com\\\/fr\\\/#website\",\"url\":\"https:\\\/\\\/magazineluxe.com\\\/fr\\\/\",\"name\":\"MAGAZINE LUXE - Immobilier | Design | Art de vivre\",\"description\":\"MAGAZINE LUXE - Immobilier | Design | Art de vivre\",\"potentialAction\":[{\"@type\":\"SearchAction\",\"target\":{\"@type\":\"EntryPoint\",\"urlTemplate\":\"https:\\\/\\\/magazineluxe.com\\\/fr\\\/?s={search_term_string}\"},\"query-input\":{\"@type\":\"PropertyValueSpecification\",\"valueRequired\":true,\"valueName\":\"search_term_string\"}}],\"inLanguage\":\"fr-FR\"},{\"@type\":\"Person\",\"@id\":\"https:\\\/\\\/magazineluxe.com\\\/fr\\\/#\\\/schema\\\/person\\\/8adc55c929911b0b55d79cb0e89a2078\",\"name\":\"\u00c2tma\",\"image\":{\"@type\":\"ImageObject\",\"inLanguage\":\"fr-FR\",\"@id\":\"https:\\\/\\\/secure.gravatar.com\\\/avatar\\\/8f040abb094cad542949c1488512389277711ac5ee0e395bbebaa2573f7a2377?s=96&d=mm&r=g\",\"url\":\"https:\\\/\\\/secure.gravatar.com\\\/avatar\\\/8f040abb094cad542949c1488512389277711ac5ee0e395bbebaa2573f7a2377?s=96&d=mm&r=g\",\"contentUrl\":\"https:\\\/\\\/secure.gravatar.com\\\/avatar\\\/8f040abb094cad542949c1488512389277711ac5ee0e395bbebaa2573f7a2377?s=96&d=mm&r=g\",\"caption\":\"\u00c2tma\"},\"url\":\"https:\\\/\\\/magazineluxe.com\\\/fr\\\/author\\\/atma\\\/\"}]}<\/script>\n<!-- \/ Yoast SEO plugin. -->","yoast_head_json":{"title":"Le Relais des Moines - MAGAZINE LUXE - Immobilier | Design | Art de vivre","robots":{"index":"index","follow":"follow","max-snippet":"max-snippet:-1","max-image-preview":"max-image-preview:large","max-video-preview":"max-video-preview:-1"},"canonical":"https:\/\/magazineluxe.com\/fr\/le-relais-des-moines\/","og_locale":"fr_FR","og_type":"article","og_title":"Le Relais des Moines - MAGAZINE LUXE - Immobilier | Design | Art de vivre","og_description":"Au d\u00e9tour d\u2019une for\u00eat de hauts pins, tout pr\u00e8s du village m\u00e9di\u00e9val des Arcs-Sur-Argens, se dresse une jolie bastide de pierre datant du 16e si\u00e8cle : le Relais des Moines. D\u00e8s notre arriv\u00e9e, le personnel, souriant et attentionn\u00e9, nous accueille chaleureusement sur une terrasse ombrag\u00e9e. \u00c0 l\u2019int\u00e9rieur, des convives semblent se r\u00e9galer dans une magnifique salle vo\u00fbt\u00e9e. Berc\u00e9s par le chant des cigales, nous admirons la vue imprenable sur le jardin et la piscine, doucement caress\u00e9s par le soleil du midi. Le plaisir est \u00e0 son comble lorsque les plats font leur apparition. \u00c0 la fois simples et joliment pr\u00e9par\u00e9s, ceux-ci mettent en avant une cuisine du terroir revisit\u00e9e, qui ferait saliver le gourmet le plus exigeant. Derri\u00e8re cette r\u00e9ussite, un jeune chef de grand talent : S\u00e9bastien Sanjou. Originaire du sud-ouest de la France, il a fait ses armes dans les plus grands restaurants avant de se distinguer rapidement. \u00abMa grand-m\u00e8re me r\u00e9servait le droit de go\u00fbter tous ses plats. J\u2019ai grandi dans la chaleur de cette cuisine et de cette g\u00e9n\u00e9rosit\u00e9. \u00bb Le Relais des Moines f\u00eate ses dix ans cette ann\u00e9e. Et pour l\u2019occasion, S\u00e9bastien a concoct\u00e9 un menu \u00ab mill\u00e9sime \u00bb, qui refl\u00e8te son parcours depuis [&hellip;]","og_url":"https:\/\/magazineluxe.com\/fr\/le-relais-des-moines\/","og_site_name":"MAGAZINE LUXE - Immobilier | Design | Art de vivre","article_published_time":"2012-11-13T11:53:23+00:00","article_modified_time":"2019-06-25T18:32:40+00:00","og_image":[{"width":803,"height":1200,"url":"https:\/\/magazineluxe.com\/wp-content\/uploads\/2012\/11\/RelaisJardin...jpg","type":"image\/jpeg"}],"author":"\u00c2tma","twitter_card":"summary_large_image","twitter_misc":{"\u00c9crit par":"\u00c2tma","Dur\u00e9e de lecture estim\u00e9e":"2 minutes"},"schema":{"@context":"https:\/\/schema.org","@graph":[{"@type":"Article","@id":"https:\/\/magazineluxe.com\/fr\/le-relais-des-moines\/#article","isPartOf":{"@id":"https:\/\/magazineluxe.com\/fr\/le-relais-des-moines\/"},"author":{"name":"\u00c2tma","@id":"https:\/\/magazineluxe.com\/fr\/#\/schema\/person\/8adc55c929911b0b55d79cb0e89a2078"},"headline":"Le Relais des Moines","datePublished":"2012-11-13T11:53:23+00:00","dateModified":"2019-06-25T18:32:40+00:00","mainEntityOfPage":{"@id":"https:\/\/magazineluxe.com\/fr\/le-relais-des-moines\/"},"wordCount":314,"image":{"@id":"https:\/\/magazineluxe.com\/fr\/le-relais-des-moines\/#primaryimage"},"thumbnailUrl":"https:\/\/magazineluxe.com\/wp-content\/uploads\/2012\/11\/RelaisJardin...jpg","keywords":["le Relais des Moines.","village m\u00e9di\u00e9val des Arcs- Sur-Argens"],"articleSection":["Gastronomie"],"inLanguage":"fr-FR"},{"@type":"WebPage","@id":"https:\/\/magazineluxe.com\/fr\/le-relais-des-moines\/","url":"https:\/\/magazineluxe.com\/fr\/le-relais-des-moines\/","name":"Le Relais des Moines - MAGAZINE LUXE - Immobilier | Design | Art de vivre","isPartOf":{"@id":"https:\/\/magazineluxe.com\/fr\/#website"},"primaryImageOfPage":{"@id":"https:\/\/magazineluxe.com\/fr\/le-relais-des-moines\/#primaryimage"},"image":{"@id":"https:\/\/magazineluxe.com\/fr\/le-relais-des-moines\/#primaryimage"},"thumbnailUrl":"https:\/\/magazineluxe.com\/wp-content\/uploads\/2012\/11\/RelaisJardin...jpg","datePublished":"2012-11-13T11:53:23+00:00","dateModified":"2019-06-25T18:32:40+00:00","author":{"@id":"https:\/\/magazineluxe.com\/fr\/#\/schema\/person\/8adc55c929911b0b55d79cb0e89a2078"},"breadcrumb":{"@id":"https:\/\/magazineluxe.com\/fr\/le-relais-des-moines\/#breadcrumb"},"inLanguage":"fr-FR","potentialAction":[{"@type":"ReadAction","target":["https:\/\/magazineluxe.com\/fr\/le-relais-des-moines\/"]}]},{"@type":"ImageObject","inLanguage":"fr-FR","@id":"https:\/\/magazineluxe.com\/fr\/le-relais-des-moines\/#primaryimage","url":"https:\/\/magazineluxe.com\/wp-content\/uploads\/2012\/11\/RelaisJardin...jpg","contentUrl":"https:\/\/magazineluxe.com\/wp-content\/uploads\/2012\/11\/RelaisJardin...jpg","width":"803","height":"1200"},{"@type":"BreadcrumbList","@id":"https:\/\/magazineluxe.com\/fr\/le-relais-des-moines\/#breadcrumb","itemListElement":[{"@type":"ListItem","position":1,"name":"Accueil","item":"https:\/\/magazineluxe.com\/fr\/"},{"@type":"ListItem","position":2,"name":"Le Relais des Moines"}]},{"@type":"WebSite","@id":"https:\/\/magazineluxe.com\/fr\/#website","url":"https:\/\/magazineluxe.com\/fr\/","name":"MAGAZINE LUXE - Immobilier | Design | Art de vivre","description":"MAGAZINE LUXE - Immobilier | Design | Art de vivre","potentialAction":[{"@type":"SearchAction","target":{"@type":"EntryPoint","urlTemplate":"https:\/\/magazineluxe.com\/fr\/?s={search_term_string}"},"query-input":{"@type":"PropertyValueSpecification","valueRequired":true,"valueName":"search_term_string"}}],"inLanguage":"fr-FR"},{"@type":"Person","@id":"https:\/\/magazineluxe.com\/fr\/#\/schema\/person\/8adc55c929911b0b55d79cb0e89a2078","name":"\u00c2tma","image":{"@type":"ImageObject","inLanguage":"fr-FR","@id":"https:\/\/secure.gravatar.com\/avatar\/8f040abb094cad542949c1488512389277711ac5ee0e395bbebaa2573f7a2377?s=96&d=mm&r=g","url":"https:\/\/secure.gravatar.com\/avatar\/8f040abb094cad542949c1488512389277711ac5ee0e395bbebaa2573f7a2377?s=96&d=mm&r=g","contentUrl":"https:\/\/secure.gravatar.com\/avatar\/8f040abb094cad542949c1488512389277711ac5ee0e395bbebaa2573f7a2377?s=96&d=mm&r=g","caption":"\u00c2tma"},"url":"https:\/\/magazineluxe.com\/fr\/author\/atma\/"}]}},"_links":{"self":[{"href":"https:\/\/magazineluxe.com\/fr\/wp-json\/wp\/v2\/posts\/4447","targetHints":{"allow":["GET"]}}],"collection":[{"href":"https:\/\/magazineluxe.com\/fr\/wp-json\/wp\/v2\/posts"}],"about":[{"href":"https:\/\/magazineluxe.com\/fr\/wp-json\/wp\/v2\/types\/post"}],"author":[{"embeddable":true,"href":"https:\/\/magazineluxe.com\/fr\/wp-json\/wp\/v2\/users\/710"}],"replies":[{"embeddable":true,"href":"https:\/\/magazineluxe.com\/fr\/wp-json\/wp\/v2\/comments?post=4447"}],"version-history":[{"count":5,"href":"https:\/\/magazineluxe.com\/fr\/wp-json\/wp\/v2\/posts\/4447\/revisions"}],"predecessor-version":[{"id":12286,"href":"https:\/\/magazineluxe.com\/fr\/wp-json\/wp\/v2\/posts\/4447\/revisions\/12286"}],"wp:featuredmedia":[{"embeddable":true,"href":"https:\/\/magazineluxe.com\/fr\/wp-json\/wp\/v2\/media\/4452"}],"wp:attachment":[{"href":"https:\/\/magazineluxe.com\/fr\/wp-json\/wp\/v2\/media?parent=4447"}],"wp:term":[{"taxonomy":"category","embeddable":true,"href":"https:\/\/magazineluxe.com\/fr\/wp-json\/wp\/v2\/categories?post=4447"},{"taxonomy":"post_tag","embeddable":true,"href":"https:\/\/magazineluxe.com\/fr\/wp-json\/wp\/v2\/tags?post=4447"}],"curies":[{"name":"wp","href":"https:\/\/api.w.org\/{rel}","templated":true}]}}