{"id":4698,"date":"2013-02-05T12:20:51","date_gmt":"2013-02-05T12:20:51","guid":{"rendered":"http:\/\/magazineluxe.com\/\/?p=4698"},"modified":"2017-02-07T17:37:57","modified_gmt":"2017-02-07T17:37:57","slug":"vivre-a-laval-ville-en-pleine-effervescence","status":"publish","type":"post","link":"https:\/\/magazineluxe.com\/fr\/vivre-a-laval-ville-en-pleine-effervescence\/","title":{"rendered":"Vivre \u00e0 Laval &#8211; Ville en pleine effervescence"},"content":{"rendered":"<p align=\"LEFT\">Laval, ville d\u2019affaires, ville de banlieue, ville de vill\u00e9giature et ville de culture qui attire de plus en plus de familles et de gens d\u2019affaires heureux d\u2019avoir acc\u00e8s \u00e0 la nature sans trop s\u2019\u00e9loigner du centre-ville de Montr\u00e9al. La Ville de Laval s\u2019est d\u2019ailleurs dot\u00e9e d\u2019un plan de d\u00e9veloppement qui repose sur une approche dite d\u2019urbanisme durable. La planification urbaine est audacieuse et bien organis\u00e9e, et plusieurs entreprises en profitent pour s\u2019y installer. de nombreux projets immobiliers s\u2019y d\u00e9veloppent aussi et contribuent au dynamisme actuel de la ville.<\/p>\n<p>UNE VILLE HAUT EN COULEUR<br \/>\nGr\u00e2ce aux montagnes et aux nombreux parcs naturels de la r\u00e9gion des Laurentides, la rivi\u00e8re des Mille \u00celes, le quartier historique de Sainte-Rose et les activit\u00e9s diversifi\u00e9es de son centre-ville, Laval est devenue une destination touristique et un axe d\u2019affaires recherch\u00e9 en plus d\u2019un milieu de vie convoit\u00e9.<\/p>\n<p>UNE VILLE EN \u00c9VOLUTION<br \/>\nLe d\u00e9veloppement immobilier, particuli\u00e8rement le march\u00e9 de la copropri\u00e9t\u00e9, est en explosion \u00e0 Laval. des projets localis\u00e9s en plein centre-ville et en p\u00e9riph\u00e9rie sortent des sentiers battus pour offrir qualit\u00e9 de construction et qualit\u00e9 de vie en donnant toute l\u2019importance voulue aux besoins des r\u00e9sidents. La cr\u00e9ativit\u00e9 des diff\u00e9rentes constructions rend certes le choix difficile pour ceux qui songent \u00e0 s\u2019installer dans la r\u00e9gion.<\/p>\n<p>Les condos Quintessence, par exemple, poss\u00e8dent une architecture tellement raffin\u00e9e et soign\u00e9e qu\u2019il est impossible de ne pas les remarquer. Outre les d\u00e9tails architectoniques, l\u2019ext\u00e9rieur impressionne par ses aires de verdure, son all\u00e9e bois\u00e9e et ses multiples boutiques, caf\u00e9s et bistros de grande classe qui occupent le rez-de-chauss\u00e9e. L\u2019am\u00e9nagement de la somptueuse cour centrale munie d\u2019une piscine ne laisse rien au hasard et prend des allures de havre grec avec ses invitants r\u00e9camiers \u00e0 baldaquin dispos\u00e9s \u00e7\u00e0 et l\u00e0 sur le patio. L\u2019int\u00e9rieur est tout aussi princier que l\u2019ext\u00e9rieur. Chics, classiques, les condominiums signatures et les penthouses du Quintessence refl\u00e8tent la g\u00e9n\u00e9rosit\u00e9 des mati\u00e8res riches sous la puret\u00e9 lumineuse du blanc.<\/p>\n<p>\u00c0 proximit\u00e9 du centre-ville et de tous ses services se trouve le village urbain d\u2019Urbania qui propose un quartier dynamique avec acc\u00e8s rapide aux centres commerciaux, aux caf\u00e9s, restaurants et librairies populaires. au-del\u00e0 de la qualit\u00e9 de construction et du\u00a0 modernisme du style, Urbania pr\u00e9sente une grande vari\u00e9t\u00e9 d\u2019unit\u00e9s dont les caract\u00e9ristiques varient avec originalit\u00e9 sur le plan de l\u2019am\u00e9nagement et du nombre de chambres.<\/p>\n<p>Tout pr\u00e8s du Carrefour Laval et du Centropolis, le projet Viva Condos urbains regroupe plus de 700 unit\u00e9s dans un style qui marie couleurs riches et textures modernes. Chacun des huit immeubles qui composent le Viva dispose d\u2019un gymnase priv\u00e9, et tous sont reli\u00e9s par une cour int\u00e9rieure o\u00f9 un sentier p\u00e9destre a \u00e9t\u00e9 am\u00e9nag\u00e9. Les r\u00e9sidents trouvent aussi sur leur chemin des jardins, des fontaines et un vert de pratique pour le golf! De l\u2019espace au-dehors, mais aussi au-dedans, gr\u00e2ce \u00e0 la vari\u00e9t\u00e9 dimensionnelle des unit\u00e9s qui permet de r\u00e9pondre aux besoins et au go\u00fbt de chacun.<\/p>\n<p>Le boulevard Saint-\u00c9lz\u00e9ar Ouest voit aussi poindre les Condos Lumi\u00e8re, une construction o\u00f9 le verre occupe une place centrale au sein d\u2019une architecture moderne au design spectaculaire. Encore ici, les espaces verts se multiplient \u00e0 l\u2019ext\u00e9rieur afin d\u2019offrir aux r\u00e9sidents un riche environnement naturel qui compte m\u00eame une patinoire en hiver! Les unit\u00e9s s\u2019ouvrent toutes sur l\u2019\u00e9nergisante lumi\u00e8re naturelle qui p\u00e9n\u00e8tre et qui se r\u00e9percute sur les mati\u00e8res lisses choisies dans des teintes de base de blanc, gris, et caf\u00e9. D\u2019une douce \u00e9l\u00e9gance!<\/p>\n<p>Centropolis, propri\u00e9t\u00e9 de la soci\u00e9t\u00e9 immobili\u00e8re canadienne Ivanho\u00e9 Cambridge, une destination commerciale qui s\u2019est d\u00e9velopp\u00e9e sur plusieurs ann\u00e9es et qui continue de cro\u00eetre d\u2019ann\u00e9e en ann\u00e9e. \u00ab nous avions le projet de cr\u00e9er un lieu de rassemblement et de socialisation, nous dit H\u00e9l\u00e8ne Veilleux, directrice g\u00e9n\u00e9rale de Centropolis, et nous sommes tr\u00e8s fiers du fait qu\u2019au-del\u00e0 des retomb\u00e9es \u00e9conomiques positives que Centropolis apporte \u00e0 la r\u00e9gion, les gens ont enfin un lieu central hors du commun o\u00f9 se r\u00e9unir, se retrouver et passer plusieurs heures entre amis ou en famille, \u00e0 bouger, \u00e0 manger ou \u00e0 se divertir! \u00bb<\/p>\n<p>Centropolis est un immense complexe qui r\u00e9unit boutiques, restaurants et lieux de divertissement et d\u2019activit\u00e9s physiques. Il occupe une superficie totale de 3,5 millions de pieds carr\u00e9s (!), dont 550 000 sont des espaces locatifs. Les b\u00e2timents, construits dans le respect des normes environnementales \u00e9lev\u00e9es, entourent la Place Centrale o\u00f9 de nombreuses activit\u00e9s ext\u00e9rieures se d\u00e9roulent en toute saison. en \u00e9t\u00e9, l\u2019espace est anim\u00e9 par des s\u00e9ances de yoga et de Zumba (danse a\u00e9robique latine) ou par des spectacles de musique et des projections de film. en hiver, on peut patiner des heures durant sur la glace r\u00e9frig\u00e9r\u00e9e. L\u2019un des attraits uniques de Centropolis est sans contredit le nouveau restaurant de glace amarula. enti\u00e8rement construit de glace et de neige, ce restaurant est le deuxi\u00e8me du genre en am\u00e9rique du nord! en semaine ou pour le brunch dominical, c\u2019est une exp\u00e9rience \u00e0 ne pas manquer! Qui plus est, les plats sont pr\u00e9par\u00e9s par le chef \u00c9ric Gonzalez de l\u2019auberge Saint-Gabriel de Montr\u00e9al, connu pour son go\u00fbt fin et ses assiettes structur\u00e9es\u2026<\/p>\n<p>Centropolis r\u00e9unit d\u2019autres restaurants dont l\u2019offre est tout aussi vari\u00e9e selon le style culinaire et le d\u00e9cor recherch\u00e9s : de la M\u00e9diterran\u00e9e au Qu\u00e9bec urbain en passant par la Tha\u00eflande et l\u2019europe, les saveurs de 24 restaurants s\u2019offrent \u00e0 vous. Pour n&rsquo;en nommer que quelques-uns, mentionnons le restaurant L\u2019ar\u00f4mate, le Calvi, le Mikasa sushi bar et le enoteca Mozza. et pour terminer la soir\u00e9e, quoi de mieux que de poursuivre la f\u00eate dans un des bistros ou dans une des bo\u00eetes de nuit pr\u00e9sents sur le site? deux activit\u00e9s un peu \u00ab extr\u00eames \u00bb, exclusives au Canada, sont rapidement devenues populaires lorsqu\u2019elles ont \u00e9t\u00e9 introduites \u00e0 Centropolis. Il s\u2019agit pour la premi\u00e8re du Maeva Surf ou du flowboarding qui se d\u00e9finit comme un mariage de surf, de skateboard et de snowboard. La deuxi\u00e8me est le SkyVenture, un tunnel \u00e0 soufflerie vertical qui reproduit l\u2019effet de la chute libre d\u2019un saut en parachute. Tent\u00e9s par l\u2019exp\u00e9rience?<\/p>\n<p>Le site compte trois centres de conditionnement physique, un spa, un cin\u00e9ma (le Colossus), des boutiques haut de gamme, comme la mercerie pour hommes Henri V\u00e9zina, une maison de grande r\u00e9putation et Joaillerie Signature qui propose des collections exclusives de marques r\u00e9put\u00e9es comme Chanel, Gucci et U-Boat. enfin, Centropolis poss\u00e8de aussi une composante de bureaux et services qui regroupe en tout 24 centres d\u2019affaires. Malgr\u00e9 la grande vari\u00e9t\u00e9 de son offre, Centropolis continue de grandir et de se d\u00e9velopper. ainsi un investissement de plus de 30 millions de dollars sera fait afin d\u2019\u00e9riger une tour de bureaux dont l\u2019ouverture est pr\u00e9vue pour 2014.<\/p>\n<p>UNE VILLE QUI FAIT ENVIE<br \/>\nSur tout le territoire de Laval, on trouve des adresses de renom, entre autres, les deux concessions du Groupe Lauzon automobiles, audi et Porsche, qui suscitent un int\u00e9r\u00eat grandissant aupr\u00e8s de la client\u00e8le amatrice de v\u00e9hicules allemands aux qualit\u00e9s ind\u00e9niables. L\u2019ouverture du nouveau Terminal audi y est certes pour quelque chose, mais les conseils et services des professionnels exp\u00e9riment\u00e9s des deux garages y jouent aussi un r\u00f4le tr\u00e8s important dans la satisfaction de la client\u00e8le.<\/p>\n<p>C\u00f4t\u00e9 mode, Laval fait aussi envie avec des boutiques de prestige r\u00e9parties sur ses art\u00e8res principales o\u00f9 les gens soucieux de leur apparence peuvent compter sur des v\u00eatements et des accessoires originaux et souvent exclusifs. C\u2019est le cas de la boutique Le Lavalois du boulevard Le Corbusier qui offre des marques griff\u00e9es de designers qu\u00e9b\u00e9cois, canadiens et europ\u00e9ens, telles que Basler, elisa Cavaletti, roberto naldi, Gerry Weber, pour les femmes et Meyer, Bruno Saint Hilaire, Bugatti, Baumler, pour les hommes. \u00ab nous avons des produits de grande qualit\u00e9, c\u2019est vrai, mais notre personnel conseille nos clients judicieusement dans leur choix, en fonction de leur go\u00fbt, mais aussi en fonction de la coupe qui leur sied le mieux, nous pr\u00e9cise le propri\u00e9taire Claude Cossette. Parfois, un petit ajustement fait toute la diff\u00e9rence entre un beau v\u00eatement et une apparence impeccable. C\u2019est pourquoi nos couturiers \u00e0 la touche italienne sont si populaires! \u00bb<\/p>\n<p>C\u00f4t\u00e9 restauration, la ville compte une vari\u00e9t\u00e9 d\u2019institutions qui sauront ravir tous les palais et tous les app\u00e9tits. Le Mitoyen, un des 31 restaurants class\u00e9s Quatre diamants au Qu\u00e9bec, se d\u00e9marque pour sa cuisine et aussi pour son d\u00e9cor champ\u00eatre. Le Saint-Christophe est aussi \u00e0 visiter de m\u00eame que le restaurant Amato sp\u00e9cialis\u00e9 dans la cuisine italienne.<\/p>\n<p>UNE VILLE QUI BOUGE<br \/>\nPour ceux qui s\u2019interrogeraient sur les activit\u00e9s \u00e0 faire \u00e0 Laval, sachez qu\u2019elles sont nombreuses et vari\u00e9es! en hiver comme en \u00e9t\u00e9, ou pour la rel\u00e2che du printemps, les parcs, galeries et centres d\u2019interpr\u00e9tation bouillonnent de propositions.<\/p>\n<p>En hiver, la Ferme L\u2019auteuilloise propose le Poney luge, une activit\u00e9 de glisse unique, et le skijoring o\u00f9 le skieur est tir\u00e9 par un cheval! Originales \u00e0 souhait, ces deux activit\u00e9s sont, surtout, tr\u00e8s populaires. Le Parc de la rivi\u00e8re-des-Mille-\u00celes inscrit de nombreuses activit\u00e9s \u00e0 son horaire hivernal et printanier. Il est possible, entre autres, de s\u2019adonner \u00e0 la p\u00eache blanche, \u00e0 la glissade ou \u00e0 la sculpture sur neige. En \u00e9t\u00e9, alors que la temp\u00e9rature nous invite \u00e0 la d\u00e9tente et aux activit\u00e9s plus relaxantes, on peut vivre une r\u00e9elle exp\u00e9dition \u00e0 bord d\u2019un bateau-dragon sur la rivi\u00e8re des Mille \u00celes, ou profiter de la Marina Venise pour se laisser flotter sur un ponton ou pour se rafra\u00eechir dans la piscine.<\/p>\n<p>Les activit\u00e9s familiales occupent une grande place dans la vie des Lavallois. Ainsi, les enfants peuvent \u00e9tendre leurs connaissances du monde scientifique en vivant Les samedis au labo que propose le Mus\u00e9e armand-Frappier. Ils pourront aussi enrichir leur culture scientifique au Centre d\u2019interpr\u00e9tation de l\u2019eau qui pr\u00e9voit une s\u00e9rie d\u2019activit\u00e9s \u00e9ducatives tr\u00e8s stimulantes.<\/p>\n<p>UNE VILLE RICHE D\u2019HISTOIRE ET D\u2019ART<br \/>\nLe Vieux Sainte-Rose est un lieu de rendez-vous incontournable pour les r\u00e9sidents et les visiteurs de la r\u00e9gion. Ce secteur propice aux d\u00e9couvertes culinaires propose aussi de nombreuses boutiques, antiquaires et galeries d\u2019art comme la Galerie d\u2019art La Vieille caserne o\u00f9 des artistes en arts visuels cr\u00e9ent des oeuvres sous le regard charm\u00e9 des visiteurs.<\/p>\n<p>L\u2019art occupe r\u00e9ellement une place de choix dans ce secteur de la ville, puisqu\u2019il s\u2019y d\u00e9roule de multiples \u00e9v\u00e9nements \u00e0 longueur d\u2019ann\u00e9e : festivals, spectacles musicaux et autres \u00e9v\u00e9nements populaires, sans oublier le tr\u00e8s visit\u00e9 Symposium de peinture et de sculpture de Sainte-Rose du d\u00e9but du mois d\u2019ao\u00fbt.<\/p>\n<p>Les circuits patrimoniaux qui sont sugg\u00e9r\u00e9s dans ce quartier historique vous permettront de faire connaissance avec le pass\u00e9 de ce secteur tout en marchant librement, guid\u00e9s par le plan de visite disponible un peu partout.<\/p>\n<p>Bref, Laval est une r\u00e9gion qui bouge, qui progresse, qui s\u2019active et qui profite de son bagage historique et de son avantageuse localisation. Riche de vie et riche d\u2019occasions de profiter de la vie!<\/p>\n<h5 align=\"LEFT\"><em><\/em><em>\n\t\t<style type=\"text\/css\">\n\t\t\t#gallery-1 {\n\t\t\t\tmargin: auto;\n\t\t\t}\n\t\t\t#gallery-1 .gallery-item {\n\t\t\t\tfloat: left;\n\t\t\t\tmargin-top: 10px;\n\t\t\t\ttext-align: center;\n\t\t\t\twidth: 25%;\n\t\t\t}\n\t\t\t#gallery-1 img {\n\t\t\t\tborder: 2px solid #cfcfcf;\n\t\t\t}\n\t\t\t#gallery-1 .gallery-caption {\n\t\t\t\tmargin-left: 0;\n\t\t\t}\n\t\t\t\/* see gallery_shortcode() in wp-includes\/media.php *\/\n\t\t<\/style>\n\t\t<div id='gallery-1' class='gallery galleryid-4698 gallery-columns-4 gallery-size-thumbnail'><dl class='gallery-item'>\n\t\t\t<dt class='gallery-icon landscape'>\n\t\t\t\t<a href='https:\/\/magazineluxe.com\/wp-content\/uploads\/2013\/02\/LAVAL.jpg'><img loading=\"lazy\" decoding=\"async\" width=\"150\" height=\"150\" src=\"https:\/\/magazineluxe.com\/wp-content\/uploads\/2013\/02\/LAVAL-150x150.jpg\" class=\"attachment-thumbnail size-thumbnail\" alt=\"\" srcset=\"https:\/\/magazineluxe.com\/wp-content\/uploads\/2013\/02\/LAVAL-150x150.jpg 150w, https:\/\/magazineluxe.com\/wp-content\/uploads\/2013\/02\/LAVAL-60x60.jpg 60w, https:\/\/magazineluxe.com\/wp-content\/uploads\/2013\/02\/LAVAL-180x180.jpg 180w\" sizes=\"auto, (max-width: 150px) 100vw, 150px\" \/><\/a>\n\t\t\t<\/dt><\/dl><dl class='gallery-item'>\n\t\t\t<dt class='gallery-icon portrait'>\n\t\t\t\t<a href='https:\/\/magazineluxe.com\/wp-content\/uploads\/2013\/02\/Chateau-Taillefer-Lafon...jpg'><img loading=\"lazy\" decoding=\"async\" width=\"150\" height=\"150\" src=\"https:\/\/magazineluxe.com\/wp-content\/uploads\/2013\/02\/Chateau-Taillefer-Lafon..-150x150.jpg\" class=\"attachment-thumbnail size-thumbnail\" alt=\"\" srcset=\"https:\/\/magazineluxe.com\/wp-content\/uploads\/2013\/02\/Chateau-Taillefer-Lafon..-150x150.jpg 150w, https:\/\/magazineluxe.com\/wp-content\/uploads\/2013\/02\/Chateau-Taillefer-Lafon..-60x60.jpg 60w, https:\/\/magazineluxe.com\/wp-content\/uploads\/2013\/02\/Chateau-Taillefer-Lafon..-180x180.jpg 180w\" sizes=\"auto, (max-width: 150px) 100vw, 150px\" \/><\/a>\n\t\t\t<\/dt><\/dl><dl class='gallery-item'>\n\t\t\t<dt class='gallery-icon landscape'>\n\t\t\t\t<a href='https:\/\/magazineluxe.com\/wp-content\/uploads\/2013\/02\/af_exposition_cosmodome.jpg'><img loading=\"lazy\" decoding=\"async\" width=\"150\" height=\"150\" src=\"https:\/\/magazineluxe.com\/wp-content\/uploads\/2013\/02\/af_exposition_cosmodome-150x150.jpg\" class=\"attachment-thumbnail size-thumbnail\" alt=\"\" srcset=\"https:\/\/magazineluxe.com\/wp-content\/uploads\/2013\/02\/af_exposition_cosmodome-150x150.jpg 150w, https:\/\/magazineluxe.com\/wp-content\/uploads\/2013\/02\/af_exposition_cosmodome-60x60.jpg 60w, https:\/\/magazineluxe.com\/wp-content\/uploads\/2013\/02\/af_exposition_cosmodome-180x180.jpg 180w\" sizes=\"auto, (max-width: 150px) 100vw, 150px\" \/><\/a>\n\t\t\t<\/dt><\/dl><dl class='gallery-item'>\n\t\t\t<dt class='gallery-icon landscape'>\n\t\t\t\t<a href='https:\/\/magazineluxe.com\/wp-content\/uploads\/2013\/02\/Nature-et-plein-air-...jpg'><img loading=\"lazy\" decoding=\"async\" width=\"150\" height=\"150\" src=\"https:\/\/magazineluxe.com\/wp-content\/uploads\/2013\/02\/Nature-et-plein-air-..-150x150.jpg\" class=\"attachment-thumbnail size-thumbnail\" alt=\"\" srcset=\"https:\/\/magazineluxe.com\/wp-content\/uploads\/2013\/02\/Nature-et-plein-air-..-150x150.jpg 150w, https:\/\/magazineluxe.com\/wp-content\/uploads\/2013\/02\/Nature-et-plein-air-..-60x60.jpg 60w, https:\/\/magazineluxe.com\/wp-content\/uploads\/2013\/02\/Nature-et-plein-air-..-180x180.jpg 180w\" sizes=\"auto, (max-width: 150px) 100vw, 150px\" \/><\/a>\n\t\t\t<\/dt><\/dl><br style=\"clear: both\" \/><dl class='gallery-item'>\n\t\t\t<dt class='gallery-icon portrait'>\n\t\t\t\t<a href='https:\/\/magazineluxe.com\/wp-content\/uploads\/2013\/02\/N_Parc_Riviere_Mille-iles...jpg'><img loading=\"lazy\" decoding=\"async\" width=\"150\" height=\"150\" src=\"https:\/\/magazineluxe.com\/wp-content\/uploads\/2013\/02\/N_Parc_Riviere_Mille-iles..-150x150.jpg\" class=\"attachment-thumbnail size-thumbnail\" alt=\"\" srcset=\"https:\/\/magazineluxe.com\/wp-content\/uploads\/2013\/02\/N_Parc_Riviere_Mille-iles..-150x150.jpg 150w, https:\/\/magazineluxe.com\/wp-content\/uploads\/2013\/02\/N_Parc_Riviere_Mille-iles..-60x60.jpg 60w, https:\/\/magazineluxe.com\/wp-content\/uploads\/2013\/02\/N_Parc_Riviere_Mille-iles..-180x180.jpg 180w\" sizes=\"auto, (max-width: 150px) 100vw, 150px\" \/><\/a>\n\t\t\t<\/dt><\/dl><dl class='gallery-item'>\n\t\t\t<dt class='gallery-icon portrait'>\n\t\t\t\t<a href='https:\/\/magazineluxe.com\/wp-content\/uploads\/2013\/02\/N_Velo_02...jpg'><img loading=\"lazy\" decoding=\"async\" width=\"150\" height=\"150\" src=\"https:\/\/magazineluxe.com\/wp-content\/uploads\/2013\/02\/N_Velo_02..-150x150.jpg\" class=\"attachment-thumbnail size-thumbnail\" alt=\"\" srcset=\"https:\/\/magazineluxe.com\/wp-content\/uploads\/2013\/02\/N_Velo_02..-150x150.jpg 150w, https:\/\/magazineluxe.com\/wp-content\/uploads\/2013\/02\/N_Velo_02..-60x60.jpg 60w, https:\/\/magazineluxe.com\/wp-content\/uploads\/2013\/02\/N_Velo_02..-180x180.jpg 180w\" sizes=\"auto, (max-width: 150px) 100vw, 150px\" \/><\/a>\n\t\t\t<\/dt><\/dl><dl class='gallery-item'>\n\t\t\t<dt class='gallery-icon landscape'>\n\t\t\t\t<a href='https:\/\/magazineluxe.com\/wp-content\/uploads\/2013\/02\/Quintessence.jpg'><img loading=\"lazy\" decoding=\"async\" width=\"150\" height=\"150\" src=\"https:\/\/magazineluxe.com\/wp-content\/uploads\/2013\/02\/Quintessence-150x150.jpg\" class=\"attachment-thumbnail size-thumbnail\" alt=\"\" srcset=\"https:\/\/magazineluxe.com\/wp-content\/uploads\/2013\/02\/Quintessence-150x150.jpg 150w, https:\/\/magazineluxe.com\/wp-content\/uploads\/2013\/02\/Quintessence-60x60.jpg 60w, https:\/\/magazineluxe.com\/wp-content\/uploads\/2013\/02\/Quintessence-180x180.jpg 180w\" sizes=\"auto, (max-width: 150px) 100vw, 150px\" \/><\/a>\n\t\t\t<\/dt><\/dl><dl class='gallery-item'>\n\t\t\t<dt class='gallery-icon landscape'>\n\t\t\t\t<a href='https:\/\/magazineluxe.com\/wp-content\/uploads\/2013\/02\/Coll\u00e8ge-Letendre.jpg'><img loading=\"lazy\" decoding=\"async\" width=\"150\" height=\"150\" src=\"https:\/\/magazineluxe.com\/wp-content\/uploads\/2013\/02\/Coll\u00e8ge-Letendre-150x150.jpg\" class=\"attachment-thumbnail size-thumbnail\" alt=\"\" srcset=\"https:\/\/magazineluxe.com\/wp-content\/uploads\/2013\/02\/Coll\u00e8ge-Letendre-150x150.jpg 150w, https:\/\/magazineluxe.com\/wp-content\/uploads\/2013\/02\/Coll\u00e8ge-Letendre-60x60.jpg 60w, https:\/\/magazineluxe.com\/wp-content\/uploads\/2013\/02\/Coll\u00e8ge-Letendre-180x180.jpg 180w\" sizes=\"auto, (max-width: 150px) 100vw, 150px\" \/><\/a>\n\t\t\t<\/dt><\/dl><br style=\"clear: both\" \/><dl class='gallery-item'>\n\t\t\t<dt class='gallery-icon landscape'>\n\t\t\t\t<a href='https:\/\/magazineluxe.com\/wp-content\/uploads\/2013\/02\/Laval..jpg'><img loading=\"lazy\" decoding=\"async\" width=\"150\" height=\"150\" src=\"https:\/\/magazineluxe.com\/wp-content\/uploads\/2013\/02\/Laval.-150x150.jpg\" class=\"attachment-thumbnail size-thumbnail\" alt=\"\" srcset=\"https:\/\/magazineluxe.com\/wp-content\/uploads\/2013\/02\/Laval.-150x150.jpg 150w, https:\/\/magazineluxe.com\/wp-content\/uploads\/2013\/02\/Laval.-60x60.jpg 60w, https:\/\/magazineluxe.com\/wp-content\/uploads\/2013\/02\/Laval.-180x180.jpg 180w\" sizes=\"auto, (max-width: 150px) 100vw, 150px\" \/><\/a>\n\t\t\t<\/dt><\/dl><dl class='gallery-item'>\n\t\t\t<dt class='gallery-icon landscape'>\n\t\t\t\t<a href='https:\/\/magazineluxe.com\/wp-content\/uploads\/2013\/02\/Musee-Armand-Frappier.jpg'><img loading=\"lazy\" decoding=\"async\" width=\"150\" height=\"150\" src=\"https:\/\/magazineluxe.com\/wp-content\/uploads\/2013\/02\/Musee-Armand-Frappier-150x150.jpg\" class=\"attachment-thumbnail size-thumbnail\" alt=\"\" srcset=\"https:\/\/magazineluxe.com\/wp-content\/uploads\/2013\/02\/Musee-Armand-Frappier-150x150.jpg 150w, https:\/\/magazineluxe.com\/wp-content\/uploads\/2013\/02\/Musee-Armand-Frappier-60x60.jpg 60w, https:\/\/magazineluxe.com\/wp-content\/uploads\/2013\/02\/Musee-Armand-Frappier-180x180.jpg 180w\" sizes=\"auto, (max-width: 150px) 100vw, 150px\" \/><\/a>\n\t\t\t<\/dt><\/dl><dl class='gallery-item'>\n\t\t\t<dt class='gallery-icon portrait'>\n\t\t\t\t<a href='https:\/\/magazineluxe.com\/wp-content\/uploads\/2013\/02\/Salle-Andre-Mathieu..jpg'><img loading=\"lazy\" decoding=\"async\" width=\"150\" height=\"150\" src=\"https:\/\/magazineluxe.com\/wp-content\/uploads\/2013\/02\/Salle-Andre-Mathieu.-150x150.jpg\" class=\"attachment-thumbnail size-thumbnail\" alt=\"\" srcset=\"https:\/\/magazineluxe.com\/wp-content\/uploads\/2013\/02\/Salle-Andre-Mathieu.-150x150.jpg 150w, https:\/\/magazineluxe.com\/wp-content\/uploads\/2013\/02\/Salle-Andre-Mathieu.-60x60.jpg 60w, https:\/\/magazineluxe.com\/wp-content\/uploads\/2013\/02\/Salle-Andre-Mathieu.-180x180.jpg 180w\" sizes=\"auto, (max-width: 150px) 100vw, 150px\" \/><\/a>\n\t\t\t<\/dt><\/dl><dl class='gallery-item'>\n\t\t\t<dt class='gallery-icon landscape'>\n\t\t\t\t<a href='https:\/\/magazineluxe.com\/wp-content\/uploads\/2013\/02\/E_+\u00ebvenement_Sainte-Rose_05Symposium..jpg'><img loading=\"lazy\" decoding=\"async\" width=\"150\" height=\"150\" src=\"https:\/\/magazineluxe.com\/wp-content\/uploads\/2013\/02\/E_+\u00ebvenement_Sainte-Rose_05Symposium.-150x150.jpg\" class=\"attachment-thumbnail size-thumbnail\" alt=\"\" srcset=\"https:\/\/magazineluxe.com\/wp-content\/uploads\/2013\/02\/E_+\u00ebvenement_Sainte-Rose_05Symposium.-150x150.jpg 150w, https:\/\/magazineluxe.com\/wp-content\/uploads\/2013\/02\/E_+\u00ebvenement_Sainte-Rose_05Symposium.-60x60.jpg 60w, https:\/\/magazineluxe.com\/wp-content\/uploads\/2013\/02\/E_+\u00ebvenement_Sainte-Rose_05Symposium.-180x180.jpg 180w\" sizes=\"auto, (max-width: 150px) 100vw, 150px\" \/><\/a>\n\t\t\t<\/dt><\/dl><br style=\"clear: both\" \/><dl class='gallery-item'>\n\t\t\t<dt class='gallery-icon portrait'>\n\t\t\t\t<a href='https:\/\/magazineluxe.com\/wp-content\/uploads\/2013\/02\/Viree-patrimoniales-de-Ste-Rose...jpg'><img loading=\"lazy\" decoding=\"async\" width=\"150\" height=\"150\" src=\"https:\/\/magazineluxe.com\/wp-content\/uploads\/2013\/02\/Viree-patrimoniales-de-Ste-Rose..-150x150.jpg\" class=\"attachment-thumbnail size-thumbnail\" alt=\"\" srcset=\"https:\/\/magazineluxe.com\/wp-content\/uploads\/2013\/02\/Viree-patrimoniales-de-Ste-Rose..-150x150.jpg 150w, https:\/\/magazineluxe.com\/wp-content\/uploads\/2013\/02\/Viree-patrimoniales-de-Ste-Rose..-60x60.jpg 60w, https:\/\/magazineluxe.com\/wp-content\/uploads\/2013\/02\/Viree-patrimoniales-de-Ste-Rose..-180x180.jpg 180w\" sizes=\"auto, (max-width: 150px) 100vw, 150px\" \/><\/a>\n\t\t\t<\/dt><\/dl><dl class='gallery-item'>\n\t\t\t<dt class='gallery-icon landscape'>\n\t\t\t\t<a href='https:\/\/magazineluxe.com\/wp-content\/uploads\/2013\/02\/centropolis...jpg'><img loading=\"lazy\" decoding=\"async\" width=\"150\" height=\"150\" src=\"https:\/\/magazineluxe.com\/wp-content\/uploads\/2013\/02\/centropolis..-150x150.jpg\" class=\"attachment-thumbnail size-thumbnail\" alt=\"\" srcset=\"https:\/\/magazineluxe.com\/wp-content\/uploads\/2013\/02\/centropolis..-150x150.jpg 150w, https:\/\/magazineluxe.com\/wp-content\/uploads\/2013\/02\/centropolis..-60x60.jpg 60w, https:\/\/magazineluxe.com\/wp-content\/uploads\/2013\/02\/centropolis..-180x180.jpg 180w\" sizes=\"auto, (max-width: 150px) 100vw, 150px\" \/><\/a>\n\t\t\t<\/dt><\/dl>\n\t\t\t<br style='clear: both' \/>\n\t\t<\/div>\n<br \/>\n<\/em><\/h5>\n<h5>&#8211; SANDRA GRAVEL<br \/>\nPHOTOGRAPHIES : JIMMY HAMELIN<\/h5>\n","protected":false},"excerpt":{"rendered":"<p>Laval, ville d\u2019affaires, ville de banlieue, ville de vill\u00e9giature et ville de culture qui attire de plus en plus de familles et de gens d\u2019affaires heureux d\u2019avoir acc\u00e8s \u00e0 la nature sans trop s\u2019\u00e9loigner du centre-ville de Montr\u00e9al. La Ville de Laval s\u2019est d\u2019ailleurs dot\u00e9e d\u2019un plan de d\u00e9veloppement qui repose sur une approche dite d\u2019urbanisme durable. La planification urbaine est audacieuse et bien organis\u00e9e, et plusieurs entreprises en profitent pour s\u2019y installer. de nombreux projets immobiliers s\u2019y d\u00e9veloppent aussi et contribuent au dynamisme actuel de la ville. UNE VILLE HAUT EN COULEUR Gr\u00e2ce aux montagnes et aux nombreux parcs naturels de la r\u00e9gion des Laurentides, la rivi\u00e8re des Mille \u00celes, le quartier historique de Sainte-Rose et les activit\u00e9s diversifi\u00e9es de son centre-ville, Laval est devenue une destination touristique et un axe d\u2019affaires recherch\u00e9 en plus d\u2019un milieu de vie convoit\u00e9. UNE VILLE EN \u00c9VOLUTION Le d\u00e9veloppement immobilier, particuli\u00e8rement le march\u00e9 de la copropri\u00e9t\u00e9, est en explosion \u00e0 Laval. des projets localis\u00e9s en plein centre-ville et en p\u00e9riph\u00e9rie sortent des sentiers battus pour offrir qualit\u00e9 de construction et qualit\u00e9 de vie en donnant toute l\u2019importance voulue aux besoins des r\u00e9sidents. La cr\u00e9ativit\u00e9 des diff\u00e9rentes constructions rend certes le choix difficile [&hellip;]<\/p>\n","protected":false},"author":710,"featured_media":4699,"comment_status":"closed","ping_status":"closed","sticky":false,"template":"","format":"standard","meta":{"_monsterinsights_skip_tracking":false,"_monsterinsights_sitenote_active":false,"_monsterinsights_sitenote_note":"","_monsterinsights_sitenote_category":0,"footnotes":""},"categories":[4],"tags":[845,850,849,848,847,846,844],"class_list":["post-4698","post","type-post","status-publish","format-standard","has-post-thumbnail","hentry","category-immobilier","tag-bois-de-lequerre","tag-centropolis","tag-condos-lumiere","tag-condos-quintessence","tag-cosmodome","tag-parc-de-la-riviere-milles-iles","tag-ville-de-laval"],"yoast_head":"<!-- This site is optimized with the Yoast SEO plugin v27.4 - https:\/\/yoast.com\/product\/yoast-seo-wordpress\/ -->\n<title>Vivre \u00e0 Laval - Ville en pleine effervescence - MAGAZINE LUXE - Immobilier | Design | Art de vivre<\/title>\n<meta name=\"robots\" content=\"index, follow, max-snippet:-1, max-image-preview:large, max-video-preview:-1\" \/>\n<link rel=\"canonical\" href=\"https:\/\/magazineluxe.com\/fr\/vivre-a-laval-ville-en-pleine-effervescence\/\" \/>\n<meta property=\"og:locale\" content=\"fr_FR\" \/>\n<meta property=\"og:type\" content=\"article\" \/>\n<meta property=\"og:title\" content=\"Vivre \u00e0 Laval - Ville en pleine effervescence - MAGAZINE LUXE - Immobilier | Design | Art de vivre\" \/>\n<meta property=\"og:description\" content=\"Laval, ville d\u2019affaires, ville de banlieue, ville de vill\u00e9giature et ville de culture qui attire de plus en plus de familles et de gens d\u2019affaires heureux d\u2019avoir acc\u00e8s \u00e0 la nature sans trop s\u2019\u00e9loigner du centre-ville de Montr\u00e9al. La Ville de Laval s\u2019est d\u2019ailleurs dot\u00e9e d\u2019un plan de d\u00e9veloppement qui repose sur une approche dite d\u2019urbanisme durable. La planification urbaine est audacieuse et bien organis\u00e9e, et plusieurs entreprises en profitent pour s\u2019y installer. de nombreux projets immobiliers s\u2019y d\u00e9veloppent aussi et contribuent au dynamisme actuel de la ville. UNE VILLE HAUT EN COULEUR Gr\u00e2ce aux montagnes et aux nombreux parcs naturels de la r\u00e9gion des Laurentides, la rivi\u00e8re des Mille \u00celes, le quartier historique de Sainte-Rose et les activit\u00e9s diversifi\u00e9es de son centre-ville, Laval est devenue une destination touristique et un axe d\u2019affaires recherch\u00e9 en plus d\u2019un milieu de vie convoit\u00e9. UNE VILLE EN \u00c9VOLUTION Le d\u00e9veloppement immobilier, particuli\u00e8rement le march\u00e9 de la copropri\u00e9t\u00e9, est en explosion \u00e0 Laval. des projets localis\u00e9s en plein centre-ville et en p\u00e9riph\u00e9rie sortent des sentiers battus pour offrir qualit\u00e9 de construction et qualit\u00e9 de vie en donnant toute l\u2019importance voulue aux besoins des r\u00e9sidents. La cr\u00e9ativit\u00e9 des diff\u00e9rentes constructions rend certes le choix difficile [&hellip;]\" \/>\n<meta property=\"og:url\" content=\"https:\/\/magazineluxe.com\/fr\/vivre-a-laval-ville-en-pleine-effervescence\/\" \/>\n<meta property=\"og:site_name\" content=\"MAGAZINE LUXE - Immobilier | Design | Art de vivre\" \/>\n<meta property=\"article:published_time\" content=\"2013-02-05T12:20:51+00:00\" \/>\n<meta property=\"article:modified_time\" content=\"2017-02-07T17:37:57+00:00\" \/>\n<meta property=\"og:image\" content=\"https:\/\/magazineluxe.com\/wp-content\/uploads\/2013\/02\/LAVAL.jpg\" \/>\n\t<meta property=\"og:image:width\" content=\"1200\" \/>\n\t<meta property=\"og:image:height\" content=\"800\" \/>\n\t<meta property=\"og:image:type\" content=\"image\/jpeg\" \/>\n<meta name=\"author\" content=\"\u00c2tma\" \/>\n<meta name=\"twitter:card\" content=\"summary_large_image\" \/>\n<meta name=\"twitter:label1\" content=\"\u00c9crit par\" \/>\n\t<meta name=\"twitter:data1\" content=\"\u00c2tma\" \/>\n\t<meta name=\"twitter:label2\" content=\"Dur\u00e9e de lecture estim\u00e9e\" \/>\n\t<meta name=\"twitter:data2\" content=\"10 minutes\" \/>\n<script type=\"application\/ld+json\" class=\"yoast-schema-graph\">{\"@context\":\"https:\\\/\\\/schema.org\",\"@graph\":[{\"@type\":\"Article\",\"@id\":\"https:\\\/\\\/magazineluxe.com\\\/fr\\\/vivre-a-laval-ville-en-pleine-effervescence\\\/#article\",\"isPartOf\":{\"@id\":\"https:\\\/\\\/magazineluxe.com\\\/fr\\\/vivre-a-laval-ville-en-pleine-effervescence\\\/\"},\"author\":{\"name\":\"\u00c2tma\",\"@id\":\"https:\\\/\\\/magazineluxe.com\\\/fr\\\/#\\\/schema\\\/person\\\/8adc55c929911b0b55d79cb0e89a2078\"},\"headline\":\"Vivre \u00e0 Laval &#8211; Ville en pleine effervescence\",\"datePublished\":\"2013-02-05T12:20:51+00:00\",\"dateModified\":\"2017-02-07T17:37:57+00:00\",\"mainEntityOfPage\":{\"@id\":\"https:\\\/\\\/magazineluxe.com\\\/fr\\\/vivre-a-laval-ville-en-pleine-effervescence\\\/\"},\"wordCount\":2040,\"image\":{\"@id\":\"https:\\\/\\\/magazineluxe.com\\\/fr\\\/vivre-a-laval-ville-en-pleine-effervescence\\\/#primaryimage\"},\"thumbnailUrl\":\"https:\\\/\\\/magazineluxe.com\\\/wp-content\\\/uploads\\\/2013\\\/02\\\/LAVAL.jpg\",\"keywords\":[\"Bois de l'\u00c9querre\",\"Centropolis\",\"Condos Lumi\u00e8re\",\"Condos Quintessence\",\"Cosmod\u00f4me\",\"Parc de la rivi\u00e8re Milles-\u00eeles\",\"Ville de Laval\"],\"articleSection\":[\"Immobilier\"],\"inLanguage\":\"fr-FR\"},{\"@type\":\"WebPage\",\"@id\":\"https:\\\/\\\/magazineluxe.com\\\/fr\\\/vivre-a-laval-ville-en-pleine-effervescence\\\/\",\"url\":\"https:\\\/\\\/magazineluxe.com\\\/fr\\\/vivre-a-laval-ville-en-pleine-effervescence\\\/\",\"name\":\"Vivre \u00e0 Laval - Ville en pleine effervescence - MAGAZINE LUXE - Immobilier | Design | Art de vivre\",\"isPartOf\":{\"@id\":\"https:\\\/\\\/magazineluxe.com\\\/fr\\\/#website\"},\"primaryImageOfPage\":{\"@id\":\"https:\\\/\\\/magazineluxe.com\\\/fr\\\/vivre-a-laval-ville-en-pleine-effervescence\\\/#primaryimage\"},\"image\":{\"@id\":\"https:\\\/\\\/magazineluxe.com\\\/fr\\\/vivre-a-laval-ville-en-pleine-effervescence\\\/#primaryimage\"},\"thumbnailUrl\":\"https:\\\/\\\/magazineluxe.com\\\/wp-content\\\/uploads\\\/2013\\\/02\\\/LAVAL.jpg\",\"datePublished\":\"2013-02-05T12:20:51+00:00\",\"dateModified\":\"2017-02-07T17:37:57+00:00\",\"author\":{\"@id\":\"https:\\\/\\\/magazineluxe.com\\\/fr\\\/#\\\/schema\\\/person\\\/8adc55c929911b0b55d79cb0e89a2078\"},\"breadcrumb\":{\"@id\":\"https:\\\/\\\/magazineluxe.com\\\/fr\\\/vivre-a-laval-ville-en-pleine-effervescence\\\/#breadcrumb\"},\"inLanguage\":\"fr-FR\",\"potentialAction\":[{\"@type\":\"ReadAction\",\"target\":[\"https:\\\/\\\/magazineluxe.com\\\/fr\\\/vivre-a-laval-ville-en-pleine-effervescence\\\/\"]}]},{\"@type\":\"ImageObject\",\"inLanguage\":\"fr-FR\",\"@id\":\"https:\\\/\\\/magazineluxe.com\\\/fr\\\/vivre-a-laval-ville-en-pleine-effervescence\\\/#primaryimage\",\"url\":\"https:\\\/\\\/magazineluxe.com\\\/wp-content\\\/uploads\\\/2013\\\/02\\\/LAVAL.jpg\",\"contentUrl\":\"https:\\\/\\\/magazineluxe.com\\\/wp-content\\\/uploads\\\/2013\\\/02\\\/LAVAL.jpg\",\"width\":\"1200\",\"height\":\"800\"},{\"@type\":\"BreadcrumbList\",\"@id\":\"https:\\\/\\\/magazineluxe.com\\\/fr\\\/vivre-a-laval-ville-en-pleine-effervescence\\\/#breadcrumb\",\"itemListElement\":[{\"@type\":\"ListItem\",\"position\":1,\"name\":\"Accueil\",\"item\":\"https:\\\/\\\/magazineluxe.com\\\/fr\\\/\"},{\"@type\":\"ListItem\",\"position\":2,\"name\":\"Vivre \u00e0 Laval &#8211; Ville en pleine effervescence\"}]},{\"@type\":\"WebSite\",\"@id\":\"https:\\\/\\\/magazineluxe.com\\\/fr\\\/#website\",\"url\":\"https:\\\/\\\/magazineluxe.com\\\/fr\\\/\",\"name\":\"MAGAZINE LUXE - Immobilier | Design | Art de vivre\",\"description\":\"MAGAZINE LUXE - Immobilier | Design | Art de vivre\",\"potentialAction\":[{\"@type\":\"SearchAction\",\"target\":{\"@type\":\"EntryPoint\",\"urlTemplate\":\"https:\\\/\\\/magazineluxe.com\\\/fr\\\/?s={search_term_string}\"},\"query-input\":{\"@type\":\"PropertyValueSpecification\",\"valueRequired\":true,\"valueName\":\"search_term_string\"}}],\"inLanguage\":\"fr-FR\"},{\"@type\":\"Person\",\"@id\":\"https:\\\/\\\/magazineluxe.com\\\/fr\\\/#\\\/schema\\\/person\\\/8adc55c929911b0b55d79cb0e89a2078\",\"name\":\"\u00c2tma\",\"image\":{\"@type\":\"ImageObject\",\"inLanguage\":\"fr-FR\",\"@id\":\"https:\\\/\\\/secure.gravatar.com\\\/avatar\\\/8f040abb094cad542949c1488512389277711ac5ee0e395bbebaa2573f7a2377?s=96&d=mm&r=g\",\"url\":\"https:\\\/\\\/secure.gravatar.com\\\/avatar\\\/8f040abb094cad542949c1488512389277711ac5ee0e395bbebaa2573f7a2377?s=96&d=mm&r=g\",\"contentUrl\":\"https:\\\/\\\/secure.gravatar.com\\\/avatar\\\/8f040abb094cad542949c1488512389277711ac5ee0e395bbebaa2573f7a2377?s=96&d=mm&r=g\",\"caption\":\"\u00c2tma\"},\"url\":\"https:\\\/\\\/magazineluxe.com\\\/fr\\\/author\\\/atma\\\/\"}]}<\/script>\n<!-- \/ Yoast SEO plugin. -->","yoast_head_json":{"title":"Vivre \u00e0 Laval - Ville en pleine effervescence - MAGAZINE LUXE - Immobilier | Design | Art de vivre","robots":{"index":"index","follow":"follow","max-snippet":"max-snippet:-1","max-image-preview":"max-image-preview:large","max-video-preview":"max-video-preview:-1"},"canonical":"https:\/\/magazineluxe.com\/fr\/vivre-a-laval-ville-en-pleine-effervescence\/","og_locale":"fr_FR","og_type":"article","og_title":"Vivre \u00e0 Laval - Ville en pleine effervescence - MAGAZINE LUXE - Immobilier | Design | Art de vivre","og_description":"Laval, ville d\u2019affaires, ville de banlieue, ville de vill\u00e9giature et ville de culture qui attire de plus en plus de familles et de gens d\u2019affaires heureux d\u2019avoir acc\u00e8s \u00e0 la nature sans trop s\u2019\u00e9loigner du centre-ville de Montr\u00e9al. La Ville de Laval s\u2019est d\u2019ailleurs dot\u00e9e d\u2019un plan de d\u00e9veloppement qui repose sur une approche dite d\u2019urbanisme durable. La planification urbaine est audacieuse et bien organis\u00e9e, et plusieurs entreprises en profitent pour s\u2019y installer. de nombreux projets immobiliers s\u2019y d\u00e9veloppent aussi et contribuent au dynamisme actuel de la ville. UNE VILLE HAUT EN COULEUR Gr\u00e2ce aux montagnes et aux nombreux parcs naturels de la r\u00e9gion des Laurentides, la rivi\u00e8re des Mille \u00celes, le quartier historique de Sainte-Rose et les activit\u00e9s diversifi\u00e9es de son centre-ville, Laval est devenue une destination touristique et un axe d\u2019affaires recherch\u00e9 en plus d\u2019un milieu de vie convoit\u00e9. UNE VILLE EN \u00c9VOLUTION Le d\u00e9veloppement immobilier, particuli\u00e8rement le march\u00e9 de la copropri\u00e9t\u00e9, est en explosion \u00e0 Laval. des projets localis\u00e9s en plein centre-ville et en p\u00e9riph\u00e9rie sortent des sentiers battus pour offrir qualit\u00e9 de construction et qualit\u00e9 de vie en donnant toute l\u2019importance voulue aux besoins des r\u00e9sidents. La cr\u00e9ativit\u00e9 des diff\u00e9rentes constructions rend certes le choix difficile [&hellip;]","og_url":"https:\/\/magazineluxe.com\/fr\/vivre-a-laval-ville-en-pleine-effervescence\/","og_site_name":"MAGAZINE LUXE - Immobilier | Design | Art de vivre","article_published_time":"2013-02-05T12:20:51+00:00","article_modified_time":"2017-02-07T17:37:57+00:00","og_image":[{"width":1200,"height":800,"url":"https:\/\/magazineluxe.com\/wp-content\/uploads\/2013\/02\/LAVAL.jpg","type":"image\/jpeg"}],"author":"\u00c2tma","twitter_card":"summary_large_image","twitter_misc":{"\u00c9crit par":"\u00c2tma","Dur\u00e9e de lecture estim\u00e9e":"10 minutes"},"schema":{"@context":"https:\/\/schema.org","@graph":[{"@type":"Article","@id":"https:\/\/magazineluxe.com\/fr\/vivre-a-laval-ville-en-pleine-effervescence\/#article","isPartOf":{"@id":"https:\/\/magazineluxe.com\/fr\/vivre-a-laval-ville-en-pleine-effervescence\/"},"author":{"name":"\u00c2tma","@id":"https:\/\/magazineluxe.com\/fr\/#\/schema\/person\/8adc55c929911b0b55d79cb0e89a2078"},"headline":"Vivre \u00e0 Laval &#8211; Ville en pleine effervescence","datePublished":"2013-02-05T12:20:51+00:00","dateModified":"2017-02-07T17:37:57+00:00","mainEntityOfPage":{"@id":"https:\/\/magazineluxe.com\/fr\/vivre-a-laval-ville-en-pleine-effervescence\/"},"wordCount":2040,"image":{"@id":"https:\/\/magazineluxe.com\/fr\/vivre-a-laval-ville-en-pleine-effervescence\/#primaryimage"},"thumbnailUrl":"https:\/\/magazineluxe.com\/wp-content\/uploads\/2013\/02\/LAVAL.jpg","keywords":["Bois de l'\u00c9querre","Centropolis","Condos Lumi\u00e8re","Condos Quintessence","Cosmod\u00f4me","Parc de la rivi\u00e8re Milles-\u00eeles","Ville de Laval"],"articleSection":["Immobilier"],"inLanguage":"fr-FR"},{"@type":"WebPage","@id":"https:\/\/magazineluxe.com\/fr\/vivre-a-laval-ville-en-pleine-effervescence\/","url":"https:\/\/magazineluxe.com\/fr\/vivre-a-laval-ville-en-pleine-effervescence\/","name":"Vivre \u00e0 Laval - Ville en pleine effervescence - MAGAZINE LUXE - Immobilier | Design | Art de vivre","isPartOf":{"@id":"https:\/\/magazineluxe.com\/fr\/#website"},"primaryImageOfPage":{"@id":"https:\/\/magazineluxe.com\/fr\/vivre-a-laval-ville-en-pleine-effervescence\/#primaryimage"},"image":{"@id":"https:\/\/magazineluxe.com\/fr\/vivre-a-laval-ville-en-pleine-effervescence\/#primaryimage"},"thumbnailUrl":"https:\/\/magazineluxe.com\/wp-content\/uploads\/2013\/02\/LAVAL.jpg","datePublished":"2013-02-05T12:20:51+00:00","dateModified":"2017-02-07T17:37:57+00:00","author":{"@id":"https:\/\/magazineluxe.com\/fr\/#\/schema\/person\/8adc55c929911b0b55d79cb0e89a2078"},"breadcrumb":{"@id":"https:\/\/magazineluxe.com\/fr\/vivre-a-laval-ville-en-pleine-effervescence\/#breadcrumb"},"inLanguage":"fr-FR","potentialAction":[{"@type":"ReadAction","target":["https:\/\/magazineluxe.com\/fr\/vivre-a-laval-ville-en-pleine-effervescence\/"]}]},{"@type":"ImageObject","inLanguage":"fr-FR","@id":"https:\/\/magazineluxe.com\/fr\/vivre-a-laval-ville-en-pleine-effervescence\/#primaryimage","url":"https:\/\/magazineluxe.com\/wp-content\/uploads\/2013\/02\/LAVAL.jpg","contentUrl":"https:\/\/magazineluxe.com\/wp-content\/uploads\/2013\/02\/LAVAL.jpg","width":"1200","height":"800"},{"@type":"BreadcrumbList","@id":"https:\/\/magazineluxe.com\/fr\/vivre-a-laval-ville-en-pleine-effervescence\/#breadcrumb","itemListElement":[{"@type":"ListItem","position":1,"name":"Accueil","item":"https:\/\/magazineluxe.com\/fr\/"},{"@type":"ListItem","position":2,"name":"Vivre \u00e0 Laval &#8211; Ville en pleine effervescence"}]},{"@type":"WebSite","@id":"https:\/\/magazineluxe.com\/fr\/#website","url":"https:\/\/magazineluxe.com\/fr\/","name":"MAGAZINE LUXE - Immobilier | Design | Art de vivre","description":"MAGAZINE LUXE - Immobilier | Design | Art de vivre","potentialAction":[{"@type":"SearchAction","target":{"@type":"EntryPoint","urlTemplate":"https:\/\/magazineluxe.com\/fr\/?s={search_term_string}"},"query-input":{"@type":"PropertyValueSpecification","valueRequired":true,"valueName":"search_term_string"}}],"inLanguage":"fr-FR"},{"@type":"Person","@id":"https:\/\/magazineluxe.com\/fr\/#\/schema\/person\/8adc55c929911b0b55d79cb0e89a2078","name":"\u00c2tma","image":{"@type":"ImageObject","inLanguage":"fr-FR","@id":"https:\/\/secure.gravatar.com\/avatar\/8f040abb094cad542949c1488512389277711ac5ee0e395bbebaa2573f7a2377?s=96&d=mm&r=g","url":"https:\/\/secure.gravatar.com\/avatar\/8f040abb094cad542949c1488512389277711ac5ee0e395bbebaa2573f7a2377?s=96&d=mm&r=g","contentUrl":"https:\/\/secure.gravatar.com\/avatar\/8f040abb094cad542949c1488512389277711ac5ee0e395bbebaa2573f7a2377?s=96&d=mm&r=g","caption":"\u00c2tma"},"url":"https:\/\/magazineluxe.com\/fr\/author\/atma\/"}]}},"_links":{"self":[{"href":"https:\/\/magazineluxe.com\/fr\/wp-json\/wp\/v2\/posts\/4698","targetHints":{"allow":["GET"]}}],"collection":[{"href":"https:\/\/magazineluxe.com\/fr\/wp-json\/wp\/v2\/posts"}],"about":[{"href":"https:\/\/magazineluxe.com\/fr\/wp-json\/wp\/v2\/types\/post"}],"author":[{"embeddable":true,"href":"https:\/\/magazineluxe.com\/fr\/wp-json\/wp\/v2\/users\/710"}],"replies":[{"embeddable":true,"href":"https:\/\/magazineluxe.com\/fr\/wp-json\/wp\/v2\/comments?post=4698"}],"version-history":[{"count":5,"href":"https:\/\/magazineluxe.com\/fr\/wp-json\/wp\/v2\/posts\/4698\/revisions"}],"predecessor-version":[{"id":8656,"href":"https:\/\/magazineluxe.com\/fr\/wp-json\/wp\/v2\/posts\/4698\/revisions\/8656"}],"wp:featuredmedia":[{"embeddable":true,"href":"https:\/\/magazineluxe.com\/fr\/wp-json\/wp\/v2\/media\/4699"}],"wp:attachment":[{"href":"https:\/\/magazineluxe.com\/fr\/wp-json\/wp\/v2\/media?parent=4698"}],"wp:term":[{"taxonomy":"category","embeddable":true,"href":"https:\/\/magazineluxe.com\/fr\/wp-json\/wp\/v2\/categories?post=4698"},{"taxonomy":"post_tag","embeddable":true,"href":"https:\/\/magazineluxe.com\/fr\/wp-json\/wp\/v2\/tags?post=4698"}],"curies":[{"name":"wp","href":"https:\/\/api.w.org\/{rel}","templated":true}]}}