{"id":4712,"date":"2013-02-05T12:35:06","date_gmt":"2013-02-05T12:35:06","guid":{"rendered":"http:\/\/magazineluxe.com\/\/?p=4712"},"modified":"2019-10-09T10:51:36","modified_gmt":"2019-10-09T14:51:36","slug":"un-magnifique-condo-sur-les-collines-de-puerto-vallarta","status":"publish","type":"post","link":"https:\/\/magazineluxe.com\/fr\/un-magnifique-condo-sur-les-collines-de-puerto-vallarta\/","title":{"rendered":"Un magnifique condo sur les collines de Puerto Vallarta"},"content":{"rendered":"<p align=\"LEFT\"><em>Puerto Vallarta. L&rsquo;\u00e9vocation m\u00eame de cette station baln\u00e9aire mexicaine nous fait<\/em> <em>r\u00eaver. Plages bord\u00e9es de palmiers, couchers de soleil r\u00e9put\u00e9s parmi les plus beaux au<\/em> <em>monde, temp\u00e9rature id\u00e9ale&#8230; Juch\u00e9 au sommet d&rsquo;une montagne dans un immeuble<\/em> <em>de douze \u00e9tages, ce condo \u00e0 la vue imprenable sur la mer est un v\u00e9ritable \u00e9crin au<\/em> <em>coeur du petit village de Malpa.<\/em><\/p>\n<p align=\"LEFT\">UN D\u00c9COR GLAMOUR, JOUANT SUR LA SYM\u00c9TRIE<br \/>\nLorsque St\u00e9phane Fr\u00e9chette et Robert Sauv\u00e9, designers de renom et propri\u00e9taires de la galerie NordSouth Int\u00e9rieurs \u00e0 Montr\u00e9al, sont charg\u00e9s d&rsquo;am\u00e9nager cet appartement de 3 000 pieds carr\u00e9s, la direction qu&rsquo;ils souhaitent prendre est claire : cr\u00e9er un d\u00e9cor glamour, exotique et \u00e9l\u00e9gant. De fait, \u00e0 peine franchi le hall d&rsquo;entr\u00e9e, le lieu nous impressionne par sa beaut\u00e9.<\/p>\n<p align=\"LEFT\">Construit sur une judicieuse sym\u00e9trie, le salon tout de blanc v\u00eatu se d\u00e9double de part et d&rsquo;autre comme dans un miroir : canap\u00e9 en lin, tapis shag, table de verre et chandelier en cristal se font face. Seule diff\u00e9rence : les superbes tableaux de l&rsquo;artiste qu\u00e9b\u00e9coise Marie-Jos\u00e9e Roy, apportant une puissante touche de po\u00e9sie \u00e0 l&rsquo;ensemble. \u00ab Ces tableaux ont \u00e9t\u00e9 faits sur mesure. L&rsquo;un repr\u00e9sente un homme soufflant vers l&rsquo;oc\u00e9an, l&rsquo;autre une femme, cheveux au vent, regardant vers l&rsquo;horizon \u00bb, explique St\u00e9phane Fr\u00e9chette. Dans tout l&rsquo;appartement, un sol en marbre couleur caf\u00e9 court au sol, contribuant \u00e0 la luminosit\u00e9 des lieux.<\/p>\n<p align=\"LEFT\">Entour\u00e9 d&rsquo;une immense fenestration, le salon se prolonge sur une terrasse couverte jouissant d&rsquo;une vue spectaculaire sur la mer. \u00ab D\u00e8s que les propri\u00e9taires arrivent ici, ils ouvrent les rideaux qui se d\u00e9plient comme un accord\u00e9on. Le soir, comme il fait chaud \u00e0 Puerta Vallerta, c&rsquo;est la pi\u00e8ce la plus agr\u00e9able \u00e0 vivre. Le vent et l&rsquo;air frais de la mer y p\u00e9n\u00e8trent agr\u00e9ablement. D&rsquo;ailleurs, les propri\u00e9taires m&rsquo;ont confi\u00e9 qu&rsquo;ils d\u00e9laissaient leur lit bien souvent pour venir dormir sur les canap\u00e9s modulaires! \u00bb, raconte en riant le designer. Deux longs et hauts vases par\u00e9s de magnifiques bouquets, compos\u00e9s par St\u00e9phane Fr\u00e9chette lui-m\u00eame, ajoutent de la couleur \u00e0 ce d\u00e9cor monochrome. Au centre, en plein coeur de cet environnement tropical se dresse un joli foyer d&rsquo;ambiance, sorte de clin d\u2019oeil ludique au Qu\u00e9bec, patrie des propri\u00e9taires. Quelques marches m\u00e8nent \u00e0 la piscine, dont l&rsquo;entr\u00e9e est jalousement gard\u00e9e par une magnifique t\u00eate de Bouddha. \u00ab Dans cet immeuble, chaque condominium dispose de sa piscine priv\u00e9e \u00bb. Inutile de dire que les soir\u00e9es festives que les propri\u00e9taires aiment \u00e0 organiser doivent \u00eatre hors du commun!<\/p>\n<p align=\"LEFT\">L&rsquo;UNIVERS D&rsquo;UN ESTH\u00c8TE<br \/>\nDans tout l&rsquo;appartement, la passion des propri\u00e9taires pour l&rsquo;art contemporain transpara\u00eet et lui conf\u00e8re une \u00e2me toute particuli\u00e8re. Ainsi, dans la salle \u00e0 manger, faisant \u00e9cho \u00e0 la brillance du lustre en cristal et de la table laqu\u00e9e, se dressent deux oeuvres d&rsquo;art s&rsquo;inscrivant dans une palette de tons dor\u00e9s : l&rsquo;\u00e9l\u00e9gante sculpture en chrome de Rebag, Le New-Yorkais, ainsi que le Mangeur de roches, du Mexicain Jonas, tout en bronze et en pierres semi-pr\u00e9cieuses, et pos\u00e9e sur un pi\u00e9destal en cristal transparent.<\/p>\n<p>Tandis que le salon faisait du blanc sa couleur de pr\u00e9dilection, la salle \u00e0 manger et la cuisine se parent d\u2019un noir lumineux et brillant. Seules les huit chaises italiennes en cuir blanc entourant la jolie table con\u00e7ue par St\u00e9phane Fr\u00e9chette assurent la continuit\u00e9 avec le salon. Dans la cuisine, l&rsquo;il\u00f4t pr\u00e9sente un comptoir en granit int\u00e9grant une plaque au gaz. Deux majestueux luminaires en verre Murano se d\u00e9ploient de part et d&rsquo;autre de la hotte comme deux fleurs fantastiques.<\/p>\n<p>La grande armoire en laque italienne, aussi belle que pratique, offre beaucoup de rangement. \u00ab La cuisine \u00e9tait d\u00e9j\u00e0 faite quand j&rsquo;ai \u00e9t\u00e9 charg\u00e9 de r\u00e9organiser l&rsquo;appartement. Elle a simplement \u00e9t\u00e9 personnalis\u00e9e par des tableaux et des accessoires \u00bb, d\u00e9clare St\u00e9phane Fr\u00e9chette. Deux peintures de l&rsquo;artiste italien Karim Ghidinelli viennent ainsi enrichir le tout.<\/p>\n<p align=\"LEFT\">UN STYLE \u00c9PUR\u00c9 INVITANT \u00c0 LA D\u00c9TENTE<br \/>\nLa chambre principale ainsi que la chambre d&rsquo;amis ont \u00e9t\u00e9 am\u00e9nag\u00e9es de mani\u00e8re tout \u00e0 fait identique. Le mobilier a \u00e9t\u00e9 r\u00e9duit au minimum afin de conserver l&rsquo;impression de vastitude et de s\u00e9r\u00e9nit\u00e9 de l&rsquo;endroit. \u00ab Je voulais un d\u00e9cor \u00e9l\u00e9gant, chaleureux mais \u00e9pur\u00e9 \u00bb, explique le designer.<\/p>\n<p>Dispos\u00e9 sur un doux tapis \u00e0 poils longs comme au salon, le lit en Ultrasu\u00e8de pr\u00e9sente une t\u00eate de lit capitonn\u00e9e, incrust\u00e9e de cristaux Swarosky on ne peut plus glamour. De chaque c\u00f4t\u00e9, de charmantes tables de chevet en bois avec miroir Gucci soutiennent une lampe provenant de la boutique NordSouth Int\u00e9rieurs. Un fauteuil gris anthracite \u00e9galement en Ultrasu\u00e8de et cristaux Swaroski r\u00e9pond \u00e0 l&rsquo;\u00e9l\u00e9gant lit. Enfin, devant la fen\u00eatre, se tient une sculpture d&rsquo;un artiste local nomm\u00e9 Bero dont le travail nous rappelle celui de Giacometti. Enfin, la vue sur la piscine contribue \u00e0 faire de cette chambre un v\u00e9ritable havre de paix. Une simple porte coulissante permet de passer ais\u00e9ment de la chambre \u00e0 la salle de bains. Au sol, des dalles en ardoise noire. Sous la baignoire ovale, des galets gris fonc\u00e9. Jouant sur le contraste des formes, les meubles-lavabos et les miroirs ont \u00e9t\u00e9 choisis rectangulaires, venant faire opposition aux courbes de la baignoire. La douche est, quant \u00e0 elle, munie d&rsquo;\u00e9l\u00e9gants panneaux de verre teint\u00e9. Mais la pi\u00e8ce ma\u00eetresse r\u00e9side sans doute dans le tableau d&rsquo;Alain Cardinal dont le cadre en bois rouge et la figure d\u2019un homme marchant \u00e0 la rencontre d&rsquo;un train marquent l&rsquo;endroit d&rsquo;une empreinte originale et forte.<\/p>\n<p>Apr\u00e8s avoir visit\u00e9 cet appartement exceptionnel, on se dit que d\u00e9cid\u00e9ment, Puerto Vallarta n&rsquo;a pas fini de nous faire r\u00eaver!<\/p>\n\n\t\t<style type=\"text\/css\">\n\t\t\t#gallery-1 {\n\t\t\t\tmargin: auto;\n\t\t\t}\n\t\t\t#gallery-1 .gallery-item {\n\t\t\t\tfloat: left;\n\t\t\t\tmargin-top: 10px;\n\t\t\t\ttext-align: center;\n\t\t\t\twidth: 33%;\n\t\t\t}\n\t\t\t#gallery-1 img {\n\t\t\t\tborder: 2px solid #cfcfcf;\n\t\t\t}\n\t\t\t#gallery-1 .gallery-caption {\n\t\t\t\tmargin-left: 0;\n\t\t\t}\n\t\t\t\/* see gallery_shortcode() in wp-includes\/media.php *\/\n\t\t<\/style>\n\t\t<div id='gallery-1' class='gallery galleryid-4712 gallery-columns-3 gallery-size-thumbnail'><dl class='gallery-item'>\n\t\t\t<dt class='gallery-icon landscape'>\n\t\t\t\t<a href='https:\/\/magazineluxe.com\/wp-content\/uploads\/2013\/02\/salon1.jpg'><img loading=\"lazy\" decoding=\"async\" width=\"150\" height=\"150\" src=\"https:\/\/magazineluxe.com\/wp-content\/uploads\/2013\/02\/salon1-150x150.jpg\" class=\"attachment-thumbnail size-thumbnail\" alt=\"\" srcset=\"https:\/\/magazineluxe.com\/wp-content\/uploads\/2013\/02\/salon1-150x150.jpg 150w, https:\/\/magazineluxe.com\/wp-content\/uploads\/2013\/02\/salon1-60x60.jpg 60w, https:\/\/magazineluxe.com\/wp-content\/uploads\/2013\/02\/salon1-180x180.jpg 180w\" sizes=\"auto, (max-width: 150px) 100vw, 150px\" \/><\/a>\n\t\t\t<\/dt><\/dl><dl class='gallery-item'>\n\t\t\t<dt class='gallery-icon landscape'>\n\t\t\t\t<a href='https:\/\/magazineluxe.com\/wp-content\/uploads\/2013\/02\/living.jpg'><img loading=\"lazy\" decoding=\"async\" width=\"150\" height=\"150\" src=\"https:\/\/magazineluxe.com\/wp-content\/uploads\/2013\/02\/living-150x150.jpg\" class=\"attachment-thumbnail size-thumbnail\" alt=\"\" srcset=\"https:\/\/magazineluxe.com\/wp-content\/uploads\/2013\/02\/living-150x150.jpg 150w, https:\/\/magazineluxe.com\/wp-content\/uploads\/2013\/02\/living-60x60.jpg 60w, https:\/\/magazineluxe.com\/wp-content\/uploads\/2013\/02\/living-180x180.jpg 180w\" sizes=\"auto, (max-width: 150px) 100vw, 150px\" \/><\/a>\n\t\t\t<\/dt><\/dl><dl class='gallery-item'>\n\t\t\t<dt class='gallery-icon portrait'>\n\t\t\t\t<a href='https:\/\/magazineluxe.com\/wp-content\/uploads\/2013\/02\/cuisine3.jpg'><img loading=\"lazy\" decoding=\"async\" width=\"150\" height=\"150\" src=\"https:\/\/magazineluxe.com\/wp-content\/uploads\/2013\/02\/cuisine3-150x150.jpg\" class=\"attachment-thumbnail size-thumbnail\" alt=\"\" srcset=\"https:\/\/magazineluxe.com\/wp-content\/uploads\/2013\/02\/cuisine3-150x150.jpg 150w, https:\/\/magazineluxe.com\/wp-content\/uploads\/2013\/02\/cuisine3-60x60.jpg 60w, https:\/\/magazineluxe.com\/wp-content\/uploads\/2013\/02\/cuisine3-180x180.jpg 180w\" sizes=\"auto, (max-width: 150px) 100vw, 150px\" \/><\/a>\n\t\t\t<\/dt><\/dl><br style=\"clear: both\" \/><dl class='gallery-item'>\n\t\t\t<dt class='gallery-icon portrait'>\n\t\t\t\t<a href='https:\/\/magazineluxe.com\/wp-content\/uploads\/2013\/02\/sam..jpg'><img loading=\"lazy\" decoding=\"async\" width=\"150\" height=\"150\" src=\"https:\/\/magazineluxe.com\/wp-content\/uploads\/2013\/02\/sam.-150x150.jpg\" class=\"attachment-thumbnail size-thumbnail\" alt=\"\" srcset=\"https:\/\/magazineluxe.com\/wp-content\/uploads\/2013\/02\/sam.-150x150.jpg 150w, https:\/\/magazineluxe.com\/wp-content\/uploads\/2013\/02\/sam.-60x60.jpg 60w, https:\/\/magazineluxe.com\/wp-content\/uploads\/2013\/02\/sam.-180x180.jpg 180w\" sizes=\"auto, (max-width: 150px) 100vw, 150px\" \/><\/a>\n\t\t\t<\/dt><\/dl><dl class='gallery-item'>\n\t\t\t<dt class='gallery-icon landscape'>\n\t\t\t\t<a href='https:\/\/magazineluxe.com\/wp-content\/uploads\/2013\/02\/ccp1.jpg'><img loading=\"lazy\" decoding=\"async\" width=\"150\" height=\"150\" src=\"https:\/\/magazineluxe.com\/wp-content\/uploads\/2013\/02\/ccp1-150x150.jpg\" class=\"attachment-thumbnail size-thumbnail\" alt=\"\" srcset=\"https:\/\/magazineluxe.com\/wp-content\/uploads\/2013\/02\/ccp1-150x150.jpg 150w, https:\/\/magazineluxe.com\/wp-content\/uploads\/2013\/02\/ccp1-60x60.jpg 60w, https:\/\/magazineluxe.com\/wp-content\/uploads\/2013\/02\/ccp1-180x180.jpg 180w\" sizes=\"auto, (max-width: 150px) 100vw, 150px\" \/><\/a>\n\t\t\t<\/dt><\/dl><dl class='gallery-item'>\n\t\t\t<dt class='gallery-icon landscape'>\n\t\t\t\t<a href='https:\/\/magazineluxe.com\/wp-content\/uploads\/2013\/02\/vue.jpg'><img loading=\"lazy\" decoding=\"async\" width=\"150\" height=\"150\" src=\"https:\/\/magazineluxe.com\/wp-content\/uploads\/2013\/02\/vue-150x150.jpg\" class=\"attachment-thumbnail size-thumbnail\" alt=\"\" srcset=\"https:\/\/magazineluxe.com\/wp-content\/uploads\/2013\/02\/vue-150x150.jpg 150w, https:\/\/magazineluxe.com\/wp-content\/uploads\/2013\/02\/vue-60x60.jpg 60w, https:\/\/magazineluxe.com\/wp-content\/uploads\/2013\/02\/vue-180x180.jpg 180w\" sizes=\"auto, (max-width: 150px) 100vw, 150px\" \/><\/a>\n\t\t\t<\/dt><\/dl><br style=\"clear: both\" \/>\n\t\t<\/div>\n\n<h5 align=\"LEFT\"><em>\u00a0<\/em><\/h5>\n<h5 align=\"LEFT\">Galerie NordSouth Int\u00e9rieurs<br \/>\n<a href=\"http:\/\/www.nordsouth.com\">www.nordsouth.com<\/a><br \/>\nMONTR\u00c9AL :<br \/>\n8128, D\u00e9carie Montr\u00e9al (Qu\u00e9bec) H4P 2S8<br \/>\n514 288-1292<br \/>\nMIAMI :<br \/>\n16600 N.W. 54th Avenue suite 6, Miami Gardens,<br \/>\nFloride, USA 33014 (305) 621-0110<br \/>\nPUERTO VALLARTA :<br \/>\nAvalon #806 Gardenia 248. Col Amapas, Puerto Vallarta, Jalisco 48399<br \/>\n011-521-322-110-1022 ou (305) 205-5958<\/h5>\n<p>&nbsp;<\/p>\n<h5>&#8211; DIANE STEHLE<\/h5>\n","protected":false},"excerpt":{"rendered":"<p>Puerto Vallarta. L&rsquo;\u00e9vocation m\u00eame de cette station baln\u00e9aire mexicaine nous fait r\u00eaver. Plages bord\u00e9es de palmiers, couchers de soleil r\u00e9put\u00e9s parmi les plus beaux au monde, temp\u00e9rature id\u00e9ale&#8230; Juch\u00e9 au sommet d&rsquo;une montagne dans un immeuble de douze \u00e9tages, ce condo \u00e0 la vue imprenable sur la mer est un v\u00e9ritable \u00e9crin au coeur du petit village de Malpa. UN D\u00c9COR GLAMOUR, JOUANT SUR LA SYM\u00c9TRIE Lorsque St\u00e9phane Fr\u00e9chette et Robert Sauv\u00e9, designers de renom et propri\u00e9taires de la galerie NordSouth Int\u00e9rieurs \u00e0 Montr\u00e9al, sont charg\u00e9s d&rsquo;am\u00e9nager cet appartement de 3 000 pieds carr\u00e9s, la direction qu&rsquo;ils souhaitent prendre est claire : cr\u00e9er un d\u00e9cor glamour, exotique et \u00e9l\u00e9gant. De fait, \u00e0 peine franchi le hall d&rsquo;entr\u00e9e, le lieu nous impressionne par sa beaut\u00e9. Construit sur une judicieuse sym\u00e9trie, le salon tout de blanc v\u00eatu se d\u00e9double de part et d&rsquo;autre comme dans un miroir : canap\u00e9 en lin, tapis shag, table de verre et chandelier en cristal se font face. Seule diff\u00e9rence : les superbes tableaux de l&rsquo;artiste qu\u00e9b\u00e9coise Marie-Jos\u00e9e Roy, apportant une puissante touche de po\u00e9sie \u00e0 l&rsquo;ensemble. \u00ab Ces tableaux ont \u00e9t\u00e9 faits sur mesure. L&rsquo;un repr\u00e9sente un homme soufflant vers l&rsquo;oc\u00e9an, l&rsquo;autre une femme, cheveux au [&hellip;]<\/p>\n","protected":false},"author":710,"featured_media":4715,"comment_status":"closed","ping_status":"closed","sticky":false,"template":"","format":"standard","meta":{"_monsterinsights_skip_tracking":false,"_monsterinsights_sitenote_active":false,"_monsterinsights_sitenote_note":"","_monsterinsights_sitenote_category":0,"footnotes":""},"categories":[4],"tags":[853,852],"class_list":["post-4712","post","type-post","status-publish","format-standard","has-post-thumbnail","hentry","category-immobilier","tag-galerie-nord-south","tag-north-south"],"yoast_head":"<!-- This site is optimized with the Yoast SEO plugin v27.4 - https:\/\/yoast.com\/product\/yoast-seo-wordpress\/ -->\n<title>Un magnifique condo sur les collines de Puerto Vallarta - MAGAZINE LUXE - Immobilier | Design | Art de vivre<\/title>\n<meta name=\"robots\" content=\"index, follow, max-snippet:-1, max-image-preview:large, max-video-preview:-1\" \/>\n<link rel=\"canonical\" href=\"https:\/\/magazineluxe.com\/fr\/un-magnifique-condo-sur-les-collines-de-puerto-vallarta\/\" \/>\n<meta property=\"og:locale\" content=\"fr_FR\" \/>\n<meta property=\"og:type\" content=\"article\" \/>\n<meta property=\"og:title\" content=\"Un magnifique condo sur les collines de Puerto Vallarta - MAGAZINE LUXE - Immobilier | Design | Art de vivre\" \/>\n<meta property=\"og:description\" content=\"Puerto Vallarta. L&rsquo;\u00e9vocation m\u00eame de cette station baln\u00e9aire mexicaine nous fait r\u00eaver. Plages bord\u00e9es de palmiers, couchers de soleil r\u00e9put\u00e9s parmi les plus beaux au monde, temp\u00e9rature id\u00e9ale&#8230; Juch\u00e9 au sommet d&rsquo;une montagne dans un immeuble de douze \u00e9tages, ce condo \u00e0 la vue imprenable sur la mer est un v\u00e9ritable \u00e9crin au coeur du petit village de Malpa. UN D\u00c9COR GLAMOUR, JOUANT SUR LA SYM\u00c9TRIE Lorsque St\u00e9phane Fr\u00e9chette et Robert Sauv\u00e9, designers de renom et propri\u00e9taires de la galerie NordSouth Int\u00e9rieurs \u00e0 Montr\u00e9al, sont charg\u00e9s d&rsquo;am\u00e9nager cet appartement de 3 000 pieds carr\u00e9s, la direction qu&rsquo;ils souhaitent prendre est claire : cr\u00e9er un d\u00e9cor glamour, exotique et \u00e9l\u00e9gant. De fait, \u00e0 peine franchi le hall d&rsquo;entr\u00e9e, le lieu nous impressionne par sa beaut\u00e9. Construit sur une judicieuse sym\u00e9trie, le salon tout de blanc v\u00eatu se d\u00e9double de part et d&rsquo;autre comme dans un miroir : canap\u00e9 en lin, tapis shag, table de verre et chandelier en cristal se font face. Seule diff\u00e9rence : les superbes tableaux de l&rsquo;artiste qu\u00e9b\u00e9coise Marie-Jos\u00e9e Roy, apportant une puissante touche de po\u00e9sie \u00e0 l&rsquo;ensemble. \u00ab Ces tableaux ont \u00e9t\u00e9 faits sur mesure. L&rsquo;un repr\u00e9sente un homme soufflant vers l&rsquo;oc\u00e9an, l&rsquo;autre une femme, cheveux au [&hellip;]\" \/>\n<meta property=\"og:url\" content=\"https:\/\/magazineluxe.com\/fr\/un-magnifique-condo-sur-les-collines-de-puerto-vallarta\/\" \/>\n<meta property=\"og:site_name\" content=\"MAGAZINE LUXE - Immobilier | Design | Art de vivre\" \/>\n<meta property=\"article:published_time\" content=\"2013-02-05T12:35:06+00:00\" \/>\n<meta property=\"article:modified_time\" content=\"2019-10-09T14:51:36+00:00\" \/>\n<meta property=\"og:image\" content=\"https:\/\/magazineluxe.com\/wp-content\/uploads\/2013\/02\/living.jpg\" \/>\n\t<meta property=\"og:image:width\" content=\"1200\" \/>\n\t<meta property=\"og:image:height\" content=\"800\" \/>\n\t<meta property=\"og:image:type\" content=\"image\/jpeg\" \/>\n<meta name=\"author\" content=\"\u00c2tma\" \/>\n<meta name=\"twitter:card\" content=\"summary_large_image\" \/>\n<meta name=\"twitter:label1\" content=\"\u00c9crit par\" \/>\n\t<meta name=\"twitter:data1\" content=\"\u00c2tma\" \/>\n\t<meta name=\"twitter:label2\" content=\"Dur\u00e9e de lecture estim\u00e9e\" \/>\n\t<meta name=\"twitter:data2\" content=\"5 minutes\" \/>\n<script type=\"application\/ld+json\" class=\"yoast-schema-graph\">{\"@context\":\"https:\\\/\\\/schema.org\",\"@graph\":[{\"@type\":\"Article\",\"@id\":\"https:\\\/\\\/magazineluxe.com\\\/fr\\\/un-magnifique-condo-sur-les-collines-de-puerto-vallarta\\\/#article\",\"isPartOf\":{\"@id\":\"https:\\\/\\\/magazineluxe.com\\\/fr\\\/un-magnifique-condo-sur-les-collines-de-puerto-vallarta\\\/\"},\"author\":{\"name\":\"\u00c2tma\",\"@id\":\"https:\\\/\\\/magazineluxe.com\\\/fr\\\/#\\\/schema\\\/person\\\/8adc55c929911b0b55d79cb0e89a2078\"},\"headline\":\"Un magnifique condo sur les collines de Puerto Vallarta\",\"datePublished\":\"2013-02-05T12:35:06+00:00\",\"dateModified\":\"2019-10-09T14:51:36+00:00\",\"mainEntityOfPage\":{\"@id\":\"https:\\\/\\\/magazineluxe.com\\\/fr\\\/un-magnifique-condo-sur-les-collines-de-puerto-vallarta\\\/\"},\"wordCount\":1057,\"image\":{\"@id\":\"https:\\\/\\\/magazineluxe.com\\\/fr\\\/un-magnifique-condo-sur-les-collines-de-puerto-vallarta\\\/#primaryimage\"},\"thumbnailUrl\":\"https:\\\/\\\/magazineluxe.com\\\/wp-content\\\/uploads\\\/2013\\\/02\\\/living.jpg\",\"keywords\":[\"Galerie Nord South\",\"North South\"],\"articleSection\":[\"Immobilier\"],\"inLanguage\":\"fr-FR\"},{\"@type\":\"WebPage\",\"@id\":\"https:\\\/\\\/magazineluxe.com\\\/fr\\\/un-magnifique-condo-sur-les-collines-de-puerto-vallarta\\\/\",\"url\":\"https:\\\/\\\/magazineluxe.com\\\/fr\\\/un-magnifique-condo-sur-les-collines-de-puerto-vallarta\\\/\",\"name\":\"Un magnifique condo sur les collines de Puerto Vallarta - MAGAZINE LUXE - Immobilier | Design | Art de vivre\",\"isPartOf\":{\"@id\":\"https:\\\/\\\/magazineluxe.com\\\/fr\\\/#website\"},\"primaryImageOfPage\":{\"@id\":\"https:\\\/\\\/magazineluxe.com\\\/fr\\\/un-magnifique-condo-sur-les-collines-de-puerto-vallarta\\\/#primaryimage\"},\"image\":{\"@id\":\"https:\\\/\\\/magazineluxe.com\\\/fr\\\/un-magnifique-condo-sur-les-collines-de-puerto-vallarta\\\/#primaryimage\"},\"thumbnailUrl\":\"https:\\\/\\\/magazineluxe.com\\\/wp-content\\\/uploads\\\/2013\\\/02\\\/living.jpg\",\"datePublished\":\"2013-02-05T12:35:06+00:00\",\"dateModified\":\"2019-10-09T14:51:36+00:00\",\"author\":{\"@id\":\"https:\\\/\\\/magazineluxe.com\\\/fr\\\/#\\\/schema\\\/person\\\/8adc55c929911b0b55d79cb0e89a2078\"},\"breadcrumb\":{\"@id\":\"https:\\\/\\\/magazineluxe.com\\\/fr\\\/un-magnifique-condo-sur-les-collines-de-puerto-vallarta\\\/#breadcrumb\"},\"inLanguage\":\"fr-FR\",\"potentialAction\":[{\"@type\":\"ReadAction\",\"target\":[\"https:\\\/\\\/magazineluxe.com\\\/fr\\\/un-magnifique-condo-sur-les-collines-de-puerto-vallarta\\\/\"]}]},{\"@type\":\"ImageObject\",\"inLanguage\":\"fr-FR\",\"@id\":\"https:\\\/\\\/magazineluxe.com\\\/fr\\\/un-magnifique-condo-sur-les-collines-de-puerto-vallarta\\\/#primaryimage\",\"url\":\"https:\\\/\\\/magazineluxe.com\\\/wp-content\\\/uploads\\\/2013\\\/02\\\/living.jpg\",\"contentUrl\":\"https:\\\/\\\/magazineluxe.com\\\/wp-content\\\/uploads\\\/2013\\\/02\\\/living.jpg\",\"width\":\"1200\",\"height\":\"800\"},{\"@type\":\"BreadcrumbList\",\"@id\":\"https:\\\/\\\/magazineluxe.com\\\/fr\\\/un-magnifique-condo-sur-les-collines-de-puerto-vallarta\\\/#breadcrumb\",\"itemListElement\":[{\"@type\":\"ListItem\",\"position\":1,\"name\":\"Accueil\",\"item\":\"https:\\\/\\\/magazineluxe.com\\\/fr\\\/\"},{\"@type\":\"ListItem\",\"position\":2,\"name\":\"Un magnifique condo sur les collines de Puerto Vallarta\"}]},{\"@type\":\"WebSite\",\"@id\":\"https:\\\/\\\/magazineluxe.com\\\/fr\\\/#website\",\"url\":\"https:\\\/\\\/magazineluxe.com\\\/fr\\\/\",\"name\":\"MAGAZINE LUXE - Immobilier | Design | Art de vivre\",\"description\":\"MAGAZINE LUXE - Immobilier | Design | Art de vivre\",\"potentialAction\":[{\"@type\":\"SearchAction\",\"target\":{\"@type\":\"EntryPoint\",\"urlTemplate\":\"https:\\\/\\\/magazineluxe.com\\\/fr\\\/?s={search_term_string}\"},\"query-input\":{\"@type\":\"PropertyValueSpecification\",\"valueRequired\":true,\"valueName\":\"search_term_string\"}}],\"inLanguage\":\"fr-FR\"},{\"@type\":\"Person\",\"@id\":\"https:\\\/\\\/magazineluxe.com\\\/fr\\\/#\\\/schema\\\/person\\\/8adc55c929911b0b55d79cb0e89a2078\",\"name\":\"\u00c2tma\",\"image\":{\"@type\":\"ImageObject\",\"inLanguage\":\"fr-FR\",\"@id\":\"https:\\\/\\\/secure.gravatar.com\\\/avatar\\\/8f040abb094cad542949c1488512389277711ac5ee0e395bbebaa2573f7a2377?s=96&d=mm&r=g\",\"url\":\"https:\\\/\\\/secure.gravatar.com\\\/avatar\\\/8f040abb094cad542949c1488512389277711ac5ee0e395bbebaa2573f7a2377?s=96&d=mm&r=g\",\"contentUrl\":\"https:\\\/\\\/secure.gravatar.com\\\/avatar\\\/8f040abb094cad542949c1488512389277711ac5ee0e395bbebaa2573f7a2377?s=96&d=mm&r=g\",\"caption\":\"\u00c2tma\"},\"url\":\"https:\\\/\\\/magazineluxe.com\\\/fr\\\/author\\\/atma\\\/\"}]}<\/script>\n<!-- \/ Yoast SEO plugin. -->","yoast_head_json":{"title":"Un magnifique condo sur les collines de Puerto Vallarta - MAGAZINE LUXE - Immobilier | Design | Art de vivre","robots":{"index":"index","follow":"follow","max-snippet":"max-snippet:-1","max-image-preview":"max-image-preview:large","max-video-preview":"max-video-preview:-1"},"canonical":"https:\/\/magazineluxe.com\/fr\/un-magnifique-condo-sur-les-collines-de-puerto-vallarta\/","og_locale":"fr_FR","og_type":"article","og_title":"Un magnifique condo sur les collines de Puerto Vallarta - MAGAZINE LUXE - Immobilier | Design | Art de vivre","og_description":"Puerto Vallarta. L&rsquo;\u00e9vocation m\u00eame de cette station baln\u00e9aire mexicaine nous fait r\u00eaver. Plages bord\u00e9es de palmiers, couchers de soleil r\u00e9put\u00e9s parmi les plus beaux au monde, temp\u00e9rature id\u00e9ale&#8230; Juch\u00e9 au sommet d&rsquo;une montagne dans un immeuble de douze \u00e9tages, ce condo \u00e0 la vue imprenable sur la mer est un v\u00e9ritable \u00e9crin au coeur du petit village de Malpa. UN D\u00c9COR GLAMOUR, JOUANT SUR LA SYM\u00c9TRIE Lorsque St\u00e9phane Fr\u00e9chette et Robert Sauv\u00e9, designers de renom et propri\u00e9taires de la galerie NordSouth Int\u00e9rieurs \u00e0 Montr\u00e9al, sont charg\u00e9s d&rsquo;am\u00e9nager cet appartement de 3 000 pieds carr\u00e9s, la direction qu&rsquo;ils souhaitent prendre est claire : cr\u00e9er un d\u00e9cor glamour, exotique et \u00e9l\u00e9gant. De fait, \u00e0 peine franchi le hall d&rsquo;entr\u00e9e, le lieu nous impressionne par sa beaut\u00e9. Construit sur une judicieuse sym\u00e9trie, le salon tout de blanc v\u00eatu se d\u00e9double de part et d&rsquo;autre comme dans un miroir : canap\u00e9 en lin, tapis shag, table de verre et chandelier en cristal se font face. Seule diff\u00e9rence : les superbes tableaux de l&rsquo;artiste qu\u00e9b\u00e9coise Marie-Jos\u00e9e Roy, apportant une puissante touche de po\u00e9sie \u00e0 l&rsquo;ensemble. \u00ab Ces tableaux ont \u00e9t\u00e9 faits sur mesure. L&rsquo;un repr\u00e9sente un homme soufflant vers l&rsquo;oc\u00e9an, l&rsquo;autre une femme, cheveux au [&hellip;]","og_url":"https:\/\/magazineluxe.com\/fr\/un-magnifique-condo-sur-les-collines-de-puerto-vallarta\/","og_site_name":"MAGAZINE LUXE - Immobilier | Design | Art de vivre","article_published_time":"2013-02-05T12:35:06+00:00","article_modified_time":"2019-10-09T14:51:36+00:00","og_image":[{"width":1200,"height":800,"url":"https:\/\/magazineluxe.com\/wp-content\/uploads\/2013\/02\/living.jpg","type":"image\/jpeg"}],"author":"\u00c2tma","twitter_card":"summary_large_image","twitter_misc":{"\u00c9crit par":"\u00c2tma","Dur\u00e9e de lecture estim\u00e9e":"5 minutes"},"schema":{"@context":"https:\/\/schema.org","@graph":[{"@type":"Article","@id":"https:\/\/magazineluxe.com\/fr\/un-magnifique-condo-sur-les-collines-de-puerto-vallarta\/#article","isPartOf":{"@id":"https:\/\/magazineluxe.com\/fr\/un-magnifique-condo-sur-les-collines-de-puerto-vallarta\/"},"author":{"name":"\u00c2tma","@id":"https:\/\/magazineluxe.com\/fr\/#\/schema\/person\/8adc55c929911b0b55d79cb0e89a2078"},"headline":"Un magnifique condo sur les collines de Puerto Vallarta","datePublished":"2013-02-05T12:35:06+00:00","dateModified":"2019-10-09T14:51:36+00:00","mainEntityOfPage":{"@id":"https:\/\/magazineluxe.com\/fr\/un-magnifique-condo-sur-les-collines-de-puerto-vallarta\/"},"wordCount":1057,"image":{"@id":"https:\/\/magazineluxe.com\/fr\/un-magnifique-condo-sur-les-collines-de-puerto-vallarta\/#primaryimage"},"thumbnailUrl":"https:\/\/magazineluxe.com\/wp-content\/uploads\/2013\/02\/living.jpg","keywords":["Galerie Nord South","North South"],"articleSection":["Immobilier"],"inLanguage":"fr-FR"},{"@type":"WebPage","@id":"https:\/\/magazineluxe.com\/fr\/un-magnifique-condo-sur-les-collines-de-puerto-vallarta\/","url":"https:\/\/magazineluxe.com\/fr\/un-magnifique-condo-sur-les-collines-de-puerto-vallarta\/","name":"Un magnifique condo sur les collines de Puerto Vallarta - MAGAZINE LUXE - Immobilier | Design | Art de vivre","isPartOf":{"@id":"https:\/\/magazineluxe.com\/fr\/#website"},"primaryImageOfPage":{"@id":"https:\/\/magazineluxe.com\/fr\/un-magnifique-condo-sur-les-collines-de-puerto-vallarta\/#primaryimage"},"image":{"@id":"https:\/\/magazineluxe.com\/fr\/un-magnifique-condo-sur-les-collines-de-puerto-vallarta\/#primaryimage"},"thumbnailUrl":"https:\/\/magazineluxe.com\/wp-content\/uploads\/2013\/02\/living.jpg","datePublished":"2013-02-05T12:35:06+00:00","dateModified":"2019-10-09T14:51:36+00:00","author":{"@id":"https:\/\/magazineluxe.com\/fr\/#\/schema\/person\/8adc55c929911b0b55d79cb0e89a2078"},"breadcrumb":{"@id":"https:\/\/magazineluxe.com\/fr\/un-magnifique-condo-sur-les-collines-de-puerto-vallarta\/#breadcrumb"},"inLanguage":"fr-FR","potentialAction":[{"@type":"ReadAction","target":["https:\/\/magazineluxe.com\/fr\/un-magnifique-condo-sur-les-collines-de-puerto-vallarta\/"]}]},{"@type":"ImageObject","inLanguage":"fr-FR","@id":"https:\/\/magazineluxe.com\/fr\/un-magnifique-condo-sur-les-collines-de-puerto-vallarta\/#primaryimage","url":"https:\/\/magazineluxe.com\/wp-content\/uploads\/2013\/02\/living.jpg","contentUrl":"https:\/\/magazineluxe.com\/wp-content\/uploads\/2013\/02\/living.jpg","width":"1200","height":"800"},{"@type":"BreadcrumbList","@id":"https:\/\/magazineluxe.com\/fr\/un-magnifique-condo-sur-les-collines-de-puerto-vallarta\/#breadcrumb","itemListElement":[{"@type":"ListItem","position":1,"name":"Accueil","item":"https:\/\/magazineluxe.com\/fr\/"},{"@type":"ListItem","position":2,"name":"Un magnifique condo sur les collines de Puerto Vallarta"}]},{"@type":"WebSite","@id":"https:\/\/magazineluxe.com\/fr\/#website","url":"https:\/\/magazineluxe.com\/fr\/","name":"MAGAZINE LUXE - Immobilier | Design | Art de vivre","description":"MAGAZINE LUXE - Immobilier | Design | Art de vivre","potentialAction":[{"@type":"SearchAction","target":{"@type":"EntryPoint","urlTemplate":"https:\/\/magazineluxe.com\/fr\/?s={search_term_string}"},"query-input":{"@type":"PropertyValueSpecification","valueRequired":true,"valueName":"search_term_string"}}],"inLanguage":"fr-FR"},{"@type":"Person","@id":"https:\/\/magazineluxe.com\/fr\/#\/schema\/person\/8adc55c929911b0b55d79cb0e89a2078","name":"\u00c2tma","image":{"@type":"ImageObject","inLanguage":"fr-FR","@id":"https:\/\/secure.gravatar.com\/avatar\/8f040abb094cad542949c1488512389277711ac5ee0e395bbebaa2573f7a2377?s=96&d=mm&r=g","url":"https:\/\/secure.gravatar.com\/avatar\/8f040abb094cad542949c1488512389277711ac5ee0e395bbebaa2573f7a2377?s=96&d=mm&r=g","contentUrl":"https:\/\/secure.gravatar.com\/avatar\/8f040abb094cad542949c1488512389277711ac5ee0e395bbebaa2573f7a2377?s=96&d=mm&r=g","caption":"\u00c2tma"},"url":"https:\/\/magazineluxe.com\/fr\/author\/atma\/"}]}},"_links":{"self":[{"href":"https:\/\/magazineluxe.com\/fr\/wp-json\/wp\/v2\/posts\/4712","targetHints":{"allow":["GET"]}}],"collection":[{"href":"https:\/\/magazineluxe.com\/fr\/wp-json\/wp\/v2\/posts"}],"about":[{"href":"https:\/\/magazineluxe.com\/fr\/wp-json\/wp\/v2\/types\/post"}],"author":[{"embeddable":true,"href":"https:\/\/magazineluxe.com\/fr\/wp-json\/wp\/v2\/users\/710"}],"replies":[{"embeddable":true,"href":"https:\/\/magazineluxe.com\/fr\/wp-json\/wp\/v2\/comments?post=4712"}],"version-history":[{"count":5,"href":"https:\/\/magazineluxe.com\/fr\/wp-json\/wp\/v2\/posts\/4712\/revisions"}],"predecessor-version":[{"id":13136,"href":"https:\/\/magazineluxe.com\/fr\/wp-json\/wp\/v2\/posts\/4712\/revisions\/13136"}],"wp:featuredmedia":[{"embeddable":true,"href":"https:\/\/magazineluxe.com\/fr\/wp-json\/wp\/v2\/media\/4715"}],"wp:attachment":[{"href":"https:\/\/magazineluxe.com\/fr\/wp-json\/wp\/v2\/media?parent=4712"}],"wp:term":[{"taxonomy":"category","embeddable":true,"href":"https:\/\/magazineluxe.com\/fr\/wp-json\/wp\/v2\/categories?post=4712"},{"taxonomy":"post_tag","embeddable":true,"href":"https:\/\/magazineluxe.com\/fr\/wp-json\/wp\/v2\/tags?post=4712"}],"curies":[{"name":"wp","href":"https:\/\/api.w.org\/{rel}","templated":true}]}}