{"id":5121,"date":"2013-05-22T14:47:21","date_gmt":"2013-05-22T18:47:21","guid":{"rendered":"http:\/\/magazineluxe.com\/\/?p=5121"},"modified":"2020-08-12T21:10:53","modified_gmt":"2020-08-13T01:10:53","slug":"centre-de-design-carre-union","status":"publish","type":"post","link":"https:\/\/magazineluxe.com\/fr\/centre-de-design-carre-union\/","title":{"rendered":"Centre de design Carr\u00e9 Union"},"content":{"rendered":"<p><strong>R\u00e9parti sur deux \u00e9difices, le Centre de design Carr\u00e9 Union est un centre commercial de 150\u00a0000\u00a0pieds carr\u00e9s d\u00e9di\u00e9 au design. Il regroupe plus d\u2019une quinzaine de boutiques haut de gamme ind\u00e9pendantes. Luminaires, tapis, c\u00e9ramique, pierres naturelles, mobilier pour l\u2019int\u00e9rieur ou l\u2019ext\u00e9rieur, encadrement de tableaux, portes et fen\u00eatres, bois r\u00e9tro, produits de robinetterie et accessoires de plomberie\u2026: tous des produits disponibles au Centre de Design Carr\u00e9 Union. L\u00e0 o\u00f9, sous un m\u00eame toit, sont rassembl\u00e9s les meilleurs sp\u00e9cialistes.<\/strong><\/p>\n<p>&nbsp;<\/p>\n<p>Situ\u00e9 sur le boulevard D\u00e9carie au coin de l&rsquo;avenue Royalmount \u00e0 Montr\u00e9al, le Centre de design Carr\u00e9 Union a adopt\u00e9 son orientation actuelle en 1990. \u00ab\u00a0Notre mission est de permettre \u00e0 quiconque souhaitant am\u00e9nager un int\u00e9rieur, qu\u2019il soit professionnel ou non, de trouver les meilleurs produits disponibles sur le march\u00e9, au m\u00eame endroit\u00a0\u00bb, explique Darren Naimer, l\u2019un des fondateurs et propri\u00e9taires du Carr\u00e9 Union.<\/p>\n<p>&nbsp;<\/p>\n<p>Plusieurs marques pr\u00e9sentes depuis de nombreuses ann\u00e9es au Centre de design Carr\u00e9 Union ont acquis une r\u00e9putation qui d\u00e9passe les fronti\u00e8res du Qu\u00e9bec, comme Marvin Portes et fen\u00eatres, Jardin de Ville ou encore Union Luminaires &amp; D\u00e9cor. \u00ab\u00a0Les gens viennent de partout au Qu\u00e9bec et m\u00eame des \u00c9tats-Unis pour nous rendre visite\u00a0\u00bb, ajoute Darren Naimer.<\/p>\n<p>&nbsp;<\/p>\n<p>De fait, le Centre de design Carr\u00e9 Union jouit d\u2019une position g\u00e9ographique id\u00e9ale, puisqu\u2019il est situ\u00e9 sur le boulevard D\u00e9carie (autoroute 15), tout pr\u00e8s de la jonction du boulevard M\u00e9tropolitain (autoroute 40). Il fait donc v\u00e9ritablement figure d\u2019entr\u00e9e au Quartier du design de ville Mont-Royal. Chaque ann\u00e9e, il accueille pas moins de 100\u00a0000 visiteurs.<\/p>\n<p>&nbsp;<\/p>\n<p>LUXE a choisi de vous pr\u00e9senter quelques-unes des boutiques de cette destination de design incontournable.<\/p>\n<ul>\n<li><a href=\"https:\/\/magazineluxe.com\/fr\/nordsouth-interieurs\/\">Nordsouth Int\u00e9rieurs<\/a><\/li>\n<li><a href=\"https:\/\/magazineluxe.com\/fr\/grolle\/\">Grolle<\/a><\/li>\n<li>Jardin de Ville<\/li>\n<li>Innovation et sur mesure<\/li>\n<li><a href=\"https:\/\/magazineluxe.com\/fr\/portes-et-fenetres-marvin\/\">Portes et Fen\u00eatres Marvin<\/a><\/li>\n<li><a href=\"https:\/\/magazineluxe.com\/fr\/escaliers-gilles-grenier\/\">Escaliers Gilles Grenier<\/a><\/li>\n<li><a href=\"https:\/\/magazineluxe.com\/fr\/union-luminaires-decor\/\">UNION Luminaires &amp; D\u00e9cor<\/a><\/li>\n<li><a href=\"https:\/\/magazineluxe.com\/fr\/dimension-plus\/\">Dimension Plus<\/a><\/li>\n<li><a href=\"https:\/\/magazineluxe.com\/fr\/carpette-multi-design\/\">Carpette Multi Design<\/a><\/li>\n<\/ul>\n<h5><\/h5>\n<p>&nbsp;<\/p>\n<p>Texte : Diane Stehle<\/p>\n","protected":false},"excerpt":{"rendered":"<p>R\u00e9parti sur deux \u00e9difices, le Centre de design Carr\u00e9 Union est un centre commercial de 150\u00a0000\u00a0pieds carr\u00e9s d\u00e9di\u00e9 au design. Il regroupe plus d\u2019une quinzaine de boutiques haut de gamme ind\u00e9pendantes. Luminaires, tapis, c\u00e9ramique, pierres naturelles, mobilier pour l\u2019int\u00e9rieur ou l\u2019ext\u00e9rieur, encadrement de tableaux, portes et fen\u00eatres, bois r\u00e9tro, produits de robinetterie et accessoires de plomberie\u2026: tous des produits disponibles au Centre de Design Carr\u00e9 Union. L\u00e0 o\u00f9, sous un m\u00eame toit, sont rassembl\u00e9s les meilleurs sp\u00e9cialistes. &nbsp; Situ\u00e9 sur le boulevard D\u00e9carie au coin de l&rsquo;avenue Royalmount \u00e0 Montr\u00e9al, le Centre de design Carr\u00e9 Union a adopt\u00e9 son orientation actuelle en 1990. \u00ab\u00a0Notre mission est de permettre \u00e0 quiconque souhaitant am\u00e9nager un int\u00e9rieur, qu\u2019il soit professionnel ou non, de trouver les meilleurs produits disponibles sur le march\u00e9, au m\u00eame endroit\u00a0\u00bb, explique Darren Naimer, l\u2019un des fondateurs et propri\u00e9taires du Carr\u00e9 Union. &nbsp; Plusieurs marques pr\u00e9sentes depuis de nombreuses ann\u00e9es au Centre de design Carr\u00e9 Union ont acquis une r\u00e9putation qui d\u00e9passe les fronti\u00e8res du Qu\u00e9bec, comme Marvin Portes et fen\u00eatres, Jardin de Ville ou encore Union Luminaires &amp; D\u00e9cor. \u00ab\u00a0Les gens viennent de partout au Qu\u00e9bec et m\u00eame des \u00c9tats-Unis pour nous rendre visite\u00a0\u00bb, ajoute Darren Naimer. &nbsp; De [&hellip;]<\/p>\n","protected":false},"author":710,"featured_media":16649,"comment_status":"closed","ping_status":"closed","sticky":false,"template":"","format":"standard","meta":{"_monsterinsights_skip_tracking":false,"_monsterinsights_sitenote_active":false,"_monsterinsights_sitenote_note":"","_monsterinsights_sitenote_category":0,"footnotes":""},"categories":[1061,4],"tags":[],"class_list":["post-5121","post","type-post","status-publish","format-standard","has-post-thumbnail","hentry","category-design","category-immobilier"],"yoast_head":"<!-- This site is optimized with the Yoast SEO plugin v27.4 - https:\/\/yoast.com\/product\/yoast-seo-wordpress\/ -->\n<title>Centre de design Carr\u00e9 Union - MAGAZINE LUXE - Immobilier | Design | Art de vivre<\/title>\n<meta name=\"robots\" content=\"index, follow, max-snippet:-1, max-image-preview:large, max-video-preview:-1\" \/>\n<link rel=\"canonical\" href=\"https:\/\/magazineluxe.com\/fr\/centre-de-design-carre-union\/\" \/>\n<meta property=\"og:locale\" content=\"fr_FR\" \/>\n<meta property=\"og:type\" content=\"article\" \/>\n<meta property=\"og:title\" content=\"Centre de design Carr\u00e9 Union - MAGAZINE LUXE - Immobilier | Design | Art de vivre\" \/>\n<meta property=\"og:description\" content=\"R\u00e9parti sur deux \u00e9difices, le Centre de design Carr\u00e9 Union est un centre commercial de 150\u00a0000\u00a0pieds carr\u00e9s d\u00e9di\u00e9 au design. Il regroupe plus d\u2019une quinzaine de boutiques haut de gamme ind\u00e9pendantes. Luminaires, tapis, c\u00e9ramique, pierres naturelles, mobilier pour l\u2019int\u00e9rieur ou l\u2019ext\u00e9rieur, encadrement de tableaux, portes et fen\u00eatres, bois r\u00e9tro, produits de robinetterie et accessoires de plomberie\u2026: tous des produits disponibles au Centre de Design Carr\u00e9 Union. L\u00e0 o\u00f9, sous un m\u00eame toit, sont rassembl\u00e9s les meilleurs sp\u00e9cialistes. &nbsp; Situ\u00e9 sur le boulevard D\u00e9carie au coin de l&rsquo;avenue Royalmount \u00e0 Montr\u00e9al, le Centre de design Carr\u00e9 Union a adopt\u00e9 son orientation actuelle en 1990. \u00ab\u00a0Notre mission est de permettre \u00e0 quiconque souhaitant am\u00e9nager un int\u00e9rieur, qu\u2019il soit professionnel ou non, de trouver les meilleurs produits disponibles sur le march\u00e9, au m\u00eame endroit\u00a0\u00bb, explique Darren Naimer, l\u2019un des fondateurs et propri\u00e9taires du Carr\u00e9 Union. &nbsp; Plusieurs marques pr\u00e9sentes depuis de nombreuses ann\u00e9es au Centre de design Carr\u00e9 Union ont acquis une r\u00e9putation qui d\u00e9passe les fronti\u00e8res du Qu\u00e9bec, comme Marvin Portes et fen\u00eatres, Jardin de Ville ou encore Union Luminaires &amp; D\u00e9cor. \u00ab\u00a0Les gens viennent de partout au Qu\u00e9bec et m\u00eame des \u00c9tats-Unis pour nous rendre visite\u00a0\u00bb, ajoute Darren Naimer. &nbsp; De [&hellip;]\" \/>\n<meta property=\"og:url\" content=\"https:\/\/magazineluxe.com\/fr\/centre-de-design-carre-union\/\" \/>\n<meta property=\"og:site_name\" content=\"MAGAZINE LUXE - Immobilier | Design | Art de vivre\" \/>\n<meta property=\"article:published_time\" content=\"2013-05-22T18:47:21+00:00\" \/>\n<meta property=\"article:modified_time\" content=\"2020-08-13T01:10:53+00:00\" \/>\n<meta property=\"og:image\" content=\"https:\/\/magazineluxe.com\/wp-content\/uploads\/2013\/05\/jardin-de-ville-1-1024x683.png\" \/>\n\t<meta property=\"og:image:width\" content=\"1024\" \/>\n\t<meta property=\"og:image:height\" content=\"683\" \/>\n\t<meta property=\"og:image:type\" content=\"image\/png\" \/>\n<meta name=\"author\" content=\"\u00c2tma\" \/>\n<meta name=\"twitter:card\" content=\"summary_large_image\" \/>\n<meta name=\"twitter:label1\" content=\"\u00c9crit par\" \/>\n\t<meta name=\"twitter:data1\" content=\"\u00c2tma\" \/>\n\t<meta name=\"twitter:label2\" content=\"Dur\u00e9e de lecture estim\u00e9e\" \/>\n\t<meta name=\"twitter:data2\" content=\"2 minutes\" \/>\n<script type=\"application\/ld+json\" class=\"yoast-schema-graph\">{\"@context\":\"https:\\\/\\\/schema.org\",\"@graph\":[{\"@type\":\"Article\",\"@id\":\"https:\\\/\\\/magazineluxe.com\\\/fr\\\/centre-de-design-carre-union\\\/#article\",\"isPartOf\":{\"@id\":\"https:\\\/\\\/magazineluxe.com\\\/fr\\\/centre-de-design-carre-union\\\/\"},\"author\":{\"name\":\"\u00c2tma\",\"@id\":\"https:\\\/\\\/magazineluxe.com\\\/fr\\\/#\\\/schema\\\/person\\\/8adc55c929911b0b55d79cb0e89a2078\"},\"headline\":\"Centre de design Carr\u00e9 Union\",\"datePublished\":\"2013-05-22T18:47:21+00:00\",\"dateModified\":\"2020-08-13T01:10:53+00:00\",\"mainEntityOfPage\":{\"@id\":\"https:\\\/\\\/magazineluxe.com\\\/fr\\\/centre-de-design-carre-union\\\/\"},\"wordCount\":346,\"image\":{\"@id\":\"https:\\\/\\\/magazineluxe.com\\\/fr\\\/centre-de-design-carre-union\\\/#primaryimage\"},\"thumbnailUrl\":\"https:\\\/\\\/magazineluxe.com\\\/wp-content\\\/uploads\\\/2013\\\/05\\\/jardin-de-ville-1.png\",\"articleSection\":[\"Design\",\"Immobilier\"],\"inLanguage\":\"fr-FR\"},{\"@type\":\"WebPage\",\"@id\":\"https:\\\/\\\/magazineluxe.com\\\/fr\\\/centre-de-design-carre-union\\\/\",\"url\":\"https:\\\/\\\/magazineluxe.com\\\/fr\\\/centre-de-design-carre-union\\\/\",\"name\":\"Centre de design Carr\u00e9 Union - MAGAZINE LUXE - Immobilier | Design | Art de vivre\",\"isPartOf\":{\"@id\":\"https:\\\/\\\/magazineluxe.com\\\/fr\\\/#website\"},\"primaryImageOfPage\":{\"@id\":\"https:\\\/\\\/magazineluxe.com\\\/fr\\\/centre-de-design-carre-union\\\/#primaryimage\"},\"image\":{\"@id\":\"https:\\\/\\\/magazineluxe.com\\\/fr\\\/centre-de-design-carre-union\\\/#primaryimage\"},\"thumbnailUrl\":\"https:\\\/\\\/magazineluxe.com\\\/wp-content\\\/uploads\\\/2013\\\/05\\\/jardin-de-ville-1.png\",\"datePublished\":\"2013-05-22T18:47:21+00:00\",\"dateModified\":\"2020-08-13T01:10:53+00:00\",\"author\":{\"@id\":\"https:\\\/\\\/magazineluxe.com\\\/fr\\\/#\\\/schema\\\/person\\\/8adc55c929911b0b55d79cb0e89a2078\"},\"breadcrumb\":{\"@id\":\"https:\\\/\\\/magazineluxe.com\\\/fr\\\/centre-de-design-carre-union\\\/#breadcrumb\"},\"inLanguage\":\"fr-FR\",\"potentialAction\":[{\"@type\":\"ReadAction\",\"target\":[\"https:\\\/\\\/magazineluxe.com\\\/fr\\\/centre-de-design-carre-union\\\/\"]}]},{\"@type\":\"ImageObject\",\"inLanguage\":\"fr-FR\",\"@id\":\"https:\\\/\\\/magazineluxe.com\\\/fr\\\/centre-de-design-carre-union\\\/#primaryimage\",\"url\":\"https:\\\/\\\/magazineluxe.com\\\/wp-content\\\/uploads\\\/2013\\\/05\\\/jardin-de-ville-1.png\",\"contentUrl\":\"https:\\\/\\\/magazineluxe.com\\\/wp-content\\\/uploads\\\/2013\\\/05\\\/jardin-de-ville-1.png\",\"width\":1920,\"height\":1280},{\"@type\":\"BreadcrumbList\",\"@id\":\"https:\\\/\\\/magazineluxe.com\\\/fr\\\/centre-de-design-carre-union\\\/#breadcrumb\",\"itemListElement\":[{\"@type\":\"ListItem\",\"position\":1,\"name\":\"Accueil\",\"item\":\"https:\\\/\\\/magazineluxe.com\\\/fr\\\/\"},{\"@type\":\"ListItem\",\"position\":2,\"name\":\"Centre de design Carr\u00e9 Union\"}]},{\"@type\":\"WebSite\",\"@id\":\"https:\\\/\\\/magazineluxe.com\\\/fr\\\/#website\",\"url\":\"https:\\\/\\\/magazineluxe.com\\\/fr\\\/\",\"name\":\"MAGAZINE LUXE - Immobilier | Design | Art de vivre\",\"description\":\"MAGAZINE LUXE - Immobilier | Design | Art de vivre\",\"potentialAction\":[{\"@type\":\"SearchAction\",\"target\":{\"@type\":\"EntryPoint\",\"urlTemplate\":\"https:\\\/\\\/magazineluxe.com\\\/fr\\\/?s={search_term_string}\"},\"query-input\":{\"@type\":\"PropertyValueSpecification\",\"valueRequired\":true,\"valueName\":\"search_term_string\"}}],\"inLanguage\":\"fr-FR\"},{\"@type\":\"Person\",\"@id\":\"https:\\\/\\\/magazineluxe.com\\\/fr\\\/#\\\/schema\\\/person\\\/8adc55c929911b0b55d79cb0e89a2078\",\"name\":\"\u00c2tma\",\"image\":{\"@type\":\"ImageObject\",\"inLanguage\":\"fr-FR\",\"@id\":\"https:\\\/\\\/secure.gravatar.com\\\/avatar\\\/8f040abb094cad542949c1488512389277711ac5ee0e395bbebaa2573f7a2377?s=96&d=mm&r=g\",\"url\":\"https:\\\/\\\/secure.gravatar.com\\\/avatar\\\/8f040abb094cad542949c1488512389277711ac5ee0e395bbebaa2573f7a2377?s=96&d=mm&r=g\",\"contentUrl\":\"https:\\\/\\\/secure.gravatar.com\\\/avatar\\\/8f040abb094cad542949c1488512389277711ac5ee0e395bbebaa2573f7a2377?s=96&d=mm&r=g\",\"caption\":\"\u00c2tma\"},\"url\":\"https:\\\/\\\/magazineluxe.com\\\/fr\\\/author\\\/atma\\\/\"}]}<\/script>\n<!-- \/ Yoast SEO plugin. -->","yoast_head_json":{"title":"Centre de design Carr\u00e9 Union - MAGAZINE LUXE - Immobilier | Design | Art de vivre","robots":{"index":"index","follow":"follow","max-snippet":"max-snippet:-1","max-image-preview":"max-image-preview:large","max-video-preview":"max-video-preview:-1"},"canonical":"https:\/\/magazineluxe.com\/fr\/centre-de-design-carre-union\/","og_locale":"fr_FR","og_type":"article","og_title":"Centre de design Carr\u00e9 Union - MAGAZINE LUXE - Immobilier | Design | Art de vivre","og_description":"R\u00e9parti sur deux \u00e9difices, le Centre de design Carr\u00e9 Union est un centre commercial de 150\u00a0000\u00a0pieds carr\u00e9s d\u00e9di\u00e9 au design. Il regroupe plus d\u2019une quinzaine de boutiques haut de gamme ind\u00e9pendantes. Luminaires, tapis, c\u00e9ramique, pierres naturelles, mobilier pour l\u2019int\u00e9rieur ou l\u2019ext\u00e9rieur, encadrement de tableaux, portes et fen\u00eatres, bois r\u00e9tro, produits de robinetterie et accessoires de plomberie\u2026: tous des produits disponibles au Centre de Design Carr\u00e9 Union. L\u00e0 o\u00f9, sous un m\u00eame toit, sont rassembl\u00e9s les meilleurs sp\u00e9cialistes. &nbsp; Situ\u00e9 sur le boulevard D\u00e9carie au coin de l&rsquo;avenue Royalmount \u00e0 Montr\u00e9al, le Centre de design Carr\u00e9 Union a adopt\u00e9 son orientation actuelle en 1990. \u00ab\u00a0Notre mission est de permettre \u00e0 quiconque souhaitant am\u00e9nager un int\u00e9rieur, qu\u2019il soit professionnel ou non, de trouver les meilleurs produits disponibles sur le march\u00e9, au m\u00eame endroit\u00a0\u00bb, explique Darren Naimer, l\u2019un des fondateurs et propri\u00e9taires du Carr\u00e9 Union. &nbsp; Plusieurs marques pr\u00e9sentes depuis de nombreuses ann\u00e9es au Centre de design Carr\u00e9 Union ont acquis une r\u00e9putation qui d\u00e9passe les fronti\u00e8res du Qu\u00e9bec, comme Marvin Portes et fen\u00eatres, Jardin de Ville ou encore Union Luminaires &amp; D\u00e9cor. \u00ab\u00a0Les gens viennent de partout au Qu\u00e9bec et m\u00eame des \u00c9tats-Unis pour nous rendre visite\u00a0\u00bb, ajoute Darren Naimer. &nbsp; De [&hellip;]","og_url":"https:\/\/magazineluxe.com\/fr\/centre-de-design-carre-union\/","og_site_name":"MAGAZINE LUXE - Immobilier | Design | Art de vivre","article_published_time":"2013-05-22T18:47:21+00:00","article_modified_time":"2020-08-13T01:10:53+00:00","og_image":[{"width":1024,"height":683,"url":"https:\/\/magazineluxe.com\/wp-content\/uploads\/2013\/05\/jardin-de-ville-1-1024x683.png","type":"image\/png"}],"author":"\u00c2tma","twitter_card":"summary_large_image","twitter_misc":{"\u00c9crit par":"\u00c2tma","Dur\u00e9e de lecture estim\u00e9e":"2 minutes"},"schema":{"@context":"https:\/\/schema.org","@graph":[{"@type":"Article","@id":"https:\/\/magazineluxe.com\/fr\/centre-de-design-carre-union\/#article","isPartOf":{"@id":"https:\/\/magazineluxe.com\/fr\/centre-de-design-carre-union\/"},"author":{"name":"\u00c2tma","@id":"https:\/\/magazineluxe.com\/fr\/#\/schema\/person\/8adc55c929911b0b55d79cb0e89a2078"},"headline":"Centre de design Carr\u00e9 Union","datePublished":"2013-05-22T18:47:21+00:00","dateModified":"2020-08-13T01:10:53+00:00","mainEntityOfPage":{"@id":"https:\/\/magazineluxe.com\/fr\/centre-de-design-carre-union\/"},"wordCount":346,"image":{"@id":"https:\/\/magazineluxe.com\/fr\/centre-de-design-carre-union\/#primaryimage"},"thumbnailUrl":"https:\/\/magazineluxe.com\/wp-content\/uploads\/2013\/05\/jardin-de-ville-1.png","articleSection":["Design","Immobilier"],"inLanguage":"fr-FR"},{"@type":"WebPage","@id":"https:\/\/magazineluxe.com\/fr\/centre-de-design-carre-union\/","url":"https:\/\/magazineluxe.com\/fr\/centre-de-design-carre-union\/","name":"Centre de design Carr\u00e9 Union - MAGAZINE LUXE - Immobilier | Design | Art de vivre","isPartOf":{"@id":"https:\/\/magazineluxe.com\/fr\/#website"},"primaryImageOfPage":{"@id":"https:\/\/magazineluxe.com\/fr\/centre-de-design-carre-union\/#primaryimage"},"image":{"@id":"https:\/\/magazineluxe.com\/fr\/centre-de-design-carre-union\/#primaryimage"},"thumbnailUrl":"https:\/\/magazineluxe.com\/wp-content\/uploads\/2013\/05\/jardin-de-ville-1.png","datePublished":"2013-05-22T18:47:21+00:00","dateModified":"2020-08-13T01:10:53+00:00","author":{"@id":"https:\/\/magazineluxe.com\/fr\/#\/schema\/person\/8adc55c929911b0b55d79cb0e89a2078"},"breadcrumb":{"@id":"https:\/\/magazineluxe.com\/fr\/centre-de-design-carre-union\/#breadcrumb"},"inLanguage":"fr-FR","potentialAction":[{"@type":"ReadAction","target":["https:\/\/magazineluxe.com\/fr\/centre-de-design-carre-union\/"]}]},{"@type":"ImageObject","inLanguage":"fr-FR","@id":"https:\/\/magazineluxe.com\/fr\/centre-de-design-carre-union\/#primaryimage","url":"https:\/\/magazineluxe.com\/wp-content\/uploads\/2013\/05\/jardin-de-ville-1.png","contentUrl":"https:\/\/magazineluxe.com\/wp-content\/uploads\/2013\/05\/jardin-de-ville-1.png","width":1920,"height":1280},{"@type":"BreadcrumbList","@id":"https:\/\/magazineluxe.com\/fr\/centre-de-design-carre-union\/#breadcrumb","itemListElement":[{"@type":"ListItem","position":1,"name":"Accueil","item":"https:\/\/magazineluxe.com\/fr\/"},{"@type":"ListItem","position":2,"name":"Centre de design Carr\u00e9 Union"}]},{"@type":"WebSite","@id":"https:\/\/magazineluxe.com\/fr\/#website","url":"https:\/\/magazineluxe.com\/fr\/","name":"MAGAZINE LUXE - Immobilier | Design | Art de vivre","description":"MAGAZINE LUXE - Immobilier | Design | Art de vivre","potentialAction":[{"@type":"SearchAction","target":{"@type":"EntryPoint","urlTemplate":"https:\/\/magazineluxe.com\/fr\/?s={search_term_string}"},"query-input":{"@type":"PropertyValueSpecification","valueRequired":true,"valueName":"search_term_string"}}],"inLanguage":"fr-FR"},{"@type":"Person","@id":"https:\/\/magazineluxe.com\/fr\/#\/schema\/person\/8adc55c929911b0b55d79cb0e89a2078","name":"\u00c2tma","image":{"@type":"ImageObject","inLanguage":"fr-FR","@id":"https:\/\/secure.gravatar.com\/avatar\/8f040abb094cad542949c1488512389277711ac5ee0e395bbebaa2573f7a2377?s=96&d=mm&r=g","url":"https:\/\/secure.gravatar.com\/avatar\/8f040abb094cad542949c1488512389277711ac5ee0e395bbebaa2573f7a2377?s=96&d=mm&r=g","contentUrl":"https:\/\/secure.gravatar.com\/avatar\/8f040abb094cad542949c1488512389277711ac5ee0e395bbebaa2573f7a2377?s=96&d=mm&r=g","caption":"\u00c2tma"},"url":"https:\/\/magazineluxe.com\/fr\/author\/atma\/"}]}},"_links":{"self":[{"href":"https:\/\/magazineluxe.com\/fr\/wp-json\/wp\/v2\/posts\/5121","targetHints":{"allow":["GET"]}}],"collection":[{"href":"https:\/\/magazineluxe.com\/fr\/wp-json\/wp\/v2\/posts"}],"about":[{"href":"https:\/\/magazineluxe.com\/fr\/wp-json\/wp\/v2\/types\/post"}],"author":[{"embeddable":true,"href":"https:\/\/magazineluxe.com\/fr\/wp-json\/wp\/v2\/users\/710"}],"replies":[{"embeddable":true,"href":"https:\/\/magazineluxe.com\/fr\/wp-json\/wp\/v2\/comments?post=5121"}],"version-history":[{"count":5,"href":"https:\/\/magazineluxe.com\/fr\/wp-json\/wp\/v2\/posts\/5121\/revisions"}],"predecessor-version":[{"id":16684,"href":"https:\/\/magazineluxe.com\/fr\/wp-json\/wp\/v2\/posts\/5121\/revisions\/16684"}],"wp:featuredmedia":[{"embeddable":true,"href":"https:\/\/magazineluxe.com\/fr\/wp-json\/wp\/v2\/media\/16649"}],"wp:attachment":[{"href":"https:\/\/magazineluxe.com\/fr\/wp-json\/wp\/v2\/media?parent=5121"}],"wp:term":[{"taxonomy":"category","embeddable":true,"href":"https:\/\/magazineluxe.com\/fr\/wp-json\/wp\/v2\/categories?post=5121"},{"taxonomy":"post_tag","embeddable":true,"href":"https:\/\/magazineluxe.com\/fr\/wp-json\/wp\/v2\/tags?post=5121"}],"curies":[{"name":"wp","href":"https:\/\/api.w.org\/{rel}","templated":true}]}}