{"id":5222,"date":"2013-05-22T14:42:52","date_gmt":"2013-05-22T14:42:52","guid":{"rendered":"http:\/\/magazineluxe.com\/\/?p=5222"},"modified":"2020-08-12T18:05:44","modified_gmt":"2020-08-12T22:05:44","slug":"escaliers-gilles-grenier","status":"publish","type":"post","link":"https:\/\/magazineluxe.com\/fr\/escaliers-gilles-grenier\/","title":{"rendered":"Escaliers Gilles Grenier"},"content":{"rendered":"<p>Fond\u00e9e en 1977, Escaliers Gilles Grenier est chef de file des fabricants d&rsquo;escaliers haut de gamme au Qu\u00e9bec. De la conception \u00e0 la pose en passant par les \u00e9tapes interm\u00e9diaires, tout est effectu\u00e9 par des artisans exceptionnels afin de livrer un produit cl\u00e9 en main.<\/p>\n<p>&nbsp;<\/p>\n<p>Classique ou contemporain, en bois ou en verre, massif ou a\u00e9rien, un bel escalier contribue \u00e0 donner \u00e0 une demeure un style unique. Depuis plus de 35 ans, Escaliers Gilles Grenier con\u00e7oit, fabrique et installe des escaliers alliant un savoir technique hors pair \u00e0 un esth\u00e9tisme incomparable. L&rsquo;assemblage, la peinture, la teinture ainsi que le vernissage sont effectu\u00e9s en usine par des experts dans leur domaine. Aussi, afin que toutes les composantes r\u00e9pondent \u00e0 des normes rigoureuses, Escaliers Gilles Grenier proc\u00e8de elle-m\u00eame \u00e0 la fabrication du fer forg\u00e9, du fer ornemental et de l\u2019acier inoxydable.<\/p>\n<p>&nbsp;<\/p>\n<p>\u00ab\u00a0Chez nous, tout se fait sous le m\u00eame toit\u00a0: le fer forg\u00e9 comme la teinture. Ainsi, contrairement \u00e0 nos concurrents, nous n\u2019avons pas besoin de planifier plusieurs rendez-vous avec le client pour prendre de multiples mesures \u00bb, commente Marco Grenier, copropri\u00e9taire d\u2019Escaliers Gilles Grenier. Il en r\u00e9sulte un gain de temps tant pour le client que pour l\u2019entreprise.<\/p>\n<p>&nbsp;<\/p>\n<p>Avant de proc\u00e9der \u00e0 la fabrication, Escaliers Gilles Grenier r\u00e9alise, par ordinateur, des dessins en 3D impressionnants de r\u00e9alisme, afin de donner un aper\u00e7u du produit fini. Les clients peuvent ainsi visualiser leur futur escalier dans son espace. \u00ab\u00a0L\u2019escalier est reproduit num\u00e9riquement avec une telle pr\u00e9cision, explique Marco Grenier, que l\u2019on peut ensuite fabriquer directement ses composantes puis l\u2019installer.\u00a0\u00bb<\/p>\n<h3>Distinction Grenier<\/h3>\n<p>Escaliers Gilles Grenier poss\u00e8de une division sp\u00e9cialis\u00e9e dans la conception d\u2019escaliers haut de gamme et sur mesure\u00a0: Distinction Grenier.<\/p>\n<p>&nbsp;<\/p>\n<p>Lignes \u00e9pur\u00e9es, formes g\u00e9om\u00e9triques, succession de pleins et de vides, torsions\u00a0: chaque escalier poss\u00e8de sa propre personnalit\u00e9. Mais tous sont ex\u00e9cut\u00e9s avec un savoir-faire unique par des artisans d\u2019ici. Justesse des mat\u00e9riaux, intensit\u00e9 du vernis, bonnes proportions, degr\u00e9 des courbes\u00a0: chaque d\u00e9tail est pens\u00e9 et bien ex\u00e9cut\u00e9.<\/p>\n<p>&nbsp;<\/p>\n<p>\u00ab\u00a0Nous travaillons avec des artisans de talent qui fabriquent de v\u00e9ritables \u0153uvres d\u2019art\u2026 fonctionnelles bien s\u00fbr \u00bb, ajoute le directeur, le sourire aux l\u00e8vres.<\/p>\n<p>&nbsp;<\/p>\n<p>Innovatrice, l\u2019entreprise aime r\u00e9pondre \u00e0 des commandes sp\u00e9ciales mariant divers mat\u00e9riaux comme le bois (\u00e9rable, merisier, noyer\u2026), le verre, le fer forg\u00e9, l\u2019acier ou encore de la pierre.<\/p>\n<p>&nbsp;<\/p>\n<p>\u00c0 en croire Le choix du consommateur remport\u00e9 par l\u2019entreprise dans sa cat\u00e9gorie pendant sept ann\u00e9es cons\u00e9cutives, la qualit\u00e9 des produits et le savoir-faire exceptionnel de l\u2019\u00e9quipe n\u2019ont pas fini de nous s\u00e9duire!<\/p>\n<p>&nbsp;<\/p>\n<h5>Montr\u00e9al<br \/>\nDistinction Grenier<br \/>\n5320, Royalmount (coin D\u00e9carie)<br \/>\nT\u00e9l. : 514 731-4878<\/h5>\n<h5><\/h5>\n<h5>Qu\u00e9bec<br \/>\n586, rue Texel, St-Elz\u00e9ar<br \/>\nSans frais : 1 800-463-8842<br \/>\n<a href=\"mailto:www.ggstair.comggstair@ggstair.com\" target=\"_blank\" rel=\"noopener noreferrer\">www.ggstair.comggstair@ggstair.com<\/a><br \/>\n<a href=\"http:\/\/www.ggstair.com\" target=\"_blank\" rel=\"noopener noreferrer\">www.ggstair.com<\/a><\/h5>\n<h5><\/h5>\n<p>&nbsp;<\/p>\n<p>Texte : Diane Stehle<\/p>\n","protected":false},"excerpt":{"rendered":"<p>Fond\u00e9e en 1977, Escaliers Gilles Grenier est chef de file des fabricants d&rsquo;escaliers haut de gamme au Qu\u00e9bec. De la conception \u00e0 la pose en passant par les \u00e9tapes interm\u00e9diaires, tout est effectu\u00e9 par des artisans exceptionnels afin de livrer un produit cl\u00e9 en main. &nbsp; Classique ou contemporain, en bois ou en verre, massif ou a\u00e9rien, un bel escalier contribue \u00e0 donner \u00e0 une demeure un style unique. Depuis plus de 35 ans, Escaliers Gilles Grenier con\u00e7oit, fabrique et installe des escaliers alliant un savoir technique hors pair \u00e0 un esth\u00e9tisme incomparable. L&rsquo;assemblage, la peinture, la teinture ainsi que le vernissage sont effectu\u00e9s en usine par des experts dans leur domaine. Aussi, afin que toutes les composantes r\u00e9pondent \u00e0 des normes rigoureuses, Escaliers Gilles Grenier proc\u00e8de elle-m\u00eame \u00e0 la fabrication du fer forg\u00e9, du fer ornemental et de l\u2019acier inoxydable. &nbsp; \u00ab\u00a0Chez nous, tout se fait sous le m\u00eame toit\u00a0: le fer forg\u00e9 comme la teinture. Ainsi, contrairement \u00e0 nos concurrents, nous n\u2019avons pas besoin de planifier plusieurs rendez-vous avec le client pour prendre de multiples mesures \u00bb, commente Marco Grenier, copropri\u00e9taire d\u2019Escaliers Gilles Grenier. Il en r\u00e9sulte un gain de temps tant pour le client que pour l\u2019entreprise. [&hellip;]<\/p>\n","protected":false},"author":710,"featured_media":16652,"comment_status":"closed","ping_status":"closed","sticky":false,"template":"","format":"standard","meta":{"_monsterinsights_skip_tracking":false,"_monsterinsights_sitenote_active":false,"_monsterinsights_sitenote_note":"","_monsterinsights_sitenote_category":0,"footnotes":""},"categories":[1061,4],"tags":[],"class_list":["post-5222","post","type-post","status-publish","format-standard","has-post-thumbnail","hentry","category-design","category-immobilier"],"yoast_head":"<!-- This site is optimized with the Yoast SEO plugin v27.4 - https:\/\/yoast.com\/product\/yoast-seo-wordpress\/ -->\n<title>Escaliers Gilles Grenier - MAGAZINE LUXE - Immobilier | Design | Art de vivre<\/title>\n<meta name=\"robots\" content=\"index, follow, max-snippet:-1, max-image-preview:large, max-video-preview:-1\" \/>\n<link rel=\"canonical\" href=\"https:\/\/magazineluxe.com\/fr\/escaliers-gilles-grenier\/\" \/>\n<meta property=\"og:locale\" content=\"fr_FR\" \/>\n<meta property=\"og:type\" content=\"article\" \/>\n<meta property=\"og:title\" content=\"Escaliers Gilles Grenier - MAGAZINE LUXE - Immobilier | Design | Art de vivre\" \/>\n<meta property=\"og:description\" content=\"Fond\u00e9e en 1977, Escaliers Gilles Grenier est chef de file des fabricants d&rsquo;escaliers haut de gamme au Qu\u00e9bec. De la conception \u00e0 la pose en passant par les \u00e9tapes interm\u00e9diaires, tout est effectu\u00e9 par des artisans exceptionnels afin de livrer un produit cl\u00e9 en main. &nbsp; Classique ou contemporain, en bois ou en verre, massif ou a\u00e9rien, un bel escalier contribue \u00e0 donner \u00e0 une demeure un style unique. Depuis plus de 35 ans, Escaliers Gilles Grenier con\u00e7oit, fabrique et installe des escaliers alliant un savoir technique hors pair \u00e0 un esth\u00e9tisme incomparable. L&rsquo;assemblage, la peinture, la teinture ainsi que le vernissage sont effectu\u00e9s en usine par des experts dans leur domaine. Aussi, afin que toutes les composantes r\u00e9pondent \u00e0 des normes rigoureuses, Escaliers Gilles Grenier proc\u00e8de elle-m\u00eame \u00e0 la fabrication du fer forg\u00e9, du fer ornemental et de l\u2019acier inoxydable. &nbsp; \u00ab\u00a0Chez nous, tout se fait sous le m\u00eame toit\u00a0: le fer forg\u00e9 comme la teinture. Ainsi, contrairement \u00e0 nos concurrents, nous n\u2019avons pas besoin de planifier plusieurs rendez-vous avec le client pour prendre de multiples mesures \u00bb, commente Marco Grenier, copropri\u00e9taire d\u2019Escaliers Gilles Grenier. Il en r\u00e9sulte un gain de temps tant pour le client que pour l\u2019entreprise. [&hellip;]\" \/>\n<meta property=\"og:url\" content=\"https:\/\/magazineluxe.com\/fr\/escaliers-gilles-grenier\/\" \/>\n<meta property=\"og:site_name\" content=\"MAGAZINE LUXE - Immobilier | Design | Art de vivre\" \/>\n<meta property=\"article:published_time\" content=\"2013-05-22T14:42:52+00:00\" \/>\n<meta property=\"article:modified_time\" content=\"2020-08-12T22:05:44+00:00\" \/>\n<meta property=\"og:image\" content=\"https:\/\/magazineluxe.com\/wp-content\/uploads\/2013\/05\/escaliers-gilles-grenier-1024x683.png\" \/>\n\t<meta property=\"og:image:width\" content=\"1024\" \/>\n\t<meta property=\"og:image:height\" content=\"683\" \/>\n\t<meta property=\"og:image:type\" content=\"image\/png\" \/>\n<meta name=\"author\" content=\"\u00c2tma\" \/>\n<meta name=\"twitter:card\" content=\"summary_large_image\" \/>\n<meta name=\"twitter:label1\" content=\"\u00c9crit par\" \/>\n\t<meta name=\"twitter:data1\" content=\"\u00c2tma\" \/>\n\t<meta name=\"twitter:label2\" content=\"Dur\u00e9e de lecture estim\u00e9e\" \/>\n\t<meta name=\"twitter:data2\" content=\"2 minutes\" \/>\n<script type=\"application\/ld+json\" class=\"yoast-schema-graph\">{\"@context\":\"https:\\\/\\\/schema.org\",\"@graph\":[{\"@type\":\"Article\",\"@id\":\"https:\\\/\\\/magazineluxe.com\\\/fr\\\/escaliers-gilles-grenier\\\/#article\",\"isPartOf\":{\"@id\":\"https:\\\/\\\/magazineluxe.com\\\/fr\\\/escaliers-gilles-grenier\\\/\"},\"author\":{\"name\":\"\u00c2tma\",\"@id\":\"https:\\\/\\\/magazineluxe.com\\\/fr\\\/#\\\/schema\\\/person\\\/8adc55c929911b0b55d79cb0e89a2078\"},\"headline\":\"Escaliers Gilles Grenier\",\"datePublished\":\"2013-05-22T14:42:52+00:00\",\"dateModified\":\"2020-08-12T22:05:44+00:00\",\"mainEntityOfPage\":{\"@id\":\"https:\\\/\\\/magazineluxe.com\\\/fr\\\/escaliers-gilles-grenier\\\/\"},\"wordCount\":496,\"image\":{\"@id\":\"https:\\\/\\\/magazineluxe.com\\\/fr\\\/escaliers-gilles-grenier\\\/#primaryimage\"},\"thumbnailUrl\":\"https:\\\/\\\/magazineluxe.com\\\/wp-content\\\/uploads\\\/2013\\\/05\\\/escaliers-gilles-grenier.png\",\"articleSection\":[\"Design\",\"Immobilier\"],\"inLanguage\":\"fr-FR\"},{\"@type\":\"WebPage\",\"@id\":\"https:\\\/\\\/magazineluxe.com\\\/fr\\\/escaliers-gilles-grenier\\\/\",\"url\":\"https:\\\/\\\/magazineluxe.com\\\/fr\\\/escaliers-gilles-grenier\\\/\",\"name\":\"Escaliers Gilles Grenier - MAGAZINE LUXE - Immobilier | Design | Art de vivre\",\"isPartOf\":{\"@id\":\"https:\\\/\\\/magazineluxe.com\\\/fr\\\/#website\"},\"primaryImageOfPage\":{\"@id\":\"https:\\\/\\\/magazineluxe.com\\\/fr\\\/escaliers-gilles-grenier\\\/#primaryimage\"},\"image\":{\"@id\":\"https:\\\/\\\/magazineluxe.com\\\/fr\\\/escaliers-gilles-grenier\\\/#primaryimage\"},\"thumbnailUrl\":\"https:\\\/\\\/magazineluxe.com\\\/wp-content\\\/uploads\\\/2013\\\/05\\\/escaliers-gilles-grenier.png\",\"datePublished\":\"2013-05-22T14:42:52+00:00\",\"dateModified\":\"2020-08-12T22:05:44+00:00\",\"author\":{\"@id\":\"https:\\\/\\\/magazineluxe.com\\\/fr\\\/#\\\/schema\\\/person\\\/8adc55c929911b0b55d79cb0e89a2078\"},\"breadcrumb\":{\"@id\":\"https:\\\/\\\/magazineluxe.com\\\/fr\\\/escaliers-gilles-grenier\\\/#breadcrumb\"},\"inLanguage\":\"fr-FR\",\"potentialAction\":[{\"@type\":\"ReadAction\",\"target\":[\"https:\\\/\\\/magazineluxe.com\\\/fr\\\/escaliers-gilles-grenier\\\/\"]}]},{\"@type\":\"ImageObject\",\"inLanguage\":\"fr-FR\",\"@id\":\"https:\\\/\\\/magazineluxe.com\\\/fr\\\/escaliers-gilles-grenier\\\/#primaryimage\",\"url\":\"https:\\\/\\\/magazineluxe.com\\\/wp-content\\\/uploads\\\/2013\\\/05\\\/escaliers-gilles-grenier.png\",\"contentUrl\":\"https:\\\/\\\/magazineluxe.com\\\/wp-content\\\/uploads\\\/2013\\\/05\\\/escaliers-gilles-grenier.png\",\"width\":1920,\"height\":1280},{\"@type\":\"BreadcrumbList\",\"@id\":\"https:\\\/\\\/magazineluxe.com\\\/fr\\\/escaliers-gilles-grenier\\\/#breadcrumb\",\"itemListElement\":[{\"@type\":\"ListItem\",\"position\":1,\"name\":\"Accueil\",\"item\":\"https:\\\/\\\/magazineluxe.com\\\/fr\\\/\"},{\"@type\":\"ListItem\",\"position\":2,\"name\":\"Escaliers Gilles Grenier\"}]},{\"@type\":\"WebSite\",\"@id\":\"https:\\\/\\\/magazineluxe.com\\\/fr\\\/#website\",\"url\":\"https:\\\/\\\/magazineluxe.com\\\/fr\\\/\",\"name\":\"MAGAZINE LUXE - Immobilier | Design | Art de vivre\",\"description\":\"MAGAZINE LUXE - Immobilier | Design | Art de vivre\",\"potentialAction\":[{\"@type\":\"SearchAction\",\"target\":{\"@type\":\"EntryPoint\",\"urlTemplate\":\"https:\\\/\\\/magazineluxe.com\\\/fr\\\/?s={search_term_string}\"},\"query-input\":{\"@type\":\"PropertyValueSpecification\",\"valueRequired\":true,\"valueName\":\"search_term_string\"}}],\"inLanguage\":\"fr-FR\"},{\"@type\":\"Person\",\"@id\":\"https:\\\/\\\/magazineluxe.com\\\/fr\\\/#\\\/schema\\\/person\\\/8adc55c929911b0b55d79cb0e89a2078\",\"name\":\"\u00c2tma\",\"image\":{\"@type\":\"ImageObject\",\"inLanguage\":\"fr-FR\",\"@id\":\"https:\\\/\\\/secure.gravatar.com\\\/avatar\\\/8f040abb094cad542949c1488512389277711ac5ee0e395bbebaa2573f7a2377?s=96&d=mm&r=g\",\"url\":\"https:\\\/\\\/secure.gravatar.com\\\/avatar\\\/8f040abb094cad542949c1488512389277711ac5ee0e395bbebaa2573f7a2377?s=96&d=mm&r=g\",\"contentUrl\":\"https:\\\/\\\/secure.gravatar.com\\\/avatar\\\/8f040abb094cad542949c1488512389277711ac5ee0e395bbebaa2573f7a2377?s=96&d=mm&r=g\",\"caption\":\"\u00c2tma\"},\"url\":\"https:\\\/\\\/magazineluxe.com\\\/fr\\\/author\\\/atma\\\/\"}]}<\/script>\n<!-- \/ Yoast SEO plugin. -->","yoast_head_json":{"title":"Escaliers Gilles Grenier - MAGAZINE LUXE - Immobilier | Design | Art de vivre","robots":{"index":"index","follow":"follow","max-snippet":"max-snippet:-1","max-image-preview":"max-image-preview:large","max-video-preview":"max-video-preview:-1"},"canonical":"https:\/\/magazineluxe.com\/fr\/escaliers-gilles-grenier\/","og_locale":"fr_FR","og_type":"article","og_title":"Escaliers Gilles Grenier - MAGAZINE LUXE - Immobilier | Design | Art de vivre","og_description":"Fond\u00e9e en 1977, Escaliers Gilles Grenier est chef de file des fabricants d&rsquo;escaliers haut de gamme au Qu\u00e9bec. De la conception \u00e0 la pose en passant par les \u00e9tapes interm\u00e9diaires, tout est effectu\u00e9 par des artisans exceptionnels afin de livrer un produit cl\u00e9 en main. &nbsp; Classique ou contemporain, en bois ou en verre, massif ou a\u00e9rien, un bel escalier contribue \u00e0 donner \u00e0 une demeure un style unique. Depuis plus de 35 ans, Escaliers Gilles Grenier con\u00e7oit, fabrique et installe des escaliers alliant un savoir technique hors pair \u00e0 un esth\u00e9tisme incomparable. L&rsquo;assemblage, la peinture, la teinture ainsi que le vernissage sont effectu\u00e9s en usine par des experts dans leur domaine. Aussi, afin que toutes les composantes r\u00e9pondent \u00e0 des normes rigoureuses, Escaliers Gilles Grenier proc\u00e8de elle-m\u00eame \u00e0 la fabrication du fer forg\u00e9, du fer ornemental et de l\u2019acier inoxydable. &nbsp; \u00ab\u00a0Chez nous, tout se fait sous le m\u00eame toit\u00a0: le fer forg\u00e9 comme la teinture. Ainsi, contrairement \u00e0 nos concurrents, nous n\u2019avons pas besoin de planifier plusieurs rendez-vous avec le client pour prendre de multiples mesures \u00bb, commente Marco Grenier, copropri\u00e9taire d\u2019Escaliers Gilles Grenier. Il en r\u00e9sulte un gain de temps tant pour le client que pour l\u2019entreprise. [&hellip;]","og_url":"https:\/\/magazineluxe.com\/fr\/escaliers-gilles-grenier\/","og_site_name":"MAGAZINE LUXE - Immobilier | Design | Art de vivre","article_published_time":"2013-05-22T14:42:52+00:00","article_modified_time":"2020-08-12T22:05:44+00:00","og_image":[{"width":1024,"height":683,"url":"https:\/\/magazineluxe.com\/wp-content\/uploads\/2013\/05\/escaliers-gilles-grenier-1024x683.png","type":"image\/png"}],"author":"\u00c2tma","twitter_card":"summary_large_image","twitter_misc":{"\u00c9crit par":"\u00c2tma","Dur\u00e9e de lecture estim\u00e9e":"2 minutes"},"schema":{"@context":"https:\/\/schema.org","@graph":[{"@type":"Article","@id":"https:\/\/magazineluxe.com\/fr\/escaliers-gilles-grenier\/#article","isPartOf":{"@id":"https:\/\/magazineluxe.com\/fr\/escaliers-gilles-grenier\/"},"author":{"name":"\u00c2tma","@id":"https:\/\/magazineluxe.com\/fr\/#\/schema\/person\/8adc55c929911b0b55d79cb0e89a2078"},"headline":"Escaliers Gilles Grenier","datePublished":"2013-05-22T14:42:52+00:00","dateModified":"2020-08-12T22:05:44+00:00","mainEntityOfPage":{"@id":"https:\/\/magazineluxe.com\/fr\/escaliers-gilles-grenier\/"},"wordCount":496,"image":{"@id":"https:\/\/magazineluxe.com\/fr\/escaliers-gilles-grenier\/#primaryimage"},"thumbnailUrl":"https:\/\/magazineluxe.com\/wp-content\/uploads\/2013\/05\/escaliers-gilles-grenier.png","articleSection":["Design","Immobilier"],"inLanguage":"fr-FR"},{"@type":"WebPage","@id":"https:\/\/magazineluxe.com\/fr\/escaliers-gilles-grenier\/","url":"https:\/\/magazineluxe.com\/fr\/escaliers-gilles-grenier\/","name":"Escaliers Gilles Grenier - MAGAZINE LUXE - Immobilier | Design | Art de vivre","isPartOf":{"@id":"https:\/\/magazineluxe.com\/fr\/#website"},"primaryImageOfPage":{"@id":"https:\/\/magazineluxe.com\/fr\/escaliers-gilles-grenier\/#primaryimage"},"image":{"@id":"https:\/\/magazineluxe.com\/fr\/escaliers-gilles-grenier\/#primaryimage"},"thumbnailUrl":"https:\/\/magazineluxe.com\/wp-content\/uploads\/2013\/05\/escaliers-gilles-grenier.png","datePublished":"2013-05-22T14:42:52+00:00","dateModified":"2020-08-12T22:05:44+00:00","author":{"@id":"https:\/\/magazineluxe.com\/fr\/#\/schema\/person\/8adc55c929911b0b55d79cb0e89a2078"},"breadcrumb":{"@id":"https:\/\/magazineluxe.com\/fr\/escaliers-gilles-grenier\/#breadcrumb"},"inLanguage":"fr-FR","potentialAction":[{"@type":"ReadAction","target":["https:\/\/magazineluxe.com\/fr\/escaliers-gilles-grenier\/"]}]},{"@type":"ImageObject","inLanguage":"fr-FR","@id":"https:\/\/magazineluxe.com\/fr\/escaliers-gilles-grenier\/#primaryimage","url":"https:\/\/magazineluxe.com\/wp-content\/uploads\/2013\/05\/escaliers-gilles-grenier.png","contentUrl":"https:\/\/magazineluxe.com\/wp-content\/uploads\/2013\/05\/escaliers-gilles-grenier.png","width":1920,"height":1280},{"@type":"BreadcrumbList","@id":"https:\/\/magazineluxe.com\/fr\/escaliers-gilles-grenier\/#breadcrumb","itemListElement":[{"@type":"ListItem","position":1,"name":"Accueil","item":"https:\/\/magazineluxe.com\/fr\/"},{"@type":"ListItem","position":2,"name":"Escaliers Gilles Grenier"}]},{"@type":"WebSite","@id":"https:\/\/magazineluxe.com\/fr\/#website","url":"https:\/\/magazineluxe.com\/fr\/","name":"MAGAZINE LUXE - Immobilier | Design | Art de vivre","description":"MAGAZINE LUXE - Immobilier | Design | Art de vivre","potentialAction":[{"@type":"SearchAction","target":{"@type":"EntryPoint","urlTemplate":"https:\/\/magazineluxe.com\/fr\/?s={search_term_string}"},"query-input":{"@type":"PropertyValueSpecification","valueRequired":true,"valueName":"search_term_string"}}],"inLanguage":"fr-FR"},{"@type":"Person","@id":"https:\/\/magazineluxe.com\/fr\/#\/schema\/person\/8adc55c929911b0b55d79cb0e89a2078","name":"\u00c2tma","image":{"@type":"ImageObject","inLanguage":"fr-FR","@id":"https:\/\/secure.gravatar.com\/avatar\/8f040abb094cad542949c1488512389277711ac5ee0e395bbebaa2573f7a2377?s=96&d=mm&r=g","url":"https:\/\/secure.gravatar.com\/avatar\/8f040abb094cad542949c1488512389277711ac5ee0e395bbebaa2573f7a2377?s=96&d=mm&r=g","contentUrl":"https:\/\/secure.gravatar.com\/avatar\/8f040abb094cad542949c1488512389277711ac5ee0e395bbebaa2573f7a2377?s=96&d=mm&r=g","caption":"\u00c2tma"},"url":"https:\/\/magazineluxe.com\/fr\/author\/atma\/"}]}},"_links":{"self":[{"href":"https:\/\/magazineluxe.com\/fr\/wp-json\/wp\/v2\/posts\/5222","targetHints":{"allow":["GET"]}}],"collection":[{"href":"https:\/\/magazineluxe.com\/fr\/wp-json\/wp\/v2\/posts"}],"about":[{"href":"https:\/\/magazineluxe.com\/fr\/wp-json\/wp\/v2\/types\/post"}],"author":[{"embeddable":true,"href":"https:\/\/magazineluxe.com\/fr\/wp-json\/wp\/v2\/users\/710"}],"replies":[{"embeddable":true,"href":"https:\/\/magazineluxe.com\/fr\/wp-json\/wp\/v2\/comments?post=5222"}],"version-history":[{"count":5,"href":"https:\/\/magazineluxe.com\/fr\/wp-json\/wp\/v2\/posts\/5222\/revisions"}],"predecessor-version":[{"id":16651,"href":"https:\/\/magazineluxe.com\/fr\/wp-json\/wp\/v2\/posts\/5222\/revisions\/16651"}],"wp:featuredmedia":[{"embeddable":true,"href":"https:\/\/magazineluxe.com\/fr\/wp-json\/wp\/v2\/media\/16652"}],"wp:attachment":[{"href":"https:\/\/magazineluxe.com\/fr\/wp-json\/wp\/v2\/media?parent=5222"}],"wp:term":[{"taxonomy":"category","embeddable":true,"href":"https:\/\/magazineluxe.com\/fr\/wp-json\/wp\/v2\/categories?post=5222"},{"taxonomy":"post_tag","embeddable":true,"href":"https:\/\/magazineluxe.com\/fr\/wp-json\/wp\/v2\/tags?post=5222"}],"curies":[{"name":"wp","href":"https:\/\/api.w.org\/{rel}","templated":true}]}}