{"id":5588,"date":"2013-05-27T14:19:36","date_gmt":"2013-05-27T14:19:36","guid":{"rendered":"http:\/\/magazineluxe.com\/\/?p=5588"},"modified":"2019-10-15T18:40:35","modified_gmt":"2019-10-15T22:40:35","slug":"une-maison-ancestrale-reconvertie-en-firme-darchitecture","status":"publish","type":"post","link":"https:\/\/magazineluxe.com\/fr\/une-maison-ancestrale-reconvertie-en-firme-darchitecture\/","title":{"rendered":"Une maison ancestrale reconvertie en firme d&rsquo;architecture"},"content":{"rendered":"<p>C\u2019est dans une magnifique maison de Boisbriand totalement r\u00e9am\u00e9nag\u00e9e que les bureaux de la firme d\u2019architecture et design Adornetto-Daoust ont \u00e9t\u00e9 install\u00e9s il y a deux ans. Mariant judicieusement l\u2019ancien et le moderne, la demeure offre aux clients d\u2019Adornetto-Daoust un parfait exemple de la qualit\u00e9 de leur travail.<\/p>\n<p>Derri\u00e8re la fa\u00e7ade de la maison-bureau d\u2019Adornetto-Daoust se cache une belle histoire de rencontres et de passion pour le design. En effet, concepteur architectural depuis dix-huit ans, Mario Adornetto travaillait autrefois juste en face de ce qui \u00e9tait alors une vieille maison rurale. \u00ab\u00a0Je me disais que j\u2019allais acheter cette maison, la reconstruire et la revendre \u00e0 un client\u00a0\u00bb, raconte Mario Adornetto. \u00c0 l\u2019\u00e9poque, le concepteur architectural collabore \u00e0 de nombreux projets avec une designer de talent, Katerine Daoust. Obtenant un vif succ\u00e8s, le concepteur architectural et la designer d\u00e9cident, en 2010, de partager leur expertise et de cr\u00e9er leur propre entreprise.<\/p>\n<p>Deux ans plus tard, ils font l\u2019acquisition de la demeure convoit\u00e9e et y am\u00e9nagent leurs bureaux avec en t\u00eate un concept original\u00a0: \u00ab\u00a0Nous voulions qu\u2019elle abrite nos bureaux, mais qu\u2019elle puisse en m\u00eame temps servir de d\u00e9monstration aux clients.\u00a0\u00bb<\/p>\n<p>&nbsp;<\/p>\n<h3>Conserver l&rsquo;\u00e2me ancestale<\/h3>\n<p>En plein coeur de Boisbriand, cette maison d\u2019agriculteur disposait d\u2019une vieille grange. \u00ab Quand on l\u2019a d\u00e9molie, on a r\u00e9cup\u00e9r\u00e9 le bois de la grange pour pouvoir le r\u00e9utiliser \u00e0 l\u2019int\u00e9rieur de la nouvelle b\u00e2tisse. C\u2019\u00e9tait une mani\u00e8re pour nous de conserver un peu de son histoire. \u00bb Plusieurs planches de bois ancestrales, vestiges d\u2019une \u00e9poque pass\u00e9e, ont ainsi \u00e9t\u00e9 incorpor\u00e9es dans la nouvelle demeure, de facture contemporaine.<\/p>\n<p>Se dressant sur deux \u00e9tages, la magnifique propri\u00e9t\u00e9 de 2 600 pieds carr\u00e9s se distingue par un int\u00e9rieur aux lignes \u00e9pur\u00e9es et par une fenestration abondante. Le premier \u00e9tage abrite les pi\u00e8ces \u00e0 vivre \u0336 salon, salle \u00e0 manger et cuisine \u0336 tandis que le deuxi\u00e8me est r\u00e9serv\u00e9 aux bureaux.<\/p>\n<p>Construits sur un espace \u00e0 aire ouverte, salon, salle \u00e0 manger et cuisine se c\u00f4toient agr\u00e9ablement. Baignant dans la lumi\u00e8re et le confort, le salon pr\u00e9sente des tonalit\u00e9s claires qui accentuent la luminosit\u00e9 de la pi\u00e8ce et font ressortir avec panache le mobilier moderne (con\u00e7u par les designers eux-m\u00eames).<\/p>\n<p>Juste \u00e0 c\u00f4t\u00e9, la salle \u00e0 manger illustre parfaitement le mariage de l\u2019ancien et du moderne : son plafond, fabriqu\u00e9 \u00e0 partir des planches r\u00e9cup\u00e9r\u00e9es dans la grange, donne un cachet rustique \u00e0 la pi\u00e8ce tout en apportant ce petit suppl\u00e9ment d\u2019\u00e2me indispensable pour cr\u00e9er un environnement chaleureux.<\/p>\n<p>Par ses couleurs, la cuisine fait \u00e9cho aux vieilles planches. Jumelant praticit\u00e9 et esth\u00e9tique, elle dispose d\u2019un magnifique \u00eelot en ch\u00eane surmont\u00e9 d\u2019une grande hotte ainsi que de nombreux rangements.<\/p>\n<p>Adoss\u00e9e \u00e0 un pan de mur, une photo grand format de la grange vient compl\u00e9ter cet hommage \u00e0 l\u2019histoire de la maison, tout en marquant la s\u00e9paration entre la salle \u00e0 manger et le salon.<\/p>\n<p>&nbsp;<\/p>\n<h3>Des chambres transform\u00e9es en bureaux<\/h3>\n<p>\u00c0 l\u2019\u00e9tage, les trois chambres ont \u00e9t\u00e9 converties en atelier et en bureaux. Le bureau de Katerine Daoust, avec un mur en verre faisant contraste \u00e0 un mur en pierres, est particuli\u00e8rement r\u00e9ussi. Sobre, il dispose de peu de meubles et tire son \u00e9l\u00e9gance des lampes suspendues de Pascale Girardin ainsi que de deux jolies chaises anciennes.<\/p>\n<p>Pourvu d\u2019un plafond cath\u00e9drale aussi b\u00e2ti avec les planches de l\u2019ancienne grange, l\u2019atelier de dessin poss\u00e8de un charme incomparable et la luminosit\u00e9 n\u00e9cessaire aux activit\u00e9s cr\u00e9atives qui s\u2019y d\u00e9roulent quotidiennement. \u00ab Que ce soit pour la r\u00e9alisation des plafonds, des cages d\u2019escaliers ou des murs de verre, nous faisons affaire avec les meilleurs sp\u00e9cialistes \u00e0 qui l\u2019on confie nos plans. \u00bb<\/p>\n<p>La maison-bureau d\u2019Adornetto et Daoust t\u00e9moigne parfaitement de l\u2019excellence de leur travail. Et c\u2019est avec ce m\u00eame souci de perfection que les deux associ\u00e9s concr\u00e9tisent les souhaits de leurs clients. \u00ab \u00c0 chacune des \u00e9tapes du projet, de l\u2019\u00e9tude de la topographie \u00e0 la s\u00e9lection des oeuvres d\u2019art, nous sommes \u00e0 l\u2019\u00e9coute des besoins de nos clients afin de les conseiller judicieusement \u00bb, commente le concepteur architectural.<\/p>\n<p>&nbsp;<\/p>\n<h3>Une architecture hybride<\/h3>\n<p>Les cr\u00e9ateurs ont plus d\u2019une corde \u00e0 leur arc. Mario Adornetto souligne ainsi que, d\u00e8s la premi\u00e8re rencontre, le client repart avec une image de sa future maison. \u00ab Je dessine \u00e0 main lev\u00e9e les int\u00e9rieurs et ext\u00e9rieurs du projet \u00e0 partir des besoins exprim\u00e9s par le client. Le jour m\u00eame de sa visite, son r\u00eave prend forme. \u00bb Les lignes directrices pos\u00e9es, les deux parties gagnent un temps pr\u00e9cieux.<\/p>\n<p>Depuis quelque temps, Mario propose \u00e0 ses clients un style d\u2019architecture bien particulier : les maisons hybrides. D\u2019allure traditionnelle en fa\u00e7ade, ces demeures disposent d\u2019un design tr\u00e8s contemporain \u00e0 l\u2019arri\u00e8re (toit plat, murs en verre et grande fenestration). \u00ab Le fait de jumeler deux styles qui se retrouvent rarement ensemble permet d\u2019int\u00e9grer parfaitement la b\u00e2tisse \u00e0 son environnement. En ma\u00eetrisant les formes et les proportions, on obtient des r\u00e9sultats extraordinaires \u00bb, explique-t-il.<\/p>\n<p>Du petit ch\u00e2teau \u00e0 la demeure champ\u00eatre en passant par la maison de style plus traditionnel, Mario et Katerine ont r\u00e9alis\u00e9 de nombreuses habitations, au grand bonheur de leurs clients. Flairant l\u2019air du temps et fourmillant d\u2019id\u00e9es novatrices, nos deux cr\u00e9ateurs n\u2019ont pas fini de nous \u00e9tonner!<\/p>\n<p>&nbsp;<\/p>\n<h5>ADORNETTO | DAOUST<br \/>\n179, chemin de la Grande-C\u00f4te<br \/>\nBoisbriand (Qu\u00e9bec) J7J 1B7<br \/>\nt\u00e9l. : 450 420-4576<br \/>\n<a href=\"http:\/\/www.adornettodaoust.ca\" target=\"_blank\" rel=\"noopener noreferrer\">www.adornettodaoust.ca<\/a><\/h5>\n\n\t\t<style type=\"text\/css\">\n\t\t\t#gallery-1 {\n\t\t\t\tmargin: auto;\n\t\t\t}\n\t\t\t#gallery-1 .gallery-item {\n\t\t\t\tfloat: left;\n\t\t\t\tmargin-top: 10px;\n\t\t\t\ttext-align: center;\n\t\t\t\twidth: 33%;\n\t\t\t}\n\t\t\t#gallery-1 img {\n\t\t\t\tborder: 2px solid #cfcfcf;\n\t\t\t}\n\t\t\t#gallery-1 .gallery-caption {\n\t\t\t\tmargin-left: 0;\n\t\t\t}\n\t\t\t\/* see gallery_shortcode() in wp-includes\/media.php *\/\n\t\t<\/style>\n\t\t<div id='gallery-1' class='gallery galleryid-5588 gallery-columns-3 gallery-size-thumbnail'><dl class='gallery-item'>\n\t\t\t<dt class='gallery-icon landscape'>\n\t\t\t\t<a href='https:\/\/magazineluxe.com\/wp-content\/uploads\/2013\/05\/Exterieur-4-2.jpg'><img loading=\"lazy\" decoding=\"async\" width=\"150\" height=\"150\" src=\"https:\/\/magazineluxe.com\/wp-content\/uploads\/2013\/05\/Exterieur-4-2-150x150.jpg\" class=\"attachment-thumbnail size-thumbnail\" alt=\"\" srcset=\"https:\/\/magazineluxe.com\/wp-content\/uploads\/2013\/05\/Exterieur-4-2-150x150.jpg 150w, https:\/\/magazineluxe.com\/wp-content\/uploads\/2013\/05\/Exterieur-4-2-60x60.jpg 60w, https:\/\/magazineluxe.com\/wp-content\/uploads\/2013\/05\/Exterieur-4-2-180x180.jpg 180w\" sizes=\"auto, (max-width: 150px) 100vw, 150px\" \/><\/a>\n\t\t\t<\/dt><\/dl><dl class='gallery-item'>\n\t\t\t<dt class='gallery-icon landscape'>\n\t\t\t\t<a href='https:\/\/magazineluxe.com\/wp-content\/uploads\/2013\/05\/Salle-a-manger-5...jpg'><img loading=\"lazy\" decoding=\"async\" width=\"150\" height=\"150\" src=\"https:\/\/magazineluxe.com\/wp-content\/uploads\/2013\/05\/Salle-a-manger-5..-150x150.jpg\" class=\"attachment-thumbnail size-thumbnail\" alt=\"\" srcset=\"https:\/\/magazineluxe.com\/wp-content\/uploads\/2013\/05\/Salle-a-manger-5..-150x150.jpg 150w, https:\/\/magazineluxe.com\/wp-content\/uploads\/2013\/05\/Salle-a-manger-5..-60x60.jpg 60w, https:\/\/magazineluxe.com\/wp-content\/uploads\/2013\/05\/Salle-a-manger-5..-180x180.jpg 180w\" sizes=\"auto, (max-width: 150px) 100vw, 150px\" \/><\/a>\n\t\t\t<\/dt><\/dl><dl class='gallery-item'>\n\t\t\t<dt class='gallery-icon landscape'>\n\t\t\t\t<a href='https:\/\/magazineluxe.com\/wp-content\/uploads\/2013\/05\/Cuisine-1...jpg'><img loading=\"lazy\" decoding=\"async\" width=\"150\" height=\"150\" src=\"https:\/\/magazineluxe.com\/wp-content\/uploads\/2013\/05\/Cuisine-1..-150x150.jpg\" class=\"attachment-thumbnail size-thumbnail\" alt=\"\" srcset=\"https:\/\/magazineluxe.com\/wp-content\/uploads\/2013\/05\/Cuisine-1..-150x150.jpg 150w, https:\/\/magazineluxe.com\/wp-content\/uploads\/2013\/05\/Cuisine-1..-60x60.jpg 60w, https:\/\/magazineluxe.com\/wp-content\/uploads\/2013\/05\/Cuisine-1..-180x180.jpg 180w\" sizes=\"auto, (max-width: 150px) 100vw, 150px\" \/><\/a>\n\t\t\t<\/dt><\/dl><br style=\"clear: both\" \/><dl class='gallery-item'>\n\t\t\t<dt class='gallery-icon landscape'>\n\t\t\t\t<a href='https:\/\/magazineluxe.com\/wp-content\/uploads\/2013\/05\/Salon...jpg'><img loading=\"lazy\" decoding=\"async\" width=\"150\" height=\"150\" src=\"https:\/\/magazineluxe.com\/wp-content\/uploads\/2013\/05\/Salon..-150x150.jpg\" class=\"attachment-thumbnail size-thumbnail\" alt=\"\" srcset=\"https:\/\/magazineluxe.com\/wp-content\/uploads\/2013\/05\/Salon..-150x150.jpg 150w, https:\/\/magazineluxe.com\/wp-content\/uploads\/2013\/05\/Salon..-60x60.jpg 60w, https:\/\/magazineluxe.com\/wp-content\/uploads\/2013\/05\/Salon..-180x180.jpg 180w\" sizes=\"auto, (max-width: 150px) 100vw, 150px\" \/><\/a>\n\t\t\t<\/dt><\/dl><dl class='gallery-item'>\n\t\t\t<dt class='gallery-icon landscape'>\n\t\t\t\t<a href='https:\/\/magazineluxe.com\/wp-content\/uploads\/2013\/05\/Escalier-3...jpg'><img loading=\"lazy\" decoding=\"async\" width=\"150\" height=\"150\" src=\"https:\/\/magazineluxe.com\/wp-content\/uploads\/2013\/05\/Escalier-3..-150x150.jpg\" class=\"attachment-thumbnail size-thumbnail\" alt=\"\" srcset=\"https:\/\/magazineluxe.com\/wp-content\/uploads\/2013\/05\/Escalier-3..-150x150.jpg 150w, https:\/\/magazineluxe.com\/wp-content\/uploads\/2013\/05\/Escalier-3..-60x60.jpg 60w, https:\/\/magazineluxe.com\/wp-content\/uploads\/2013\/05\/Escalier-3..-180x180.jpg 180w\" sizes=\"auto, (max-width: 150px) 100vw, 150px\" \/><\/a>\n\t\t\t<\/dt><\/dl><dl class='gallery-item'>\n\t\t\t<dt class='gallery-icon landscape'>\n\t\t\t\t<a href='https:\/\/magazineluxe.com\/wp-content\/uploads\/2013\/05\/Escalier-2...jpg'><img loading=\"lazy\" decoding=\"async\" width=\"150\" height=\"150\" src=\"https:\/\/magazineluxe.com\/wp-content\/uploads\/2013\/05\/Escalier-2..-150x150.jpg\" class=\"attachment-thumbnail size-thumbnail\" alt=\"\" srcset=\"https:\/\/magazineluxe.com\/wp-content\/uploads\/2013\/05\/Escalier-2..-150x150.jpg 150w, https:\/\/magazineluxe.com\/wp-content\/uploads\/2013\/05\/Escalier-2..-60x60.jpg 60w, https:\/\/magazineluxe.com\/wp-content\/uploads\/2013\/05\/Escalier-2..-180x180.jpg 180w\" sizes=\"auto, (max-width: 150px) 100vw, 150px\" \/><\/a>\n\t\t\t<\/dt><\/dl><br style=\"clear: both\" \/><dl class='gallery-item'>\n\t\t\t<dt class='gallery-icon portrait'>\n\t\t\t\t<a href='https:\/\/magazineluxe.com\/wp-content\/uploads\/2013\/05\/Bureau...jpg'><img loading=\"lazy\" decoding=\"async\" width=\"150\" height=\"150\" src=\"https:\/\/magazineluxe.com\/wp-content\/uploads\/2013\/05\/Bureau..-150x150.jpg\" class=\"attachment-thumbnail size-thumbnail\" alt=\"\" srcset=\"https:\/\/magazineluxe.com\/wp-content\/uploads\/2013\/05\/Bureau..-150x150.jpg 150w, https:\/\/magazineluxe.com\/wp-content\/uploads\/2013\/05\/Bureau..-60x60.jpg 60w, https:\/\/magazineluxe.com\/wp-content\/uploads\/2013\/05\/Bureau..-180x180.jpg 180w\" sizes=\"auto, (max-width: 150px) 100vw, 150px\" \/><\/a>\n\t\t\t<\/dt><\/dl><dl class='gallery-item'>\n\t\t\t<dt class='gallery-icon portrait'>\n\t\t\t\t<a href='https:\/\/magazineluxe.com\/wp-content\/uploads\/2013\/05\/Salle-de-bain-2e-etage...jpg'><img loading=\"lazy\" decoding=\"async\" width=\"150\" height=\"150\" src=\"https:\/\/magazineluxe.com\/wp-content\/uploads\/2013\/05\/Salle-de-bain-2e-etage..-150x150.jpg\" class=\"attachment-thumbnail size-thumbnail\" alt=\"\" srcset=\"https:\/\/magazineluxe.com\/wp-content\/uploads\/2013\/05\/Salle-de-bain-2e-etage..-150x150.jpg 150w, https:\/\/magazineluxe.com\/wp-content\/uploads\/2013\/05\/Salle-de-bain-2e-etage..-60x60.jpg 60w, https:\/\/magazineluxe.com\/wp-content\/uploads\/2013\/05\/Salle-de-bain-2e-etage..-180x180.jpg 180w\" sizes=\"auto, (max-width: 150px) 100vw, 150px\" \/><\/a>\n\t\t\t<\/dt><\/dl><dl class='gallery-item'>\n\t\t\t<dt class='gallery-icon portrait'>\n\t\t\t\t<a href='https:\/\/magazineluxe.com\/wp-content\/uploads\/2013\/05\/Salle-de-bain-2e-etage-2...jpg'><img loading=\"lazy\" decoding=\"async\" width=\"150\" height=\"150\" src=\"https:\/\/magazineluxe.com\/wp-content\/uploads\/2013\/05\/Salle-de-bain-2e-etage-2..-150x150.jpg\" class=\"attachment-thumbnail size-thumbnail\" alt=\"\" srcset=\"https:\/\/magazineluxe.com\/wp-content\/uploads\/2013\/05\/Salle-de-bain-2e-etage-2..-150x150.jpg 150w, https:\/\/magazineluxe.com\/wp-content\/uploads\/2013\/05\/Salle-de-bain-2e-etage-2..-60x60.jpg 60w, https:\/\/magazineluxe.com\/wp-content\/uploads\/2013\/05\/Salle-de-bain-2e-etage-2..-180x180.jpg 180w\" sizes=\"auto, (max-width: 150px) 100vw, 150px\" \/><\/a>\n\t\t\t<\/dt><\/dl><br style=\"clear: both\" \/>\n\t\t<\/div>\n\n<p>Texte : Diane Stehle<\/p>\n<h5 align=\"LEFT\"><em>\u00a0<\/em><\/h5>\n","protected":false},"excerpt":{"rendered":"<p>C\u2019est dans une magnifique maison de Boisbriand totalement r\u00e9am\u00e9nag\u00e9e que les bureaux de la firme d\u2019architecture et design Adornetto-Daoust ont \u00e9t\u00e9 install\u00e9s il y a deux ans. Mariant judicieusement l\u2019ancien et le moderne, la demeure offre aux clients d\u2019Adornetto-Daoust un parfait exemple de la qualit\u00e9 de leur travail. Derri\u00e8re la fa\u00e7ade de la maison-bureau d\u2019Adornetto-Daoust se cache une belle histoire de rencontres et de passion pour le design. En effet, concepteur architectural depuis dix-huit ans, Mario Adornetto travaillait autrefois juste en face de ce qui \u00e9tait alors une vieille maison rurale. \u00ab\u00a0Je me disais que j\u2019allais acheter cette maison, la reconstruire et la revendre \u00e0 un client\u00a0\u00bb, raconte Mario Adornetto. \u00c0 l\u2019\u00e9poque, le concepteur architectural collabore \u00e0 de nombreux projets avec une designer de talent, Katerine Daoust. Obtenant un vif succ\u00e8s, le concepteur architectural et la designer d\u00e9cident, en 2010, de partager leur expertise et de cr\u00e9er leur propre entreprise. Deux ans plus tard, ils font l\u2019acquisition de la demeure convoit\u00e9e et y am\u00e9nagent leurs bureaux avec en t\u00eate un concept original\u00a0: \u00ab\u00a0Nous voulions qu\u2019elle abrite nos bureaux, mais qu\u2019elle puisse en m\u00eame temps servir de d\u00e9monstration aux clients.\u00a0\u00bb &nbsp; Conserver l&rsquo;\u00e2me ancestale En plein coeur de Boisbriand, cette maison [&hellip;]<\/p>\n","protected":false},"author":710,"featured_media":5589,"comment_status":"closed","ping_status":"closed","sticky":false,"template":"","format":"standard","meta":{"_monsterinsights_skip_tracking":false,"_monsterinsights_sitenote_active":false,"_monsterinsights_sitenote_note":"","_monsterinsights_sitenote_category":0,"footnotes":""},"categories":[4],"tags":[],"class_list":["post-5588","post","type-post","status-publish","format-standard","has-post-thumbnail","hentry","category-immobilier"],"yoast_head":"<!-- This site is optimized with the Yoast SEO plugin v27.4 - https:\/\/yoast.com\/product\/yoast-seo-wordpress\/ -->\n<title>Une maison ancestrale reconvertie en firme d&#039;architecture - MAGAZINE LUXE - Immobilier | Design | Art de vivre<\/title>\n<meta name=\"robots\" content=\"index, follow, max-snippet:-1, max-image-preview:large, max-video-preview:-1\" \/>\n<link rel=\"canonical\" href=\"https:\/\/magazineluxe.com\/fr\/une-maison-ancestrale-reconvertie-en-firme-darchitecture\/\" \/>\n<meta property=\"og:locale\" content=\"fr_FR\" \/>\n<meta property=\"og:type\" content=\"article\" \/>\n<meta property=\"og:title\" content=\"Une maison ancestrale reconvertie en firme d&#039;architecture - MAGAZINE LUXE - Immobilier | Design | Art de vivre\" \/>\n<meta property=\"og:description\" content=\"C\u2019est dans une magnifique maison de Boisbriand totalement r\u00e9am\u00e9nag\u00e9e que les bureaux de la firme d\u2019architecture et design Adornetto-Daoust ont \u00e9t\u00e9 install\u00e9s il y a deux ans. Mariant judicieusement l\u2019ancien et le moderne, la demeure offre aux clients d\u2019Adornetto-Daoust un parfait exemple de la qualit\u00e9 de leur travail. Derri\u00e8re la fa\u00e7ade de la maison-bureau d\u2019Adornetto-Daoust se cache une belle histoire de rencontres et de passion pour le design. En effet, concepteur architectural depuis dix-huit ans, Mario Adornetto travaillait autrefois juste en face de ce qui \u00e9tait alors une vieille maison rurale. \u00ab\u00a0Je me disais que j\u2019allais acheter cette maison, la reconstruire et la revendre \u00e0 un client\u00a0\u00bb, raconte Mario Adornetto. \u00c0 l\u2019\u00e9poque, le concepteur architectural collabore \u00e0 de nombreux projets avec une designer de talent, Katerine Daoust. Obtenant un vif succ\u00e8s, le concepteur architectural et la designer d\u00e9cident, en 2010, de partager leur expertise et de cr\u00e9er leur propre entreprise. Deux ans plus tard, ils font l\u2019acquisition de la demeure convoit\u00e9e et y am\u00e9nagent leurs bureaux avec en t\u00eate un concept original\u00a0: \u00ab\u00a0Nous voulions qu\u2019elle abrite nos bureaux, mais qu\u2019elle puisse en m\u00eame temps servir de d\u00e9monstration aux clients.\u00a0\u00bb &nbsp; Conserver l&rsquo;\u00e2me ancestale En plein coeur de Boisbriand, cette maison [&hellip;]\" \/>\n<meta property=\"og:url\" content=\"https:\/\/magazineluxe.com\/fr\/une-maison-ancestrale-reconvertie-en-firme-darchitecture\/\" \/>\n<meta property=\"og:site_name\" content=\"MAGAZINE LUXE - Immobilier | Design | Art de vivre\" \/>\n<meta property=\"article:published_time\" content=\"2013-05-27T14:19:36+00:00\" \/>\n<meta property=\"article:modified_time\" content=\"2019-10-15T22:40:35+00:00\" \/>\n<meta property=\"og:image\" content=\"https:\/\/magazineluxe.com\/wp-content\/uploads\/2013\/05\/Exterieur-4-2.jpg\" \/>\n\t<meta property=\"og:image:width\" content=\"1024\" \/>\n\t<meta property=\"og:image:height\" content=\"684\" \/>\n\t<meta property=\"og:image:type\" content=\"image\/jpeg\" \/>\n<meta name=\"author\" content=\"\u00c2tma\" \/>\n<meta name=\"twitter:card\" content=\"summary_large_image\" \/>\n<meta name=\"twitter:label1\" content=\"\u00c9crit par\" \/>\n\t<meta name=\"twitter:data1\" content=\"\u00c2tma\" \/>\n\t<meta name=\"twitter:label2\" content=\"Dur\u00e9e de lecture estim\u00e9e\" \/>\n\t<meta name=\"twitter:data2\" content=\"5 minutes\" \/>\n<script type=\"application\/ld+json\" class=\"yoast-schema-graph\">{\"@context\":\"https:\\\/\\\/schema.org\",\"@graph\":[{\"@type\":\"Article\",\"@id\":\"https:\\\/\\\/magazineluxe.com\\\/fr\\\/une-maison-ancestrale-reconvertie-en-firme-darchitecture\\\/#article\",\"isPartOf\":{\"@id\":\"https:\\\/\\\/magazineluxe.com\\\/fr\\\/une-maison-ancestrale-reconvertie-en-firme-darchitecture\\\/\"},\"author\":{\"name\":\"\u00c2tma\",\"@id\":\"https:\\\/\\\/magazineluxe.com\\\/fr\\\/#\\\/schema\\\/person\\\/8adc55c929911b0b55d79cb0e89a2078\"},\"headline\":\"Une maison ancestrale reconvertie en firme d&rsquo;architecture\",\"datePublished\":\"2013-05-27T14:19:36+00:00\",\"dateModified\":\"2019-10-15T22:40:35+00:00\",\"mainEntityOfPage\":{\"@id\":\"https:\\\/\\\/magazineluxe.com\\\/fr\\\/une-maison-ancestrale-reconvertie-en-firme-darchitecture\\\/\"},\"wordCount\":980,\"image\":{\"@id\":\"https:\\\/\\\/magazineluxe.com\\\/fr\\\/une-maison-ancestrale-reconvertie-en-firme-darchitecture\\\/#primaryimage\"},\"thumbnailUrl\":\"https:\\\/\\\/magazineluxe.com\\\/wp-content\\\/uploads\\\/2013\\\/05\\\/Exterieur-4-2.jpg\",\"articleSection\":[\"Immobilier\"],\"inLanguage\":\"fr-FR\"},{\"@type\":\"WebPage\",\"@id\":\"https:\\\/\\\/magazineluxe.com\\\/fr\\\/une-maison-ancestrale-reconvertie-en-firme-darchitecture\\\/\",\"url\":\"https:\\\/\\\/magazineluxe.com\\\/fr\\\/une-maison-ancestrale-reconvertie-en-firme-darchitecture\\\/\",\"name\":\"Une maison ancestrale reconvertie en firme d'architecture - MAGAZINE LUXE - Immobilier | Design | Art de vivre\",\"isPartOf\":{\"@id\":\"https:\\\/\\\/magazineluxe.com\\\/fr\\\/#website\"},\"primaryImageOfPage\":{\"@id\":\"https:\\\/\\\/magazineluxe.com\\\/fr\\\/une-maison-ancestrale-reconvertie-en-firme-darchitecture\\\/#primaryimage\"},\"image\":{\"@id\":\"https:\\\/\\\/magazineluxe.com\\\/fr\\\/une-maison-ancestrale-reconvertie-en-firme-darchitecture\\\/#primaryimage\"},\"thumbnailUrl\":\"https:\\\/\\\/magazineluxe.com\\\/wp-content\\\/uploads\\\/2013\\\/05\\\/Exterieur-4-2.jpg\",\"datePublished\":\"2013-05-27T14:19:36+00:00\",\"dateModified\":\"2019-10-15T22:40:35+00:00\",\"author\":{\"@id\":\"https:\\\/\\\/magazineluxe.com\\\/fr\\\/#\\\/schema\\\/person\\\/8adc55c929911b0b55d79cb0e89a2078\"},\"breadcrumb\":{\"@id\":\"https:\\\/\\\/magazineluxe.com\\\/fr\\\/une-maison-ancestrale-reconvertie-en-firme-darchitecture\\\/#breadcrumb\"},\"inLanguage\":\"fr-FR\",\"potentialAction\":[{\"@type\":\"ReadAction\",\"target\":[\"https:\\\/\\\/magazineluxe.com\\\/fr\\\/une-maison-ancestrale-reconvertie-en-firme-darchitecture\\\/\"]}]},{\"@type\":\"ImageObject\",\"inLanguage\":\"fr-FR\",\"@id\":\"https:\\\/\\\/magazineluxe.com\\\/fr\\\/une-maison-ancestrale-reconvertie-en-firme-darchitecture\\\/#primaryimage\",\"url\":\"https:\\\/\\\/magazineluxe.com\\\/wp-content\\\/uploads\\\/2013\\\/05\\\/Exterieur-4-2.jpg\",\"contentUrl\":\"https:\\\/\\\/magazineluxe.com\\\/wp-content\\\/uploads\\\/2013\\\/05\\\/Exterieur-4-2.jpg\",\"width\":\"1024\",\"height\":\"684\"},{\"@type\":\"BreadcrumbList\",\"@id\":\"https:\\\/\\\/magazineluxe.com\\\/fr\\\/une-maison-ancestrale-reconvertie-en-firme-darchitecture\\\/#breadcrumb\",\"itemListElement\":[{\"@type\":\"ListItem\",\"position\":1,\"name\":\"Accueil\",\"item\":\"https:\\\/\\\/magazineluxe.com\\\/fr\\\/\"},{\"@type\":\"ListItem\",\"position\":2,\"name\":\"Une maison ancestrale reconvertie en firme d&rsquo;architecture\"}]},{\"@type\":\"WebSite\",\"@id\":\"https:\\\/\\\/magazineluxe.com\\\/fr\\\/#website\",\"url\":\"https:\\\/\\\/magazineluxe.com\\\/fr\\\/\",\"name\":\"MAGAZINE LUXE - Immobilier | Design | Art de vivre\",\"description\":\"MAGAZINE LUXE - Immobilier | Design | Art de vivre\",\"potentialAction\":[{\"@type\":\"SearchAction\",\"target\":{\"@type\":\"EntryPoint\",\"urlTemplate\":\"https:\\\/\\\/magazineluxe.com\\\/fr\\\/?s={search_term_string}\"},\"query-input\":{\"@type\":\"PropertyValueSpecification\",\"valueRequired\":true,\"valueName\":\"search_term_string\"}}],\"inLanguage\":\"fr-FR\"},{\"@type\":\"Person\",\"@id\":\"https:\\\/\\\/magazineluxe.com\\\/fr\\\/#\\\/schema\\\/person\\\/8adc55c929911b0b55d79cb0e89a2078\",\"name\":\"\u00c2tma\",\"image\":{\"@type\":\"ImageObject\",\"inLanguage\":\"fr-FR\",\"@id\":\"https:\\\/\\\/secure.gravatar.com\\\/avatar\\\/8f040abb094cad542949c1488512389277711ac5ee0e395bbebaa2573f7a2377?s=96&d=mm&r=g\",\"url\":\"https:\\\/\\\/secure.gravatar.com\\\/avatar\\\/8f040abb094cad542949c1488512389277711ac5ee0e395bbebaa2573f7a2377?s=96&d=mm&r=g\",\"contentUrl\":\"https:\\\/\\\/secure.gravatar.com\\\/avatar\\\/8f040abb094cad542949c1488512389277711ac5ee0e395bbebaa2573f7a2377?s=96&d=mm&r=g\",\"caption\":\"\u00c2tma\"},\"url\":\"https:\\\/\\\/magazineluxe.com\\\/fr\\\/author\\\/atma\\\/\"}]}<\/script>\n<!-- \/ Yoast SEO plugin. -->","yoast_head_json":{"title":"Une maison ancestrale reconvertie en firme d'architecture - MAGAZINE LUXE - Immobilier | Design | Art de vivre","robots":{"index":"index","follow":"follow","max-snippet":"max-snippet:-1","max-image-preview":"max-image-preview:large","max-video-preview":"max-video-preview:-1"},"canonical":"https:\/\/magazineluxe.com\/fr\/une-maison-ancestrale-reconvertie-en-firme-darchitecture\/","og_locale":"fr_FR","og_type":"article","og_title":"Une maison ancestrale reconvertie en firme d'architecture - MAGAZINE LUXE - Immobilier | Design | Art de vivre","og_description":"C\u2019est dans une magnifique maison de Boisbriand totalement r\u00e9am\u00e9nag\u00e9e que les bureaux de la firme d\u2019architecture et design Adornetto-Daoust ont \u00e9t\u00e9 install\u00e9s il y a deux ans. Mariant judicieusement l\u2019ancien et le moderne, la demeure offre aux clients d\u2019Adornetto-Daoust un parfait exemple de la qualit\u00e9 de leur travail. Derri\u00e8re la fa\u00e7ade de la maison-bureau d\u2019Adornetto-Daoust se cache une belle histoire de rencontres et de passion pour le design. En effet, concepteur architectural depuis dix-huit ans, Mario Adornetto travaillait autrefois juste en face de ce qui \u00e9tait alors une vieille maison rurale. \u00ab\u00a0Je me disais que j\u2019allais acheter cette maison, la reconstruire et la revendre \u00e0 un client\u00a0\u00bb, raconte Mario Adornetto. \u00c0 l\u2019\u00e9poque, le concepteur architectural collabore \u00e0 de nombreux projets avec une designer de talent, Katerine Daoust. Obtenant un vif succ\u00e8s, le concepteur architectural et la designer d\u00e9cident, en 2010, de partager leur expertise et de cr\u00e9er leur propre entreprise. Deux ans plus tard, ils font l\u2019acquisition de la demeure convoit\u00e9e et y am\u00e9nagent leurs bureaux avec en t\u00eate un concept original\u00a0: \u00ab\u00a0Nous voulions qu\u2019elle abrite nos bureaux, mais qu\u2019elle puisse en m\u00eame temps servir de d\u00e9monstration aux clients.\u00a0\u00bb &nbsp; Conserver l&rsquo;\u00e2me ancestale En plein coeur de Boisbriand, cette maison [&hellip;]","og_url":"https:\/\/magazineluxe.com\/fr\/une-maison-ancestrale-reconvertie-en-firme-darchitecture\/","og_site_name":"MAGAZINE LUXE - Immobilier | Design | Art de vivre","article_published_time":"2013-05-27T14:19:36+00:00","article_modified_time":"2019-10-15T22:40:35+00:00","og_image":[{"width":1024,"height":684,"url":"https:\/\/magazineluxe.com\/wp-content\/uploads\/2013\/05\/Exterieur-4-2.jpg","type":"image\/jpeg"}],"author":"\u00c2tma","twitter_card":"summary_large_image","twitter_misc":{"\u00c9crit par":"\u00c2tma","Dur\u00e9e de lecture estim\u00e9e":"5 minutes"},"schema":{"@context":"https:\/\/schema.org","@graph":[{"@type":"Article","@id":"https:\/\/magazineluxe.com\/fr\/une-maison-ancestrale-reconvertie-en-firme-darchitecture\/#article","isPartOf":{"@id":"https:\/\/magazineluxe.com\/fr\/une-maison-ancestrale-reconvertie-en-firme-darchitecture\/"},"author":{"name":"\u00c2tma","@id":"https:\/\/magazineluxe.com\/fr\/#\/schema\/person\/8adc55c929911b0b55d79cb0e89a2078"},"headline":"Une maison ancestrale reconvertie en firme d&rsquo;architecture","datePublished":"2013-05-27T14:19:36+00:00","dateModified":"2019-10-15T22:40:35+00:00","mainEntityOfPage":{"@id":"https:\/\/magazineluxe.com\/fr\/une-maison-ancestrale-reconvertie-en-firme-darchitecture\/"},"wordCount":980,"image":{"@id":"https:\/\/magazineluxe.com\/fr\/une-maison-ancestrale-reconvertie-en-firme-darchitecture\/#primaryimage"},"thumbnailUrl":"https:\/\/magazineluxe.com\/wp-content\/uploads\/2013\/05\/Exterieur-4-2.jpg","articleSection":["Immobilier"],"inLanguage":"fr-FR"},{"@type":"WebPage","@id":"https:\/\/magazineluxe.com\/fr\/une-maison-ancestrale-reconvertie-en-firme-darchitecture\/","url":"https:\/\/magazineluxe.com\/fr\/une-maison-ancestrale-reconvertie-en-firme-darchitecture\/","name":"Une maison ancestrale reconvertie en firme d'architecture - MAGAZINE LUXE - Immobilier | Design | Art de vivre","isPartOf":{"@id":"https:\/\/magazineluxe.com\/fr\/#website"},"primaryImageOfPage":{"@id":"https:\/\/magazineluxe.com\/fr\/une-maison-ancestrale-reconvertie-en-firme-darchitecture\/#primaryimage"},"image":{"@id":"https:\/\/magazineluxe.com\/fr\/une-maison-ancestrale-reconvertie-en-firme-darchitecture\/#primaryimage"},"thumbnailUrl":"https:\/\/magazineluxe.com\/wp-content\/uploads\/2013\/05\/Exterieur-4-2.jpg","datePublished":"2013-05-27T14:19:36+00:00","dateModified":"2019-10-15T22:40:35+00:00","author":{"@id":"https:\/\/magazineluxe.com\/fr\/#\/schema\/person\/8adc55c929911b0b55d79cb0e89a2078"},"breadcrumb":{"@id":"https:\/\/magazineluxe.com\/fr\/une-maison-ancestrale-reconvertie-en-firme-darchitecture\/#breadcrumb"},"inLanguage":"fr-FR","potentialAction":[{"@type":"ReadAction","target":["https:\/\/magazineluxe.com\/fr\/une-maison-ancestrale-reconvertie-en-firme-darchitecture\/"]}]},{"@type":"ImageObject","inLanguage":"fr-FR","@id":"https:\/\/magazineluxe.com\/fr\/une-maison-ancestrale-reconvertie-en-firme-darchitecture\/#primaryimage","url":"https:\/\/magazineluxe.com\/wp-content\/uploads\/2013\/05\/Exterieur-4-2.jpg","contentUrl":"https:\/\/magazineluxe.com\/wp-content\/uploads\/2013\/05\/Exterieur-4-2.jpg","width":"1024","height":"684"},{"@type":"BreadcrumbList","@id":"https:\/\/magazineluxe.com\/fr\/une-maison-ancestrale-reconvertie-en-firme-darchitecture\/#breadcrumb","itemListElement":[{"@type":"ListItem","position":1,"name":"Accueil","item":"https:\/\/magazineluxe.com\/fr\/"},{"@type":"ListItem","position":2,"name":"Une maison ancestrale reconvertie en firme d&rsquo;architecture"}]},{"@type":"WebSite","@id":"https:\/\/magazineluxe.com\/fr\/#website","url":"https:\/\/magazineluxe.com\/fr\/","name":"MAGAZINE LUXE - Immobilier | Design | Art de vivre","description":"MAGAZINE LUXE - Immobilier | Design | Art de vivre","potentialAction":[{"@type":"SearchAction","target":{"@type":"EntryPoint","urlTemplate":"https:\/\/magazineluxe.com\/fr\/?s={search_term_string}"},"query-input":{"@type":"PropertyValueSpecification","valueRequired":true,"valueName":"search_term_string"}}],"inLanguage":"fr-FR"},{"@type":"Person","@id":"https:\/\/magazineluxe.com\/fr\/#\/schema\/person\/8adc55c929911b0b55d79cb0e89a2078","name":"\u00c2tma","image":{"@type":"ImageObject","inLanguage":"fr-FR","@id":"https:\/\/secure.gravatar.com\/avatar\/8f040abb094cad542949c1488512389277711ac5ee0e395bbebaa2573f7a2377?s=96&d=mm&r=g","url":"https:\/\/secure.gravatar.com\/avatar\/8f040abb094cad542949c1488512389277711ac5ee0e395bbebaa2573f7a2377?s=96&d=mm&r=g","contentUrl":"https:\/\/secure.gravatar.com\/avatar\/8f040abb094cad542949c1488512389277711ac5ee0e395bbebaa2573f7a2377?s=96&d=mm&r=g","caption":"\u00c2tma"},"url":"https:\/\/magazineluxe.com\/fr\/author\/atma\/"}]}},"_links":{"self":[{"href":"https:\/\/magazineluxe.com\/fr\/wp-json\/wp\/v2\/posts\/5588","targetHints":{"allow":["GET"]}}],"collection":[{"href":"https:\/\/magazineluxe.com\/fr\/wp-json\/wp\/v2\/posts"}],"about":[{"href":"https:\/\/magazineluxe.com\/fr\/wp-json\/wp\/v2\/types\/post"}],"author":[{"embeddable":true,"href":"https:\/\/magazineluxe.com\/fr\/wp-json\/wp\/v2\/users\/710"}],"replies":[{"embeddable":true,"href":"https:\/\/magazineluxe.com\/fr\/wp-json\/wp\/v2\/comments?post=5588"}],"version-history":[{"count":5,"href":"https:\/\/magazineluxe.com\/fr\/wp-json\/wp\/v2\/posts\/5588\/revisions"}],"predecessor-version":[{"id":13161,"href":"https:\/\/magazineluxe.com\/fr\/wp-json\/wp\/v2\/posts\/5588\/revisions\/13161"}],"wp:featuredmedia":[{"embeddable":true,"href":"https:\/\/magazineluxe.com\/fr\/wp-json\/wp\/v2\/media\/5589"}],"wp:attachment":[{"href":"https:\/\/magazineluxe.com\/fr\/wp-json\/wp\/v2\/media?parent=5588"}],"wp:term":[{"taxonomy":"category","embeddable":true,"href":"https:\/\/magazineluxe.com\/fr\/wp-json\/wp\/v2\/categories?post=5588"},{"taxonomy":"post_tag","embeddable":true,"href":"https:\/\/magazineluxe.com\/fr\/wp-json\/wp\/v2\/tags?post=5588"}],"curies":[{"name":"wp","href":"https:\/\/api.w.org\/{rel}","templated":true}]}}