{"id":6811,"date":"2014-07-09T10:28:37","date_gmt":"2014-07-09T10:28:37","guid":{"rendered":"http:\/\/magazineluxe.com\/\/?p=6811"},"modified":"2019-10-16T15:18:43","modified_gmt":"2019-10-16T19:18:43","slug":"un-hotel-particulier-en-plein-coeur-de-rosemere","status":"publish","type":"post","link":"https:\/\/magazineluxe.com\/fr\/un-hotel-particulier-en-plein-coeur-de-rosemere\/","title":{"rendered":"Un h\u00f4tel particulier en plein coeur de Rosem\u00e8re"},"content":{"rendered":"<p align=\"LEFT\"><strong>Nich\u00e9e dans un cul-de-sac donnant acc\u00e8s au bord de l\u2019eau, cette magnifique propri\u00e9t\u00e9 de Rosem\u00e8re ressemble \u00e0 s\u2019y m\u00e9prendre aux h\u00f4tels particuliers parisiens. Pour arriver \u00e0 un tel r\u00e9sultat, il a fallu l\u2019expertise d\u2019Avac B\u00e9ton et l\u2019implication d\u2019une propri\u00e9taire bien pr\u00e9par\u00e9e.<\/strong><\/p>\n<p align=\"LEFT\">Lorsqu\u2019il s\u2019agit de parler de sa nouvelle demeure, la propri\u00e9taire s\u2019enflamme. Et pour cause, avant m\u00eame d\u2019acqu\u00e9rir le terrain, un r\u00eave lui trottait dans la t\u00eate : faire b\u00e2tir un h\u00f4tel particulier, comme on en trouve en Europe. \u00ab Apr\u00e8s un voyage en France, je voulais d\u00e9m\u00e9nager l\u00e0-bas, mais c\u2019\u00e9tait trop compliqu\u00e9. J\u2019ai donc pris les choses autrement : j\u2019ai fait venir la France ici! \u00bb, se souvient-elle en riant. Pendant des ann\u00e9es, elle a scrupuleusement recueilli dans les magazines l\u2019information lui permettant de concr\u00e9tiser son r\u00eave. \u00ab Rien que pour les fen\u00eatres, j\u2019ai d\u00e9coup\u00e9 au moins une centaine de mod\u00e8les afin de faire ma s\u00e9lection. \u00bb aussi, quand elle a rencontr\u00e9 l\u2019\u00e9quipe d\u2019Avac B\u00e9ton, elle savait parfaitement ce qu\u2019elle voulait, du nombre de pi\u00e8ces aux moulures, en passant par le type de portes. Avac B\u00e9ton lui a conseill\u00e9 une excellente architecte, Dominique Valiquette de la Caravane d\u2019architecture, sp\u00e9cialis\u00e9 dans les constructions haut de gamme.<\/p>\n<h3 align=\"LEFT\">Des panneaux robustes adapt\u00e9s au climat<\/h3>\n<p>Gr\u00e2ce aux panneaux pr\u00e9fabriqu\u00e9s en usine et con\u00e7us sur mesure, la structure a \u00e9t\u00e9 mont\u00e9e rapidement et l\u2019assemblage s\u2019est fait facilement. \u00ab Pour la fa\u00e7ade, afin de combiner des \u00e9l\u00e9ments structuraux solides \u00e0 une esth\u00e9tique europ\u00e9enne, nous avons d\u00fb relever un d\u00e9fi de taille. Nous avons ainsi habill\u00e9 des poutres de m\u00e9tal avec des moulures de fen\u00eatre. Au-dessus de l\u2019entr\u00e9e principale, nous avons ajout\u00e9 un second balconnet pour souligner l\u2019importance de l\u2019entr\u00e9e principale \u00bb, commente Virginie Leclerc, directrice d\u2019Avac B\u00e9ton.<\/p>\n<p>Toute la maison a \u00e9t\u00e9 parfaitement insonoris\u00e9e et isol\u00e9e du froid. Compos\u00e9s d\u2019ur\u00e9thane gicl\u00e9, les panneaux qui font la r\u00e9putation d\u2019Avac B\u00e9ton sont \u00e9galement \u00e9co\u00e9nerg\u00e9tiques. Comme l\u2019isolation est en continu et sans pont thermique, aucune condensation ne se produit, \u00e9vitant toute moisissure.<\/p>\n<h3 align=\"LEFT\">Un savoureux m\u00e9lange de classicisme et de modernit\u00e9<\/h3>\n<p>Une fois la construction termin\u00e9e, la propri\u00e9taire a fait appel \u00e0 Marc Lessard, pr\u00e9sident de la firme de d\u00e9coration d\u2019int\u00e9rieur les arts D\u00e9coratifs. \u00ab Je voulais combiner le cachet de l\u2019ancien au confort de la modernit\u00e9. Ainsi, partout dans la maison, les moulures, les portes de style classique et l\u2019escalier typiquement europ\u00e9en c\u00f4toient les \u00e9tag\u00e8res en verre et les meubles en noyer, d\u2019allure tr\u00e8s contemporaine. \u00bb Au sol, une superbe c\u00e9ramique beige et gris court sur les 7 000 pieds carr\u00e9s de surface habitable.<\/p>\n<p>Au total, la maison compte deux \u00e9tages avec un sous-sol et un grenier abritant le cin\u00e9ma maison. M\u00e8re d\u2019un b\u00e9b\u00e9 de onze mois et poss\u00e9dant des animaux, la propri\u00e9taire voulait un int\u00e9rieur de choix, mais qui soit aussi fonctionnel et pratique. la cuisine, \u00e9quip\u00e9e des appareils dernier cri et munie d\u2019un grand \u00eelot surmont\u00e9 d\u2019une cr\u00e9dence, en est un bon exemple.<\/p>\n<p>L\u2019autre priorit\u00e9 \u00e9tait de laisser passer la lumi\u00e8re au maximum. La salle \u00e0 manger et le salon poss\u00e8dent ainsi une immense fenestration, tandis qu\u2019\u00e0 l\u2019\u00e9tage la plus grande des quatre chambres, inond\u00e9e de lumi\u00e8re, communique avec la terrasse.<\/p>\n<p>Enfin, le conjoint de la propri\u00e9taire, passionn\u00e9 de chasse, souhaitait avoir un espace sp\u00e9cialement consacr\u00e9 \u00e0 son activit\u00e9 favorite. Une pi\u00e8ce au sous-sol a donc \u00e9t\u00e9 am\u00e9nag\u00e9e. Juste \u00e0 c\u00f4t\u00e9, on a construit pour les invit\u00e9s un logement ind\u00e9pendant. Aussi, cerise sur le g\u00e2teau, pour faciliter les all\u00e9es et venues, la propri\u00e9t\u00e9 a \u00e9t\u00e9 pourvue d\u2019un ascenseur.<\/p>\n<p>Le r\u00e9sultat est-il \u00e0 la hauteur du r\u00eave? \u00ab Oui, parfaitement! Notre exp\u00e9rience avec avac B\u00e9ton a \u00e9t\u00e9 tr\u00e8s positive. Ma maison correspond exactement \u00e0 ce que j\u2019avais en t\u00eate. \u00bb<\/p>\n\n\t\t<style type=\"text\/css\">\n\t\t\t#gallery-1 {\n\t\t\t\tmargin: auto;\n\t\t\t}\n\t\t\t#gallery-1 .gallery-item {\n\t\t\t\tfloat: left;\n\t\t\t\tmargin-top: 10px;\n\t\t\t\ttext-align: center;\n\t\t\t\twidth: 33%;\n\t\t\t}\n\t\t\t#gallery-1 img {\n\t\t\t\tborder: 2px solid #cfcfcf;\n\t\t\t}\n\t\t\t#gallery-1 .gallery-caption {\n\t\t\t\tmargin-left: 0;\n\t\t\t}\n\t\t\t\/* see gallery_shortcode() in wp-includes\/media.php *\/\n\t\t<\/style>\n\t\t<div id='gallery-1' class='gallery galleryid-6811 gallery-columns-3 gallery-size-thumbnail'><dl class='gallery-item'>\n\t\t\t<dt class='gallery-icon landscape'>\n\t\t\t\t<a href='https:\/\/magazineluxe.com\/wp-content\/uploads\/2014\/07\/Avac.jpg'><img loading=\"lazy\" decoding=\"async\" width=\"150\" height=\"150\" src=\"https:\/\/magazineluxe.com\/wp-content\/uploads\/2014\/07\/Avac-150x150.jpg\" class=\"attachment-thumbnail size-thumbnail\" alt=\"\" srcset=\"https:\/\/magazineluxe.com\/wp-content\/uploads\/2014\/07\/Avac-150x150.jpg 150w, https:\/\/magazineluxe.com\/wp-content\/uploads\/2014\/07\/Avac-60x60.jpg 60w, https:\/\/magazineluxe.com\/wp-content\/uploads\/2014\/07\/Avac-180x180.jpg 180w\" sizes=\"auto, (max-width: 150px) 100vw, 150px\" \/><\/a>\n\t\t\t<\/dt><\/dl><dl class='gallery-item'>\n\t\t\t<dt class='gallery-icon landscape'>\n\t\t\t\t<a href='https:\/\/magazineluxe.com\/wp-content\/uploads\/2014\/07\/Avac-sam.jpg'><img loading=\"lazy\" decoding=\"async\" width=\"150\" height=\"150\" src=\"https:\/\/magazineluxe.com\/wp-content\/uploads\/2014\/07\/Avac-sam-150x150.jpg\" class=\"attachment-thumbnail size-thumbnail\" alt=\"\" srcset=\"https:\/\/magazineluxe.com\/wp-content\/uploads\/2014\/07\/Avac-sam-150x150.jpg 150w, https:\/\/magazineluxe.com\/wp-content\/uploads\/2014\/07\/Avac-sam-60x60.jpg 60w, https:\/\/magazineluxe.com\/wp-content\/uploads\/2014\/07\/Avac-sam-180x180.jpg 180w\" sizes=\"auto, (max-width: 150px) 100vw, 150px\" \/><\/a>\n\t\t\t<\/dt><\/dl><dl class='gallery-item'>\n\t\t\t<dt class='gallery-icon landscape'>\n\t\t\t\t<a href='https:\/\/magazineluxe.com\/wp-content\/uploads\/2014\/07\/Avac-cuisine.jpg'><img loading=\"lazy\" decoding=\"async\" width=\"150\" height=\"150\" src=\"https:\/\/magazineluxe.com\/wp-content\/uploads\/2014\/07\/Avac-cuisine-150x150.jpg\" class=\"attachment-thumbnail size-thumbnail\" alt=\"\" srcset=\"https:\/\/magazineluxe.com\/wp-content\/uploads\/2014\/07\/Avac-cuisine-150x150.jpg 150w, https:\/\/magazineluxe.com\/wp-content\/uploads\/2014\/07\/Avac-cuisine-60x60.jpg 60w, https:\/\/magazineluxe.com\/wp-content\/uploads\/2014\/07\/Avac-cuisine-180x180.jpg 180w\" sizes=\"auto, (max-width: 150px) 100vw, 150px\" \/><\/a>\n\t\t\t<\/dt><\/dl><br style=\"clear: both\" \/>\n\t\t<\/div>\n\n<h5>Avac B\u00e9ton<br \/>\n77, rue St-Jude Sud<br \/>\nGranby<br \/>\nT\u00e9l. : 450 378-9995<br \/>\n<a href=\"http:\/\/www.avacbeton.com\" target=\"_blank\" rel=\"noopener noreferrer\">www.avacbeton.com<\/a><\/h5>\n<p>Texte : Diane Stehle<\/p>\n<h5 align=\"LEFT\"><em>\u00a0<\/em><\/h5>\n","protected":false},"excerpt":{"rendered":"<p>Nich\u00e9e dans un cul-de-sac donnant acc\u00e8s au bord de l\u2019eau, cette magnifique propri\u00e9t\u00e9 de Rosem\u00e8re ressemble \u00e0 s\u2019y m\u00e9prendre aux h\u00f4tels particuliers parisiens. Pour arriver \u00e0 un tel r\u00e9sultat, il a fallu l\u2019expertise d\u2019Avac B\u00e9ton et l\u2019implication d\u2019une propri\u00e9taire bien pr\u00e9par\u00e9e. Lorsqu\u2019il s\u2019agit de parler de sa nouvelle demeure, la propri\u00e9taire s\u2019enflamme. Et pour cause, avant m\u00eame d\u2019acqu\u00e9rir le terrain, un r\u00eave lui trottait dans la t\u00eate : faire b\u00e2tir un h\u00f4tel particulier, comme on en trouve en Europe. \u00ab Apr\u00e8s un voyage en France, je voulais d\u00e9m\u00e9nager l\u00e0-bas, mais c\u2019\u00e9tait trop compliqu\u00e9. J\u2019ai donc pris les choses autrement : j\u2019ai fait venir la France ici! \u00bb, se souvient-elle en riant. Pendant des ann\u00e9es, elle a scrupuleusement recueilli dans les magazines l\u2019information lui permettant de concr\u00e9tiser son r\u00eave. \u00ab Rien que pour les fen\u00eatres, j\u2019ai d\u00e9coup\u00e9 au moins une centaine de mod\u00e8les afin de faire ma s\u00e9lection. \u00bb aussi, quand elle a rencontr\u00e9 l\u2019\u00e9quipe d\u2019Avac B\u00e9ton, elle savait parfaitement ce qu\u2019elle voulait, du nombre de pi\u00e8ces aux moulures, en passant par le type de portes. Avac B\u00e9ton lui a conseill\u00e9 une excellente architecte, Dominique Valiquette de la Caravane d\u2019architecture, sp\u00e9cialis\u00e9 dans les constructions haut de gamme. Des panneaux robustes adapt\u00e9s [&hellip;]<\/p>\n","protected":false},"author":710,"featured_media":6813,"comment_status":"closed","ping_status":"closed","sticky":false,"template":"","format":"standard","meta":{"_monsterinsights_skip_tracking":false,"_monsterinsights_sitenote_active":false,"_monsterinsights_sitenote_note":"","_monsterinsights_sitenote_category":0,"footnotes":""},"categories":[4],"tags":[890,891],"class_list":["post-6811","post","type-post","status-publish","format-standard","has-post-thumbnail","hentry","category-immobilier","tag-avac","tag-avac-beton"],"yoast_head":"<!-- This site is optimized with the Yoast SEO plugin v27.4 - https:\/\/yoast.com\/product\/yoast-seo-wordpress\/ -->\n<title>Un h\u00f4tel particulier en plein coeur de Rosem\u00e8re - MAGAZINE LUXE - Immobilier | Design | Art de vivre<\/title>\n<meta name=\"robots\" content=\"index, follow, max-snippet:-1, max-image-preview:large, max-video-preview:-1\" \/>\n<link rel=\"canonical\" href=\"https:\/\/magazineluxe.com\/fr\/un-hotel-particulier-en-plein-coeur-de-rosemere\/\" \/>\n<meta property=\"og:locale\" content=\"fr_FR\" \/>\n<meta property=\"og:type\" content=\"article\" \/>\n<meta property=\"og:title\" content=\"Un h\u00f4tel particulier en plein coeur de Rosem\u00e8re - MAGAZINE LUXE - Immobilier | Design | Art de vivre\" \/>\n<meta property=\"og:description\" content=\"Nich\u00e9e dans un cul-de-sac donnant acc\u00e8s au bord de l\u2019eau, cette magnifique propri\u00e9t\u00e9 de Rosem\u00e8re ressemble \u00e0 s\u2019y m\u00e9prendre aux h\u00f4tels particuliers parisiens. Pour arriver \u00e0 un tel r\u00e9sultat, il a fallu l\u2019expertise d\u2019Avac B\u00e9ton et l\u2019implication d\u2019une propri\u00e9taire bien pr\u00e9par\u00e9e. Lorsqu\u2019il s\u2019agit de parler de sa nouvelle demeure, la propri\u00e9taire s\u2019enflamme. Et pour cause, avant m\u00eame d\u2019acqu\u00e9rir le terrain, un r\u00eave lui trottait dans la t\u00eate : faire b\u00e2tir un h\u00f4tel particulier, comme on en trouve en Europe. \u00ab Apr\u00e8s un voyage en France, je voulais d\u00e9m\u00e9nager l\u00e0-bas, mais c\u2019\u00e9tait trop compliqu\u00e9. J\u2019ai donc pris les choses autrement : j\u2019ai fait venir la France ici! \u00bb, se souvient-elle en riant. Pendant des ann\u00e9es, elle a scrupuleusement recueilli dans les magazines l\u2019information lui permettant de concr\u00e9tiser son r\u00eave. \u00ab Rien que pour les fen\u00eatres, j\u2019ai d\u00e9coup\u00e9 au moins une centaine de mod\u00e8les afin de faire ma s\u00e9lection. \u00bb aussi, quand elle a rencontr\u00e9 l\u2019\u00e9quipe d\u2019Avac B\u00e9ton, elle savait parfaitement ce qu\u2019elle voulait, du nombre de pi\u00e8ces aux moulures, en passant par le type de portes. Avac B\u00e9ton lui a conseill\u00e9 une excellente architecte, Dominique Valiquette de la Caravane d\u2019architecture, sp\u00e9cialis\u00e9 dans les constructions haut de gamme. Des panneaux robustes adapt\u00e9s [&hellip;]\" \/>\n<meta property=\"og:url\" content=\"https:\/\/magazineluxe.com\/fr\/un-hotel-particulier-en-plein-coeur-de-rosemere\/\" \/>\n<meta property=\"og:site_name\" content=\"MAGAZINE LUXE - Immobilier | Design | Art de vivre\" \/>\n<meta property=\"article:published_time\" content=\"2014-07-09T10:28:37+00:00\" \/>\n<meta property=\"article:modified_time\" content=\"2019-10-16T19:18:43+00:00\" \/>\n<meta property=\"og:image\" content=\"https:\/\/magazineluxe.com\/wp-content\/uploads\/2014\/07\/AVAC.jpg\" \/>\n\t<meta property=\"og:image:width\" content=\"1200\" \/>\n\t<meta property=\"og:image:height\" content=\"800\" \/>\n\t<meta property=\"og:image:type\" content=\"image\/jpeg\" \/>\n<meta name=\"author\" content=\"\u00c2tma\" \/>\n<meta name=\"twitter:card\" content=\"summary_large_image\" \/>\n<meta name=\"twitter:label1\" content=\"\u00c9crit par\" \/>\n\t<meta name=\"twitter:data1\" content=\"\u00c2tma\" \/>\n\t<meta name=\"twitter:label2\" content=\"Dur\u00e9e de lecture estim\u00e9e\" \/>\n\t<meta name=\"twitter:data2\" content=\"4 minutes\" \/>\n<script type=\"application\/ld+json\" class=\"yoast-schema-graph\">{\"@context\":\"https:\\\/\\\/schema.org\",\"@graph\":[{\"@type\":\"Article\",\"@id\":\"https:\\\/\\\/magazineluxe.com\\\/fr\\\/un-hotel-particulier-en-plein-coeur-de-rosemere\\\/#article\",\"isPartOf\":{\"@id\":\"https:\\\/\\\/magazineluxe.com\\\/fr\\\/un-hotel-particulier-en-plein-coeur-de-rosemere\\\/\"},\"author\":{\"name\":\"\u00c2tma\",\"@id\":\"https:\\\/\\\/magazineluxe.com\\\/fr\\\/#\\\/schema\\\/person\\\/8adc55c929911b0b55d79cb0e89a2078\"},\"headline\":\"Un h\u00f4tel particulier en plein coeur de Rosem\u00e8re\",\"datePublished\":\"2014-07-09T10:28:37+00:00\",\"dateModified\":\"2019-10-16T19:18:43+00:00\",\"mainEntityOfPage\":{\"@id\":\"https:\\\/\\\/magazineluxe.com\\\/fr\\\/un-hotel-particulier-en-plein-coeur-de-rosemere\\\/\"},\"wordCount\":748,\"image\":{\"@id\":\"https:\\\/\\\/magazineluxe.com\\\/fr\\\/un-hotel-particulier-en-plein-coeur-de-rosemere\\\/#primaryimage\"},\"thumbnailUrl\":\"https:\\\/\\\/magazineluxe.com\\\/wp-content\\\/uploads\\\/2014\\\/07\\\/AVAC.jpg\",\"keywords\":[\"AVAC\",\"Avac b\u00e9ton\"],\"articleSection\":[\"Immobilier\"],\"inLanguage\":\"fr-FR\"},{\"@type\":\"WebPage\",\"@id\":\"https:\\\/\\\/magazineluxe.com\\\/fr\\\/un-hotel-particulier-en-plein-coeur-de-rosemere\\\/\",\"url\":\"https:\\\/\\\/magazineluxe.com\\\/fr\\\/un-hotel-particulier-en-plein-coeur-de-rosemere\\\/\",\"name\":\"Un h\u00f4tel particulier en plein coeur de Rosem\u00e8re - MAGAZINE LUXE - Immobilier | Design | Art de vivre\",\"isPartOf\":{\"@id\":\"https:\\\/\\\/magazineluxe.com\\\/fr\\\/#website\"},\"primaryImageOfPage\":{\"@id\":\"https:\\\/\\\/magazineluxe.com\\\/fr\\\/un-hotel-particulier-en-plein-coeur-de-rosemere\\\/#primaryimage\"},\"image\":{\"@id\":\"https:\\\/\\\/magazineluxe.com\\\/fr\\\/un-hotel-particulier-en-plein-coeur-de-rosemere\\\/#primaryimage\"},\"thumbnailUrl\":\"https:\\\/\\\/magazineluxe.com\\\/wp-content\\\/uploads\\\/2014\\\/07\\\/AVAC.jpg\",\"datePublished\":\"2014-07-09T10:28:37+00:00\",\"dateModified\":\"2019-10-16T19:18:43+00:00\",\"author\":{\"@id\":\"https:\\\/\\\/magazineluxe.com\\\/fr\\\/#\\\/schema\\\/person\\\/8adc55c929911b0b55d79cb0e89a2078\"},\"breadcrumb\":{\"@id\":\"https:\\\/\\\/magazineluxe.com\\\/fr\\\/un-hotel-particulier-en-plein-coeur-de-rosemere\\\/#breadcrumb\"},\"inLanguage\":\"fr-FR\",\"potentialAction\":[{\"@type\":\"ReadAction\",\"target\":[\"https:\\\/\\\/magazineluxe.com\\\/fr\\\/un-hotel-particulier-en-plein-coeur-de-rosemere\\\/\"]}]},{\"@type\":\"ImageObject\",\"inLanguage\":\"fr-FR\",\"@id\":\"https:\\\/\\\/magazineluxe.com\\\/fr\\\/un-hotel-particulier-en-plein-coeur-de-rosemere\\\/#primaryimage\",\"url\":\"https:\\\/\\\/magazineluxe.com\\\/wp-content\\\/uploads\\\/2014\\\/07\\\/AVAC.jpg\",\"contentUrl\":\"https:\\\/\\\/magazineluxe.com\\\/wp-content\\\/uploads\\\/2014\\\/07\\\/AVAC.jpg\",\"width\":\"1200\",\"height\":\"800\"},{\"@type\":\"BreadcrumbList\",\"@id\":\"https:\\\/\\\/magazineluxe.com\\\/fr\\\/un-hotel-particulier-en-plein-coeur-de-rosemere\\\/#breadcrumb\",\"itemListElement\":[{\"@type\":\"ListItem\",\"position\":1,\"name\":\"Accueil\",\"item\":\"https:\\\/\\\/magazineluxe.com\\\/fr\\\/\"},{\"@type\":\"ListItem\",\"position\":2,\"name\":\"Un h\u00f4tel particulier en plein coeur de Rosem\u00e8re\"}]},{\"@type\":\"WebSite\",\"@id\":\"https:\\\/\\\/magazineluxe.com\\\/fr\\\/#website\",\"url\":\"https:\\\/\\\/magazineluxe.com\\\/fr\\\/\",\"name\":\"MAGAZINE LUXE - Immobilier | Design | Art de vivre\",\"description\":\"MAGAZINE LUXE - Immobilier | Design | Art de vivre\",\"potentialAction\":[{\"@type\":\"SearchAction\",\"target\":{\"@type\":\"EntryPoint\",\"urlTemplate\":\"https:\\\/\\\/magazineluxe.com\\\/fr\\\/?s={search_term_string}\"},\"query-input\":{\"@type\":\"PropertyValueSpecification\",\"valueRequired\":true,\"valueName\":\"search_term_string\"}}],\"inLanguage\":\"fr-FR\"},{\"@type\":\"Person\",\"@id\":\"https:\\\/\\\/magazineluxe.com\\\/fr\\\/#\\\/schema\\\/person\\\/8adc55c929911b0b55d79cb0e89a2078\",\"name\":\"\u00c2tma\",\"image\":{\"@type\":\"ImageObject\",\"inLanguage\":\"fr-FR\",\"@id\":\"https:\\\/\\\/secure.gravatar.com\\\/avatar\\\/8f040abb094cad542949c1488512389277711ac5ee0e395bbebaa2573f7a2377?s=96&d=mm&r=g\",\"url\":\"https:\\\/\\\/secure.gravatar.com\\\/avatar\\\/8f040abb094cad542949c1488512389277711ac5ee0e395bbebaa2573f7a2377?s=96&d=mm&r=g\",\"contentUrl\":\"https:\\\/\\\/secure.gravatar.com\\\/avatar\\\/8f040abb094cad542949c1488512389277711ac5ee0e395bbebaa2573f7a2377?s=96&d=mm&r=g\",\"caption\":\"\u00c2tma\"},\"url\":\"https:\\\/\\\/magazineluxe.com\\\/fr\\\/author\\\/atma\\\/\"}]}<\/script>\n<!-- \/ Yoast SEO plugin. -->","yoast_head_json":{"title":"Un h\u00f4tel particulier en plein coeur de Rosem\u00e8re - MAGAZINE LUXE - Immobilier | Design | Art de vivre","robots":{"index":"index","follow":"follow","max-snippet":"max-snippet:-1","max-image-preview":"max-image-preview:large","max-video-preview":"max-video-preview:-1"},"canonical":"https:\/\/magazineluxe.com\/fr\/un-hotel-particulier-en-plein-coeur-de-rosemere\/","og_locale":"fr_FR","og_type":"article","og_title":"Un h\u00f4tel particulier en plein coeur de Rosem\u00e8re - MAGAZINE LUXE - Immobilier | Design | Art de vivre","og_description":"Nich\u00e9e dans un cul-de-sac donnant acc\u00e8s au bord de l\u2019eau, cette magnifique propri\u00e9t\u00e9 de Rosem\u00e8re ressemble \u00e0 s\u2019y m\u00e9prendre aux h\u00f4tels particuliers parisiens. Pour arriver \u00e0 un tel r\u00e9sultat, il a fallu l\u2019expertise d\u2019Avac B\u00e9ton et l\u2019implication d\u2019une propri\u00e9taire bien pr\u00e9par\u00e9e. Lorsqu\u2019il s\u2019agit de parler de sa nouvelle demeure, la propri\u00e9taire s\u2019enflamme. Et pour cause, avant m\u00eame d\u2019acqu\u00e9rir le terrain, un r\u00eave lui trottait dans la t\u00eate : faire b\u00e2tir un h\u00f4tel particulier, comme on en trouve en Europe. \u00ab Apr\u00e8s un voyage en France, je voulais d\u00e9m\u00e9nager l\u00e0-bas, mais c\u2019\u00e9tait trop compliqu\u00e9. J\u2019ai donc pris les choses autrement : j\u2019ai fait venir la France ici! \u00bb, se souvient-elle en riant. Pendant des ann\u00e9es, elle a scrupuleusement recueilli dans les magazines l\u2019information lui permettant de concr\u00e9tiser son r\u00eave. \u00ab Rien que pour les fen\u00eatres, j\u2019ai d\u00e9coup\u00e9 au moins une centaine de mod\u00e8les afin de faire ma s\u00e9lection. \u00bb aussi, quand elle a rencontr\u00e9 l\u2019\u00e9quipe d\u2019Avac B\u00e9ton, elle savait parfaitement ce qu\u2019elle voulait, du nombre de pi\u00e8ces aux moulures, en passant par le type de portes. Avac B\u00e9ton lui a conseill\u00e9 une excellente architecte, Dominique Valiquette de la Caravane d\u2019architecture, sp\u00e9cialis\u00e9 dans les constructions haut de gamme. Des panneaux robustes adapt\u00e9s [&hellip;]","og_url":"https:\/\/magazineluxe.com\/fr\/un-hotel-particulier-en-plein-coeur-de-rosemere\/","og_site_name":"MAGAZINE LUXE - Immobilier | Design | Art de vivre","article_published_time":"2014-07-09T10:28:37+00:00","article_modified_time":"2019-10-16T19:18:43+00:00","og_image":[{"width":1200,"height":800,"url":"https:\/\/magazineluxe.com\/wp-content\/uploads\/2014\/07\/AVAC.jpg","type":"image\/jpeg"}],"author":"\u00c2tma","twitter_card":"summary_large_image","twitter_misc":{"\u00c9crit par":"\u00c2tma","Dur\u00e9e de lecture estim\u00e9e":"4 minutes"},"schema":{"@context":"https:\/\/schema.org","@graph":[{"@type":"Article","@id":"https:\/\/magazineluxe.com\/fr\/un-hotel-particulier-en-plein-coeur-de-rosemere\/#article","isPartOf":{"@id":"https:\/\/magazineluxe.com\/fr\/un-hotel-particulier-en-plein-coeur-de-rosemere\/"},"author":{"name":"\u00c2tma","@id":"https:\/\/magazineluxe.com\/fr\/#\/schema\/person\/8adc55c929911b0b55d79cb0e89a2078"},"headline":"Un h\u00f4tel particulier en plein coeur de Rosem\u00e8re","datePublished":"2014-07-09T10:28:37+00:00","dateModified":"2019-10-16T19:18:43+00:00","mainEntityOfPage":{"@id":"https:\/\/magazineluxe.com\/fr\/un-hotel-particulier-en-plein-coeur-de-rosemere\/"},"wordCount":748,"image":{"@id":"https:\/\/magazineluxe.com\/fr\/un-hotel-particulier-en-plein-coeur-de-rosemere\/#primaryimage"},"thumbnailUrl":"https:\/\/magazineluxe.com\/wp-content\/uploads\/2014\/07\/AVAC.jpg","keywords":["AVAC","Avac b\u00e9ton"],"articleSection":["Immobilier"],"inLanguage":"fr-FR"},{"@type":"WebPage","@id":"https:\/\/magazineluxe.com\/fr\/un-hotel-particulier-en-plein-coeur-de-rosemere\/","url":"https:\/\/magazineluxe.com\/fr\/un-hotel-particulier-en-plein-coeur-de-rosemere\/","name":"Un h\u00f4tel particulier en plein coeur de Rosem\u00e8re - MAGAZINE LUXE - Immobilier | Design | Art de vivre","isPartOf":{"@id":"https:\/\/magazineluxe.com\/fr\/#website"},"primaryImageOfPage":{"@id":"https:\/\/magazineluxe.com\/fr\/un-hotel-particulier-en-plein-coeur-de-rosemere\/#primaryimage"},"image":{"@id":"https:\/\/magazineluxe.com\/fr\/un-hotel-particulier-en-plein-coeur-de-rosemere\/#primaryimage"},"thumbnailUrl":"https:\/\/magazineluxe.com\/wp-content\/uploads\/2014\/07\/AVAC.jpg","datePublished":"2014-07-09T10:28:37+00:00","dateModified":"2019-10-16T19:18:43+00:00","author":{"@id":"https:\/\/magazineluxe.com\/fr\/#\/schema\/person\/8adc55c929911b0b55d79cb0e89a2078"},"breadcrumb":{"@id":"https:\/\/magazineluxe.com\/fr\/un-hotel-particulier-en-plein-coeur-de-rosemere\/#breadcrumb"},"inLanguage":"fr-FR","potentialAction":[{"@type":"ReadAction","target":["https:\/\/magazineluxe.com\/fr\/un-hotel-particulier-en-plein-coeur-de-rosemere\/"]}]},{"@type":"ImageObject","inLanguage":"fr-FR","@id":"https:\/\/magazineluxe.com\/fr\/un-hotel-particulier-en-plein-coeur-de-rosemere\/#primaryimage","url":"https:\/\/magazineluxe.com\/wp-content\/uploads\/2014\/07\/AVAC.jpg","contentUrl":"https:\/\/magazineluxe.com\/wp-content\/uploads\/2014\/07\/AVAC.jpg","width":"1200","height":"800"},{"@type":"BreadcrumbList","@id":"https:\/\/magazineluxe.com\/fr\/un-hotel-particulier-en-plein-coeur-de-rosemere\/#breadcrumb","itemListElement":[{"@type":"ListItem","position":1,"name":"Accueil","item":"https:\/\/magazineluxe.com\/fr\/"},{"@type":"ListItem","position":2,"name":"Un h\u00f4tel particulier en plein coeur de Rosem\u00e8re"}]},{"@type":"WebSite","@id":"https:\/\/magazineluxe.com\/fr\/#website","url":"https:\/\/magazineluxe.com\/fr\/","name":"MAGAZINE LUXE - Immobilier | Design | Art de vivre","description":"MAGAZINE LUXE - Immobilier | Design | Art de vivre","potentialAction":[{"@type":"SearchAction","target":{"@type":"EntryPoint","urlTemplate":"https:\/\/magazineluxe.com\/fr\/?s={search_term_string}"},"query-input":{"@type":"PropertyValueSpecification","valueRequired":true,"valueName":"search_term_string"}}],"inLanguage":"fr-FR"},{"@type":"Person","@id":"https:\/\/magazineluxe.com\/fr\/#\/schema\/person\/8adc55c929911b0b55d79cb0e89a2078","name":"\u00c2tma","image":{"@type":"ImageObject","inLanguage":"fr-FR","@id":"https:\/\/secure.gravatar.com\/avatar\/8f040abb094cad542949c1488512389277711ac5ee0e395bbebaa2573f7a2377?s=96&d=mm&r=g","url":"https:\/\/secure.gravatar.com\/avatar\/8f040abb094cad542949c1488512389277711ac5ee0e395bbebaa2573f7a2377?s=96&d=mm&r=g","contentUrl":"https:\/\/secure.gravatar.com\/avatar\/8f040abb094cad542949c1488512389277711ac5ee0e395bbebaa2573f7a2377?s=96&d=mm&r=g","caption":"\u00c2tma"},"url":"https:\/\/magazineluxe.com\/fr\/author\/atma\/"}]}},"_links":{"self":[{"href":"https:\/\/magazineluxe.com\/fr\/wp-json\/wp\/v2\/posts\/6811","targetHints":{"allow":["GET"]}}],"collection":[{"href":"https:\/\/magazineluxe.com\/fr\/wp-json\/wp\/v2\/posts"}],"about":[{"href":"https:\/\/magazineluxe.com\/fr\/wp-json\/wp\/v2\/types\/post"}],"author":[{"embeddable":true,"href":"https:\/\/magazineluxe.com\/fr\/wp-json\/wp\/v2\/users\/710"}],"replies":[{"embeddable":true,"href":"https:\/\/magazineluxe.com\/fr\/wp-json\/wp\/v2\/comments?post=6811"}],"version-history":[{"count":5,"href":"https:\/\/magazineluxe.com\/fr\/wp-json\/wp\/v2\/posts\/6811\/revisions"}],"predecessor-version":[{"id":13218,"href":"https:\/\/magazineluxe.com\/fr\/wp-json\/wp\/v2\/posts\/6811\/revisions\/13218"}],"wp:featuredmedia":[{"embeddable":true,"href":"https:\/\/magazineluxe.com\/fr\/wp-json\/wp\/v2\/media\/6813"}],"wp:attachment":[{"href":"https:\/\/magazineluxe.com\/fr\/wp-json\/wp\/v2\/media?parent=6811"}],"wp:term":[{"taxonomy":"category","embeddable":true,"href":"https:\/\/magazineluxe.com\/fr\/wp-json\/wp\/v2\/categories?post=6811"},{"taxonomy":"post_tag","embeddable":true,"href":"https:\/\/magazineluxe.com\/fr\/wp-json\/wp\/v2\/tags?post=6811"}],"curies":[{"name":"wp","href":"https:\/\/api.w.org\/{rel}","templated":true}]}}