{"id":7032,"date":"2014-12-03T14:30:24","date_gmt":"2014-12-03T19:30:24","guid":{"rendered":"http:\/\/magazineluxe.com\/\/?p=7032"},"modified":"2020-03-12T12:42:02","modified_gmt":"2020-03-12T16:42:02","slug":"groupe-ferreira-l-entrepreneuriat-de-pere-en-fille-une-passion-contagieuse","status":"publish","type":"post","link":"https:\/\/magazineluxe.com\/fr\/groupe-ferreira-l-entrepreneuriat-de-pere-en-fille-une-passion-contagieuse\/","title":{"rendered":"Groupe Ferreira : l\u2019entrepreneuriat de p\u00e8re en fille, une passion contagieuse"},"content":{"rendered":"<p><strong>Depuis janvier dernier, Carlos Ferreira, propri\u00e9taire des restaurants de renom Ferreira Caf\u00e9, Taverne F et Caf\u00e9 Vasco da Gama, a confi\u00e9 les activit\u00e9s quotidiennes de son groupe \u00e0 sa fille Sandra, d\u00e9sormais directrice des op\u00e9rations. Pour assurer la transition, il reste toutefois tr\u00e8s pr\u00e9sent. Dynamique et cr\u00e9ative, la jeune professionnelle compte bien poursuivre le r\u00eave de son p\u00e8re : faire du groupe Ferreira l\u2019ambassadeur de la culture gastronomique portugaise.<\/strong><\/p>\n<p>&nbsp;<\/p>\n<p>Sandra Ferreira avait sept ans lorsque le Ferreira Caf\u00e9 a ouvert ses portes. elle passait toutes ses fins de semaine au restaurant avec son p\u00e8re. \u00ab J\u2019aidais le personnel \u00e0 servir les clients, je mangeais, puis\u2026 je m\u2019endormais sous les tables! \u00bb, se rappelle la jeune femme. \u00ab Plus vieille, quand j\u2019\u00e9tais au c\u00e9gep, je travaillais l\u00e0-bas \u00e0 temps partiel comme h\u00f4tesse. J\u2019adorais \u00e7a! \u00bb les voyages forment la jeunesse. Sandra est donc partie \u00e9tudier trois ans en Pennsylvanie puis deux ans \u00e0 new York, o\u00f9 elle a travaill\u00e9 pour le magasin Macy\u2019s, comme g\u00e9rante d\u2019un rayon. Elle a ensuite occup\u00e9 un poste en marketing au sein d\u2019une start-up avant de rentrer l\u2019ann\u00e9e derni\u00e8re \u00e0 Montr\u00e9al.<\/p>\n<p>&nbsp;<\/p>\n<p>\u00ab Quand je suis revenue, j\u2019\u00e9tais pr\u00eate \u00e0 m\u2019impliquer \u00e0 100 % dans l\u2019entreprise de mon p\u00e8re. \u00bb Les premiers mois ont \u00e9t\u00e9 consacr\u00e9s \u00e0 l\u2019ouverture de la Taverne F, inaugur\u00e9e en f\u00e9vrier dernier. Situ\u00e9 en plein coeur du Quartier des spectacles, l\u2019endroit pr\u00e9sente un nouveau concept de restauration, dans une ambiance conviviale. \u00ab Notre menu est fait de <em>petiscos<\/em>, de petits plats \u00e0 partager typiquement portugais. Chacun en choisit trois ou quatre puis ils sont plac\u00e9s au centre de la table pour \u00eatre partag\u00e9s. Les<em> foodies<\/em> peuvent donc go\u00fbter \u00e0 tout \u00e0 un co\u00fbt abordable \u00bb, commente-t-elle. Id\u00e9al avant ou apr\u00e8s un spectacle, le restaurant convient aussi parfaitement \u00e0 un rendez-vous en amoureux ou entre amis.<\/p>\n<h3>Changement et continuit\u00e9<\/h3>\n<p>la Taverne F continuant sur sa lanc\u00e9e, Sandra et son p\u00e8re se consacrent aujourd\u2019hui \u00e0 restructurer le Ferreira Caf\u00e9, en collaboration avec le nouveau chef, Jo\u00e3o Dias, afin que l\u2019entreprise demeure solide dans un march\u00e9 difficile.<\/p>\n<p>&nbsp;<\/p>\n<p>Face \u00e0 la rude concurrence et \u00e0 l\u2019augmentation des co\u00fbts, il faut \u00eatre passionn\u00e9 et avoir une volont\u00e9 de fer pour g\u00e9rer un restaurant. Des qualit\u00e9s qui ont toujours anim\u00e9 Carlos Ferreira et qu\u2019il a r\u00e9ussi, visiblement, \u00e0 transmettre \u00e0 sa fille. \u00ab Comme dit mon p\u00e8re, il y a toujours place \u00e0 l\u2019am\u00e9lioration et \u00e0 l\u2019innovation. \u00bb<\/p>\n<p>&nbsp;<\/p>\n<p>Cette philosophie de l\u2019entrepreneuriat, qui permet au Ferreira Caf\u00e9 de compter, dix-neuf ans apr\u00e8s son ouverture, parmi les meilleures tables de Montr\u00e9al, Sandra l\u2019a faite sienne.<\/p>\n<p>&nbsp;<\/p>\n<p>Dans cette optique, en collaboration avec Jo\u00e3o et Cristina Garcia, la directrice des \u00e9v\u00e9nements, elle poursuit la mise en valeur du service de traiteur. le Ferreira Caf\u00e9 propose ainsi des menus enti\u00e8rement personnalis\u00e9s dans le cadre d\u2019\u00e9v\u00e9nements d\u2019envergure. Cette ann\u00e9e, il a notamment \u00e9t\u00e9 copr\u00e9sentateur de la soir\u00e9e-b\u00e9n\u00e9fice de la Fondation Sainte-Justine, parrain\u00e9e par C\u00e9line Dion.<\/p>\n<p>&nbsp;<\/p>\n<p>Confiant, Carlos Ferreira commente : \u00ab avoir une vision, c\u2019est aussi croire en une rel\u00e8ve prometteuse et savoir passer le gouvernail quand on en ressent le besoin. Aujourd\u2019hui, ma fille est sur le terrain au quotidien. De mon c\u00f4t\u00e9, je me consacre plut\u00f4t au d\u00e9veloppement de nouveaux produits et, bien s\u00fbr, je l\u2019accompagne si elle a besoin de moi. \u00bb<\/p>\n<p>&nbsp;<\/p>\n<p><a href=\"https:\/\/magazineluxe.com\/wp-content\/uploads\/2014\/12\/groupe-ferreira-3.jpg\"><img loading=\"lazy\" decoding=\"async\" class=\"aligncenter size-large wp-image-16460\" src=\"https:\/\/magazineluxe.com\/wp-content\/uploads\/2014\/12\/groupe-ferreira-3-683x1024.jpg\" alt=\"\" width=\"683\" height=\"1024\" srcset=\"https:\/\/magazineluxe.com\/wp-content\/uploads\/2014\/12\/groupe-ferreira-3-683x1024.jpg 683w, https:\/\/magazineluxe.com\/wp-content\/uploads\/2014\/12\/groupe-ferreira-3-200x300.jpg 200w, https:\/\/magazineluxe.com\/wp-content\/uploads\/2014\/12\/groupe-ferreira-3-768x1152.jpg 768w, https:\/\/magazineluxe.com\/wp-content\/uploads\/2014\/12\/groupe-ferreira-3-1024x1536.jpg 1024w, https:\/\/magazineluxe.com\/wp-content\/uploads\/2014\/12\/groupe-ferreira-3.jpg 1280w\" sizes=\"auto, (max-width: 683px) 100vw, 683px\" \/><\/a><\/p>\n<h3>Un avenir prometteur<\/h3>\n<p>Carlos Ferreira vient en effet de cr\u00e9er une gamme de vins et d\u2019huile d\u2019olive d\u2019excellente qualit\u00e9, qu\u2019il souhaite d\u00e9velopper. Pour le moment, les vins provenant de la vall\u00e9e du Douro au Portugal, sa r\u00e9gion natale, sont propos\u00e9s en importation priv\u00e9e dans tous les \u00e9tablissements du groupe.<\/p>\n<p>&nbsp;<\/p>\n<p>Toutefois, \u00e0 court terme, ils pourraient figurer sur les tablettes de la SAQ. \u00ab Nos vins sont savoureux et accessibles au grand public. Tout comme pour nos huiles d\u2019olive, nous en contr\u00f4lons la qualit\u00e9 de A \u00e0 Z. Chaque fois que nous fabriquons un produit qui porte le sceau de notre marque, nous voulons que nos clients soient satisfaits \u00e0 100 % \u00bb, dit l\u2019homme d\u2019affaires.<\/p>\n<p>&nbsp;<\/p>\n<p><a href=\"https:\/\/magazineluxe.com\/wp-content\/uploads\/2014\/12\/groupe-ferreira-2.jpg\"><img loading=\"lazy\" decoding=\"async\" class=\"aligncenter size-large wp-image-16458\" src=\"https:\/\/magazineluxe.com\/wp-content\/uploads\/2014\/12\/groupe-ferreira-2-683x1024.jpg\" alt=\"\" width=\"683\" height=\"1024\" srcset=\"https:\/\/magazineluxe.com\/wp-content\/uploads\/2014\/12\/groupe-ferreira-2-683x1024.jpg 683w, https:\/\/magazineluxe.com\/wp-content\/uploads\/2014\/12\/groupe-ferreira-2-200x300.jpg 200w, https:\/\/magazineluxe.com\/wp-content\/uploads\/2014\/12\/groupe-ferreira-2-768x1152.jpg 768w, https:\/\/magazineluxe.com\/wp-content\/uploads\/2014\/12\/groupe-ferreira-2-1024x1536.jpg 1024w, https:\/\/magazineluxe.com\/wp-content\/uploads\/2014\/12\/groupe-ferreira-2.jpg 1280w\" sizes=\"auto, (max-width: 683px) 100vw, 683px\" \/><\/a><\/p>\n<p>&nbsp;<\/p>\n<p>Pour Sandra, renforcer la marque de commerce du groupe est aussi une priorit\u00e9. D\u2019ailleurs, quand on lui demande comment elle imagine sa soci\u00e9t\u00e9 dans dix ans, elle nous r\u00e9pond : \u00ab J\u2019aimerais que notre marque soit reconnue par tous les Qu\u00e9b\u00e9cois et qu\u2019elle ait une plus grande visibilit\u00e9. \u00bb<\/p>\n<p>&nbsp;<\/p>\n<p>Plus de restaurants? Plus de nouveaux produits? Sandra ne sait pas encore la forme que prendra cette extension. Pour l\u2019heure, elle est au coeur du vent de renouveau qui souffle sur le Ferreira Caf\u00e9. Et c\u2019est ce qui importe. N\u00e9 du r\u00eave d\u2019un immigrant portugais qui souhaitait faire d\u00e9couvrir sa culture aux Qu\u00e9b\u00e9cois, le restaurant s\u2019engage, \u00e0 n\u2019en pas douter, dans un avenir prometteur o\u00f9 l\u2019horizon sera grand.<\/p>\n<h4>Pour toute information<\/h4>\n<p>Ferreira Caf\u00e9<br \/>\n1446, rue Peel<br \/>\nT\u00e9l. : 514 848-0988<br \/>\ninfo@ferreiracafe.com<br \/>\n<strong><a href=\"http:\/\/ferreiracafe.com\" target=\"_blank\" rel=\"noopener noreferrer\">www.ferreiracafe.com<\/a><\/strong><\/p>\n<p>&nbsp;<\/p>\n<p>Caf\u00e9 Vasco Da Gama<br \/>\n1472, rue Peel<br \/>\nT\u00e9l. : 514 286-2688<br \/>\ninfo@vascodagama.ca<br \/>\n<strong><a href=\"http:\/\/vascodagama.ca\" target=\"_blank\" rel=\"noopener noreferrer\">www.vascodagama.ca<\/a><\/strong><\/p>\n<p>&nbsp;<\/p>\n<p>Taverne F<br \/>\n1485, rue Jeanne-Mance<br \/>\nT\u00e9l. : 514 289-4558<br \/>\ninfo@tavernef.com<br \/>\n<strong><a href=\"http:\/\/tavernef.com\" target=\"_blank\" rel=\"noopener noreferrer\">www.tavernef.com<\/a><\/strong><\/p>\n<p>&nbsp;<\/p>\n<p>Texte : Diane Stehle<br \/>\nPhotos : Patrizia Castiglione<\/p>\n","protected":false},"excerpt":{"rendered":"<p>Depuis janvier dernier, Carlos Ferreira, propri\u00e9taire des restaurants de renom Ferreira Caf\u00e9, Taverne F et Caf\u00e9 Vasco da Gama, a confi\u00e9 les activit\u00e9s quotidiennes de son groupe \u00e0 sa fille Sandra, d\u00e9sormais directrice des op\u00e9rations. Pour assurer la transition, il reste toutefois tr\u00e8s pr\u00e9sent. Dynamique et cr\u00e9ative, la jeune professionnelle compte bien poursuivre le r\u00eave de son p\u00e8re : faire du groupe Ferreira l\u2019ambassadeur de la culture gastronomique portugaise. &nbsp; Sandra Ferreira avait sept ans lorsque le Ferreira Caf\u00e9 a ouvert ses portes. elle passait toutes ses fins de semaine au restaurant avec son p\u00e8re. \u00ab J\u2019aidais le personnel \u00e0 servir les clients, je mangeais, puis\u2026 je m\u2019endormais sous les tables! \u00bb, se rappelle la jeune femme. \u00ab Plus vieille, quand j\u2019\u00e9tais au c\u00e9gep, je travaillais l\u00e0-bas \u00e0 temps partiel comme h\u00f4tesse. J\u2019adorais \u00e7a! \u00bb les voyages forment la jeunesse. Sandra est donc partie \u00e9tudier trois ans en Pennsylvanie puis deux ans \u00e0 new York, o\u00f9 elle a travaill\u00e9 pour le magasin Macy\u2019s, comme g\u00e9rante d\u2019un rayon. Elle a ensuite occup\u00e9 un poste en marketing au sein d\u2019une start-up avant de rentrer l\u2019ann\u00e9e derni\u00e8re \u00e0 Montr\u00e9al. &nbsp; \u00ab Quand je suis revenue, j\u2019\u00e9tais pr\u00eate \u00e0 m\u2019impliquer \u00e0 100 % dans [&hellip;]<\/p>\n","protected":false},"author":710,"featured_media":16456,"comment_status":"closed","ping_status":"closed","sticky":false,"template":"","format":"standard","meta":{"_monsterinsights_skip_tracking":false,"_monsterinsights_sitenote_active":false,"_monsterinsights_sitenote_note":"","_monsterinsights_sitenote_category":0,"footnotes":""},"categories":[993,975],"tags":[],"class_list":["post-7032","post","type-post","status-publish","format-standard","has-post-thumbnail","hentry","category-affaires","category-gastronomie"],"yoast_head":"<!-- This site is optimized with the Yoast SEO plugin v27.4 - https:\/\/yoast.com\/product\/yoast-seo-wordpress\/ -->\n<title>Groupe Ferreira : l\u2019entrepreneuriat de p\u00e8re en fille, une passion contagieuse - MAGAZINE LUXE - Immobilier | Design | Art de vivre<\/title>\n<meta name=\"robots\" content=\"index, follow, max-snippet:-1, max-image-preview:large, max-video-preview:-1\" \/>\n<link rel=\"canonical\" href=\"https:\/\/magazineluxe.com\/fr\/groupe-ferreira-l-entrepreneuriat-de-pere-en-fille-une-passion-contagieuse\/\" \/>\n<meta property=\"og:locale\" content=\"fr_FR\" \/>\n<meta property=\"og:type\" content=\"article\" \/>\n<meta property=\"og:title\" content=\"Groupe Ferreira : l\u2019entrepreneuriat de p\u00e8re en fille, une passion contagieuse - MAGAZINE LUXE - Immobilier | Design | Art de vivre\" \/>\n<meta property=\"og:description\" content=\"Depuis janvier dernier, Carlos Ferreira, propri\u00e9taire des restaurants de renom Ferreira Caf\u00e9, Taverne F et Caf\u00e9 Vasco da Gama, a confi\u00e9 les activit\u00e9s quotidiennes de son groupe \u00e0 sa fille Sandra, d\u00e9sormais directrice des op\u00e9rations. Pour assurer la transition, il reste toutefois tr\u00e8s pr\u00e9sent. Dynamique et cr\u00e9ative, la jeune professionnelle compte bien poursuivre le r\u00eave de son p\u00e8re : faire du groupe Ferreira l\u2019ambassadeur de la culture gastronomique portugaise. &nbsp; Sandra Ferreira avait sept ans lorsque le Ferreira Caf\u00e9 a ouvert ses portes. elle passait toutes ses fins de semaine au restaurant avec son p\u00e8re. \u00ab J\u2019aidais le personnel \u00e0 servir les clients, je mangeais, puis\u2026 je m\u2019endormais sous les tables! \u00bb, se rappelle la jeune femme. \u00ab Plus vieille, quand j\u2019\u00e9tais au c\u00e9gep, je travaillais l\u00e0-bas \u00e0 temps partiel comme h\u00f4tesse. J\u2019adorais \u00e7a! \u00bb les voyages forment la jeunesse. Sandra est donc partie \u00e9tudier trois ans en Pennsylvanie puis deux ans \u00e0 new York, o\u00f9 elle a travaill\u00e9 pour le magasin Macy\u2019s, comme g\u00e9rante d\u2019un rayon. Elle a ensuite occup\u00e9 un poste en marketing au sein d\u2019une start-up avant de rentrer l\u2019ann\u00e9e derni\u00e8re \u00e0 Montr\u00e9al. &nbsp; \u00ab Quand je suis revenue, j\u2019\u00e9tais pr\u00eate \u00e0 m\u2019impliquer \u00e0 100 % dans [&hellip;]\" \/>\n<meta property=\"og:url\" content=\"https:\/\/magazineluxe.com\/fr\/groupe-ferreira-l-entrepreneuriat-de-pere-en-fille-une-passion-contagieuse\/\" \/>\n<meta property=\"og:site_name\" content=\"MAGAZINE LUXE - Immobilier | Design | Art de vivre\" \/>\n<meta property=\"article:published_time\" content=\"2014-12-03T19:30:24+00:00\" \/>\n<meta property=\"article:modified_time\" content=\"2020-03-12T16:42:02+00:00\" \/>\n<meta property=\"og:image\" content=\"https:\/\/magazineluxe.com\/wp-content\/uploads\/2014\/12\/groupe-ferreira-1.jpg\" \/>\n\t<meta property=\"og:image:width\" content=\"1920\" \/>\n\t<meta property=\"og:image:height\" content=\"1280\" \/>\n\t<meta property=\"og:image:type\" content=\"image\/jpeg\" \/>\n<meta name=\"author\" content=\"\u00c2tma\" \/>\n<meta name=\"twitter:card\" content=\"summary_large_image\" \/>\n<meta name=\"twitter:label1\" content=\"\u00c9crit par\" \/>\n\t<meta name=\"twitter:data1\" content=\"\u00c2tma\" \/>\n\t<meta name=\"twitter:label2\" content=\"Dur\u00e9e de lecture estim\u00e9e\" \/>\n\t<meta name=\"twitter:data2\" content=\"5 minutes\" \/>\n<script type=\"application\/ld+json\" class=\"yoast-schema-graph\">{\"@context\":\"https:\\\/\\\/schema.org\",\"@graph\":[{\"@type\":\"Article\",\"@id\":\"https:\\\/\\\/magazineluxe.com\\\/fr\\\/groupe-ferreira-l-entrepreneuriat-de-pere-en-fille-une-passion-contagieuse\\\/#article\",\"isPartOf\":{\"@id\":\"https:\\\/\\\/magazineluxe.com\\\/fr\\\/groupe-ferreira-l-entrepreneuriat-de-pere-en-fille-une-passion-contagieuse\\\/\"},\"author\":{\"name\":\"\u00c2tma\",\"@id\":\"https:\\\/\\\/magazineluxe.com\\\/fr\\\/#\\\/schema\\\/person\\\/8adc55c929911b0b55d79cb0e89a2078\"},\"headline\":\"Groupe Ferreira : l\u2019entrepreneuriat de p\u00e8re en fille, une passion contagieuse\",\"datePublished\":\"2014-12-03T19:30:24+00:00\",\"dateModified\":\"2020-03-12T16:42:02+00:00\",\"mainEntityOfPage\":{\"@id\":\"https:\\\/\\\/magazineluxe.com\\\/fr\\\/groupe-ferreira-l-entrepreneuriat-de-pere-en-fille-une-passion-contagieuse\\\/\"},\"wordCount\":918,\"image\":{\"@id\":\"https:\\\/\\\/magazineluxe.com\\\/fr\\\/groupe-ferreira-l-entrepreneuriat-de-pere-en-fille-une-passion-contagieuse\\\/#primaryimage\"},\"thumbnailUrl\":\"https:\\\/\\\/magazineluxe.com\\\/wp-content\\\/uploads\\\/2014\\\/12\\\/groupe-ferreira-1.jpg\",\"articleSection\":[\"Affaires\",\"Gastronomie\"],\"inLanguage\":\"fr-FR\"},{\"@type\":\"WebPage\",\"@id\":\"https:\\\/\\\/magazineluxe.com\\\/fr\\\/groupe-ferreira-l-entrepreneuriat-de-pere-en-fille-une-passion-contagieuse\\\/\",\"url\":\"https:\\\/\\\/magazineluxe.com\\\/fr\\\/groupe-ferreira-l-entrepreneuriat-de-pere-en-fille-une-passion-contagieuse\\\/\",\"name\":\"Groupe Ferreira : l\u2019entrepreneuriat de p\u00e8re en fille, une passion contagieuse - MAGAZINE LUXE - Immobilier | Design | Art de vivre\",\"isPartOf\":{\"@id\":\"https:\\\/\\\/magazineluxe.com\\\/fr\\\/#website\"},\"primaryImageOfPage\":{\"@id\":\"https:\\\/\\\/magazineluxe.com\\\/fr\\\/groupe-ferreira-l-entrepreneuriat-de-pere-en-fille-une-passion-contagieuse\\\/#primaryimage\"},\"image\":{\"@id\":\"https:\\\/\\\/magazineluxe.com\\\/fr\\\/groupe-ferreira-l-entrepreneuriat-de-pere-en-fille-une-passion-contagieuse\\\/#primaryimage\"},\"thumbnailUrl\":\"https:\\\/\\\/magazineluxe.com\\\/wp-content\\\/uploads\\\/2014\\\/12\\\/groupe-ferreira-1.jpg\",\"datePublished\":\"2014-12-03T19:30:24+00:00\",\"dateModified\":\"2020-03-12T16:42:02+00:00\",\"author\":{\"@id\":\"https:\\\/\\\/magazineluxe.com\\\/fr\\\/#\\\/schema\\\/person\\\/8adc55c929911b0b55d79cb0e89a2078\"},\"breadcrumb\":{\"@id\":\"https:\\\/\\\/magazineluxe.com\\\/fr\\\/groupe-ferreira-l-entrepreneuriat-de-pere-en-fille-une-passion-contagieuse\\\/#breadcrumb\"},\"inLanguage\":\"fr-FR\",\"potentialAction\":[{\"@type\":\"ReadAction\",\"target\":[\"https:\\\/\\\/magazineluxe.com\\\/fr\\\/groupe-ferreira-l-entrepreneuriat-de-pere-en-fille-une-passion-contagieuse\\\/\"]}]},{\"@type\":\"ImageObject\",\"inLanguage\":\"fr-FR\",\"@id\":\"https:\\\/\\\/magazineluxe.com\\\/fr\\\/groupe-ferreira-l-entrepreneuriat-de-pere-en-fille-une-passion-contagieuse\\\/#primaryimage\",\"url\":\"https:\\\/\\\/magazineluxe.com\\\/wp-content\\\/uploads\\\/2014\\\/12\\\/groupe-ferreira-1.jpg\",\"contentUrl\":\"https:\\\/\\\/magazineluxe.com\\\/wp-content\\\/uploads\\\/2014\\\/12\\\/groupe-ferreira-1.jpg\",\"width\":1920,\"height\":1280},{\"@type\":\"BreadcrumbList\",\"@id\":\"https:\\\/\\\/magazineluxe.com\\\/fr\\\/groupe-ferreira-l-entrepreneuriat-de-pere-en-fille-une-passion-contagieuse\\\/#breadcrumb\",\"itemListElement\":[{\"@type\":\"ListItem\",\"position\":1,\"name\":\"Accueil\",\"item\":\"https:\\\/\\\/magazineluxe.com\\\/fr\\\/\"},{\"@type\":\"ListItem\",\"position\":2,\"name\":\"Groupe Ferreira : l\u2019entrepreneuriat de p\u00e8re en fille, une passion contagieuse\"}]},{\"@type\":\"WebSite\",\"@id\":\"https:\\\/\\\/magazineluxe.com\\\/fr\\\/#website\",\"url\":\"https:\\\/\\\/magazineluxe.com\\\/fr\\\/\",\"name\":\"MAGAZINE LUXE - Immobilier | Design | Art de vivre\",\"description\":\"MAGAZINE LUXE - Immobilier | Design | Art de vivre\",\"potentialAction\":[{\"@type\":\"SearchAction\",\"target\":{\"@type\":\"EntryPoint\",\"urlTemplate\":\"https:\\\/\\\/magazineluxe.com\\\/fr\\\/?s={search_term_string}\"},\"query-input\":{\"@type\":\"PropertyValueSpecification\",\"valueRequired\":true,\"valueName\":\"search_term_string\"}}],\"inLanguage\":\"fr-FR\"},{\"@type\":\"Person\",\"@id\":\"https:\\\/\\\/magazineluxe.com\\\/fr\\\/#\\\/schema\\\/person\\\/8adc55c929911b0b55d79cb0e89a2078\",\"name\":\"\u00c2tma\",\"image\":{\"@type\":\"ImageObject\",\"inLanguage\":\"fr-FR\",\"@id\":\"https:\\\/\\\/secure.gravatar.com\\\/avatar\\\/8f040abb094cad542949c1488512389277711ac5ee0e395bbebaa2573f7a2377?s=96&d=mm&r=g\",\"url\":\"https:\\\/\\\/secure.gravatar.com\\\/avatar\\\/8f040abb094cad542949c1488512389277711ac5ee0e395bbebaa2573f7a2377?s=96&d=mm&r=g\",\"contentUrl\":\"https:\\\/\\\/secure.gravatar.com\\\/avatar\\\/8f040abb094cad542949c1488512389277711ac5ee0e395bbebaa2573f7a2377?s=96&d=mm&r=g\",\"caption\":\"\u00c2tma\"},\"url\":\"https:\\\/\\\/magazineluxe.com\\\/fr\\\/author\\\/atma\\\/\"}]}<\/script>\n<!-- \/ Yoast SEO plugin. -->","yoast_head_json":{"title":"Groupe Ferreira : l\u2019entrepreneuriat de p\u00e8re en fille, une passion contagieuse - MAGAZINE LUXE - Immobilier | Design | Art de vivre","robots":{"index":"index","follow":"follow","max-snippet":"max-snippet:-1","max-image-preview":"max-image-preview:large","max-video-preview":"max-video-preview:-1"},"canonical":"https:\/\/magazineluxe.com\/fr\/groupe-ferreira-l-entrepreneuriat-de-pere-en-fille-une-passion-contagieuse\/","og_locale":"fr_FR","og_type":"article","og_title":"Groupe Ferreira : l\u2019entrepreneuriat de p\u00e8re en fille, une passion contagieuse - MAGAZINE LUXE - Immobilier | Design | Art de vivre","og_description":"Depuis janvier dernier, Carlos Ferreira, propri\u00e9taire des restaurants de renom Ferreira Caf\u00e9, Taverne F et Caf\u00e9 Vasco da Gama, a confi\u00e9 les activit\u00e9s quotidiennes de son groupe \u00e0 sa fille Sandra, d\u00e9sormais directrice des op\u00e9rations. Pour assurer la transition, il reste toutefois tr\u00e8s pr\u00e9sent. Dynamique et cr\u00e9ative, la jeune professionnelle compte bien poursuivre le r\u00eave de son p\u00e8re : faire du groupe Ferreira l\u2019ambassadeur de la culture gastronomique portugaise. &nbsp; Sandra Ferreira avait sept ans lorsque le Ferreira Caf\u00e9 a ouvert ses portes. elle passait toutes ses fins de semaine au restaurant avec son p\u00e8re. \u00ab J\u2019aidais le personnel \u00e0 servir les clients, je mangeais, puis\u2026 je m\u2019endormais sous les tables! \u00bb, se rappelle la jeune femme. \u00ab Plus vieille, quand j\u2019\u00e9tais au c\u00e9gep, je travaillais l\u00e0-bas \u00e0 temps partiel comme h\u00f4tesse. J\u2019adorais \u00e7a! \u00bb les voyages forment la jeunesse. Sandra est donc partie \u00e9tudier trois ans en Pennsylvanie puis deux ans \u00e0 new York, o\u00f9 elle a travaill\u00e9 pour le magasin Macy\u2019s, comme g\u00e9rante d\u2019un rayon. Elle a ensuite occup\u00e9 un poste en marketing au sein d\u2019une start-up avant de rentrer l\u2019ann\u00e9e derni\u00e8re \u00e0 Montr\u00e9al. &nbsp; \u00ab Quand je suis revenue, j\u2019\u00e9tais pr\u00eate \u00e0 m\u2019impliquer \u00e0 100 % dans [&hellip;]","og_url":"https:\/\/magazineluxe.com\/fr\/groupe-ferreira-l-entrepreneuriat-de-pere-en-fille-une-passion-contagieuse\/","og_site_name":"MAGAZINE LUXE - Immobilier | Design | Art de vivre","article_published_time":"2014-12-03T19:30:24+00:00","article_modified_time":"2020-03-12T16:42:02+00:00","og_image":[{"width":1920,"height":1280,"url":"https:\/\/magazineluxe.com\/wp-content\/uploads\/2014\/12\/groupe-ferreira-1.jpg","type":"image\/jpeg"}],"author":"\u00c2tma","twitter_card":"summary_large_image","twitter_misc":{"\u00c9crit par":"\u00c2tma","Dur\u00e9e de lecture estim\u00e9e":"5 minutes"},"schema":{"@context":"https:\/\/schema.org","@graph":[{"@type":"Article","@id":"https:\/\/magazineluxe.com\/fr\/groupe-ferreira-l-entrepreneuriat-de-pere-en-fille-une-passion-contagieuse\/#article","isPartOf":{"@id":"https:\/\/magazineluxe.com\/fr\/groupe-ferreira-l-entrepreneuriat-de-pere-en-fille-une-passion-contagieuse\/"},"author":{"name":"\u00c2tma","@id":"https:\/\/magazineluxe.com\/fr\/#\/schema\/person\/8adc55c929911b0b55d79cb0e89a2078"},"headline":"Groupe Ferreira : l\u2019entrepreneuriat de p\u00e8re en fille, une passion contagieuse","datePublished":"2014-12-03T19:30:24+00:00","dateModified":"2020-03-12T16:42:02+00:00","mainEntityOfPage":{"@id":"https:\/\/magazineluxe.com\/fr\/groupe-ferreira-l-entrepreneuriat-de-pere-en-fille-une-passion-contagieuse\/"},"wordCount":918,"image":{"@id":"https:\/\/magazineluxe.com\/fr\/groupe-ferreira-l-entrepreneuriat-de-pere-en-fille-une-passion-contagieuse\/#primaryimage"},"thumbnailUrl":"https:\/\/magazineluxe.com\/wp-content\/uploads\/2014\/12\/groupe-ferreira-1.jpg","articleSection":["Affaires","Gastronomie"],"inLanguage":"fr-FR"},{"@type":"WebPage","@id":"https:\/\/magazineluxe.com\/fr\/groupe-ferreira-l-entrepreneuriat-de-pere-en-fille-une-passion-contagieuse\/","url":"https:\/\/magazineluxe.com\/fr\/groupe-ferreira-l-entrepreneuriat-de-pere-en-fille-une-passion-contagieuse\/","name":"Groupe Ferreira : l\u2019entrepreneuriat de p\u00e8re en fille, une passion contagieuse - MAGAZINE LUXE - Immobilier | Design | Art de vivre","isPartOf":{"@id":"https:\/\/magazineluxe.com\/fr\/#website"},"primaryImageOfPage":{"@id":"https:\/\/magazineluxe.com\/fr\/groupe-ferreira-l-entrepreneuriat-de-pere-en-fille-une-passion-contagieuse\/#primaryimage"},"image":{"@id":"https:\/\/magazineluxe.com\/fr\/groupe-ferreira-l-entrepreneuriat-de-pere-en-fille-une-passion-contagieuse\/#primaryimage"},"thumbnailUrl":"https:\/\/magazineluxe.com\/wp-content\/uploads\/2014\/12\/groupe-ferreira-1.jpg","datePublished":"2014-12-03T19:30:24+00:00","dateModified":"2020-03-12T16:42:02+00:00","author":{"@id":"https:\/\/magazineluxe.com\/fr\/#\/schema\/person\/8adc55c929911b0b55d79cb0e89a2078"},"breadcrumb":{"@id":"https:\/\/magazineluxe.com\/fr\/groupe-ferreira-l-entrepreneuriat-de-pere-en-fille-une-passion-contagieuse\/#breadcrumb"},"inLanguage":"fr-FR","potentialAction":[{"@type":"ReadAction","target":["https:\/\/magazineluxe.com\/fr\/groupe-ferreira-l-entrepreneuriat-de-pere-en-fille-une-passion-contagieuse\/"]}]},{"@type":"ImageObject","inLanguage":"fr-FR","@id":"https:\/\/magazineluxe.com\/fr\/groupe-ferreira-l-entrepreneuriat-de-pere-en-fille-une-passion-contagieuse\/#primaryimage","url":"https:\/\/magazineluxe.com\/wp-content\/uploads\/2014\/12\/groupe-ferreira-1.jpg","contentUrl":"https:\/\/magazineluxe.com\/wp-content\/uploads\/2014\/12\/groupe-ferreira-1.jpg","width":1920,"height":1280},{"@type":"BreadcrumbList","@id":"https:\/\/magazineluxe.com\/fr\/groupe-ferreira-l-entrepreneuriat-de-pere-en-fille-une-passion-contagieuse\/#breadcrumb","itemListElement":[{"@type":"ListItem","position":1,"name":"Accueil","item":"https:\/\/magazineluxe.com\/fr\/"},{"@type":"ListItem","position":2,"name":"Groupe Ferreira : l\u2019entrepreneuriat de p\u00e8re en fille, une passion contagieuse"}]},{"@type":"WebSite","@id":"https:\/\/magazineluxe.com\/fr\/#website","url":"https:\/\/magazineluxe.com\/fr\/","name":"MAGAZINE LUXE - Immobilier | Design | Art de vivre","description":"MAGAZINE LUXE - Immobilier | Design | Art de vivre","potentialAction":[{"@type":"SearchAction","target":{"@type":"EntryPoint","urlTemplate":"https:\/\/magazineluxe.com\/fr\/?s={search_term_string}"},"query-input":{"@type":"PropertyValueSpecification","valueRequired":true,"valueName":"search_term_string"}}],"inLanguage":"fr-FR"},{"@type":"Person","@id":"https:\/\/magazineluxe.com\/fr\/#\/schema\/person\/8adc55c929911b0b55d79cb0e89a2078","name":"\u00c2tma","image":{"@type":"ImageObject","inLanguage":"fr-FR","@id":"https:\/\/secure.gravatar.com\/avatar\/8f040abb094cad542949c1488512389277711ac5ee0e395bbebaa2573f7a2377?s=96&d=mm&r=g","url":"https:\/\/secure.gravatar.com\/avatar\/8f040abb094cad542949c1488512389277711ac5ee0e395bbebaa2573f7a2377?s=96&d=mm&r=g","contentUrl":"https:\/\/secure.gravatar.com\/avatar\/8f040abb094cad542949c1488512389277711ac5ee0e395bbebaa2573f7a2377?s=96&d=mm&r=g","caption":"\u00c2tma"},"url":"https:\/\/magazineluxe.com\/fr\/author\/atma\/"}]}},"_links":{"self":[{"href":"https:\/\/magazineluxe.com\/fr\/wp-json\/wp\/v2\/posts\/7032","targetHints":{"allow":["GET"]}}],"collection":[{"href":"https:\/\/magazineluxe.com\/fr\/wp-json\/wp\/v2\/posts"}],"about":[{"href":"https:\/\/magazineluxe.com\/fr\/wp-json\/wp\/v2\/types\/post"}],"author":[{"embeddable":true,"href":"https:\/\/magazineluxe.com\/fr\/wp-json\/wp\/v2\/users\/710"}],"replies":[{"embeddable":true,"href":"https:\/\/magazineluxe.com\/fr\/wp-json\/wp\/v2\/comments?post=7032"}],"version-history":[{"count":5,"href":"https:\/\/magazineluxe.com\/fr\/wp-json\/wp\/v2\/posts\/7032\/revisions"}],"predecessor-version":[{"id":13222,"href":"https:\/\/magazineluxe.com\/fr\/wp-json\/wp\/v2\/posts\/7032\/revisions\/13222"}],"wp:featuredmedia":[{"embeddable":true,"href":"https:\/\/magazineluxe.com\/fr\/wp-json\/wp\/v2\/media\/16456"}],"wp:attachment":[{"href":"https:\/\/magazineluxe.com\/fr\/wp-json\/wp\/v2\/media?parent=7032"}],"wp:term":[{"taxonomy":"category","embeddable":true,"href":"https:\/\/magazineluxe.com\/fr\/wp-json\/wp\/v2\/categories?post=7032"},{"taxonomy":"post_tag","embeddable":true,"href":"https:\/\/magazineluxe.com\/fr\/wp-json\/wp\/v2\/tags?post=7032"}],"curies":[{"name":"wp","href":"https:\/\/api.w.org\/{rel}","templated":true}]}}