{"id":7441,"date":"2015-09-03T09:35:59","date_gmt":"2015-09-03T13:35:59","guid":{"rendered":"http:\/\/magazineluxe.com\/\/?p=7441"},"modified":"2020-03-05T18:19:29","modified_gmt":"2020-03-05T23:19:29","slug":"une-elegante-residence-contemporaine-innovatrice-et-lumineuse-par-ulises-liceaga","status":"publish","type":"post","link":"https:\/\/magazineluxe.com\/fr\/une-elegante-residence-contemporaine-innovatrice-et-lumineuse-par-ulises-liceaga\/","title":{"rendered":"Une \u00e9l\u00e9gante r\u00e9sidence contemporaine innovatrice et lumineuse par Ulises Liceaga"},"content":{"rendered":"<p><strong>L\u2019architecte Ulises Liceaga, de l\u2019agence Fractal Architecture, a cr\u00e9\u00e9 dans le voisinage de Gramercy Park une \u00e9l\u00e9gante r\u00e9sidence contemporaine innovatrice et lumineuse. Le r\u00e9sultat : il est le gagnant dans la cat\u00e9gorie r\u00e9sidence du prix donn\u00e9 par Ceramics d\u2019Italie.<\/strong><\/p>\n<h3><strong>Gramercy<\/strong><\/h3>\n<p>Le quartier de Gramercy, dans l&rsquo;East Side de Manhattan, est r\u00e9put\u00e9 pour son parc priv\u00e9, auquel seuls les r\u00e9sidents du pourtour ont acc\u00e8s. Il fut un temps o\u00f9 une clef d\u2019or \u00e9tait n\u00e9cessaire pour y acc\u00e9der. Aujourd\u2019hui, Karl Lagerfeld et Uma Thurman ont une clef discr\u00e8te et ordinaire pour p\u00e9n\u00e9trer dans le jardin le plus exclusif de Manhattan.<\/p>\n<p>&nbsp;<\/p>\n<p>Gramercy a un cachet particulier, proche de celui du West End londonien. Dans ce quartier tr\u00e8s pris\u00e9 mais ancien, beaucoup de r\u00e9novations sont en cours. Le grand h\u00f4tel Gramercy date des ann\u00e9es 20, mais la d\u00e9coration int\u00e9rieure a \u00e9t\u00e9 refaite en 2006 par l\u2019artiste peintre et cin\u00e9aste Julian Schnabel. Tout le charme de Gramercy se trouve dans cet ensemble architectural tr\u00e8s 19e si\u00e8cle, r\u00e9investi par les designers afin d\u2019adapter les int\u00e9rieurs au mode de vie contemporain. Pour un architecte, le d\u00e9fi est de respecter cette atmosph\u00e8re tout en y laissant son empreinte artistique.<\/p>\n<h3><strong>Les projets d&rsquo;Ulises Liceaga<\/strong><\/h3>\n<p>Parmi les maisons de Gramercy, celle d\u2019Ulises Liceaga se distingue. Un vrai bijou! L\u2019ing\u00e9niosit\u00e9 du projet r\u00e9alis\u00e9 par son agence, Fractal Architecture, se trouve dans les solutions propos\u00e9es pour la reconversion d\u2019une maison de ville datant de 1848. La situation initiale du triplex et des trois lofts superpos\u00e9s ne r\u00e9pondait pas aux demandes des nouveaux propri\u00e9taires. Un mode de vie d\u00e9pass\u00e9 se r\u00e9v\u00e9lait dans ces espaces, certes ouverts, mais sombres. L\u2019esprit du lieu s\u2019y \u00e9tait quelque peu \u00e9teint.<\/p>\n<p>&nbsp;<\/p>\n<p>Cherchant \u00e0 donner plus d\u2019ampleur \u00e0 la demeure, Liceaga a fait des trois lofts un appartement de deux \u00e9tages aux plans ouverts, avec une belle hauteur de plafond, et a ajout\u00e9 un troisi\u00e8me \u00e9tage sur le toit. Son intervention a ainsi cr\u00e9\u00e9 un triplex superpos\u00e9 au triplex existant. La structure du b\u00e2timent a d\u00fb \u00eatre renforc\u00e9e afin d\u2019ouvrir la fa\u00e7ade arri\u00e8re et de la transformer en un mur de verre.<\/p>\n<h3><strong>Comme en plein air<\/strong><\/h3>\n<p>La translucidit\u00e9 du lieu est ainsi devenue un th\u00e8me majeur. La belle verri\u00e8re du rez-de-chauss\u00e9e se trouve maintenant surplomb\u00e9e par une terrasse en verre s\u2019ouvrant sur un mur de verre. Ce jeu d\u2019ouverture et de transparence se continue avec la seconde terrasse plac\u00e9e sur le toit. La vue est splendide et le lieu permet aux r\u00e9sidents de profiter de l\u2019ext\u00e9rieur, ce qui ajoute beaucoup au charme de la maison. On y vit dans un confort luxueux, cach\u00e9 des passants, mais comme en plein air.<\/p>\n<p>&nbsp;<\/p>\n<p>De la rue, rien n\u2019indique les transformations effectu\u00e9es et la transparence ajout\u00e9e. Elles se r\u00e9v\u00e8lent une fois le seuil pass\u00e9. La lumi\u00e8re naturelle traverse la demeure librement, sans jamais \u00eatre interrompue. Cette libert\u00e9 contribue \u00e0 l\u2019ouverture de l\u2019espace. Les lumi\u00e8res du soir ont \u00e9t\u00e9 pens\u00e9es par Ingo Maurer\u00a0: une multitude de DEL ont \u00e9t\u00e9 implant\u00e9es sur le mur de verre, comme des flocons de neige. Leur scintillement forme un \u00e9cran aux regards ext\u00e9rieurs. On profite ainsi de la lumi\u00e8re diurne et, le soir venu, le mur de verre brouille sa transparence pour plus de s\u00e9curit\u00e9.<\/p>\n<p>&nbsp;<\/p>\n<p>Le bel espace du salon repr\u00e9sente l\u2019esprit ouvert du lieu. La double hauteur de plafond offre un volume spectaculaire. La d\u00e9coration contemporaine est sophistiqu\u00e9e tout en \u00e9tant chaleureuse. Les \u0153uvres de l\u2019artiste Emilio Garcia, un ami d\u2019enfance de l\u2019architecte, conf\u00e8rent \u00e0 l\u2019espace une humeur ludique et joyeuse. La magie du lieu resplendit tout autant dans les chambres et les autres espaces priv\u00e9s. Il para\u00eet tout \u00e0 fait d\u00e9licieux de vivre l\u00e0. Ulises Liceaga a redonn\u00e9 chic et vitalit\u00e9 \u00e0 cette maison de Gramercy. Architecte \u00e0 suivre\u2026<\/p>\n<p>&nbsp;<\/p>\n<p>Texte : Barbara Stehle<\/p>\n","protected":false},"excerpt":{"rendered":"<p>L\u2019architecte Ulises Liceaga, de l\u2019agence Fractal Architecture, a cr\u00e9\u00e9 dans le voisinage de Gramercy Park une \u00e9l\u00e9gante r\u00e9sidence contemporaine innovatrice et lumineuse. Le r\u00e9sultat : il est le gagnant dans la cat\u00e9gorie r\u00e9sidence du prix donn\u00e9 par Ceramics d\u2019Italie. Gramercy Le quartier de Gramercy, dans l&rsquo;East Side de Manhattan, est r\u00e9put\u00e9 pour son parc priv\u00e9, auquel seuls les r\u00e9sidents du pourtour ont acc\u00e8s. Il fut un temps o\u00f9 une clef d\u2019or \u00e9tait n\u00e9cessaire pour y acc\u00e9der. Aujourd\u2019hui, Karl Lagerfeld et Uma Thurman ont une clef discr\u00e8te et ordinaire pour p\u00e9n\u00e9trer dans le jardin le plus exclusif de Manhattan. &nbsp; Gramercy a un cachet particulier, proche de celui du West End londonien. Dans ce quartier tr\u00e8s pris\u00e9 mais ancien, beaucoup de r\u00e9novations sont en cours. Le grand h\u00f4tel Gramercy date des ann\u00e9es 20, mais la d\u00e9coration int\u00e9rieure a \u00e9t\u00e9 refaite en 2006 par l\u2019artiste peintre et cin\u00e9aste Julian Schnabel. Tout le charme de Gramercy se trouve dans cet ensemble architectural tr\u00e8s 19e si\u00e8cle, r\u00e9investi par les designers afin d\u2019adapter les int\u00e9rieurs au mode de vie contemporain. Pour un architecte, le d\u00e9fi est de respecter cette atmosph\u00e8re tout en y laissant son empreinte artistique. Les projets d&rsquo;Ulises Liceaga Parmi les maisons de [&hellip;]<\/p>\n","protected":false},"author":710,"featured_media":16088,"comment_status":"closed","ping_status":"closed","sticky":false,"template":"","format":"standard","meta":{"_monsterinsights_skip_tracking":false,"_monsterinsights_sitenote_active":false,"_monsterinsights_sitenote_note":"","_monsterinsights_sitenote_category":0,"footnotes":""},"categories":[1061,4,977],"tags":[],"class_list":["post-7441","post","type-post","status-publish","format-standard","has-post-thumbnail","hentry","category-design","category-immobilier","category-nyc"],"yoast_head":"<!-- This site is optimized with the Yoast SEO plugin v27.4 - https:\/\/yoast.com\/product\/yoast-seo-wordpress\/ -->\n<title>Une \u00e9l\u00e9gante r\u00e9sidence contemporaine innovatrice et lumineuse par Ulises Liceaga - MAGAZINE LUXE - Immobilier | Design | Art de vivre<\/title>\n<meta name=\"robots\" content=\"index, follow, max-snippet:-1, max-image-preview:large, max-video-preview:-1\" \/>\n<link rel=\"canonical\" href=\"https:\/\/magazineluxe.com\/fr\/une-elegante-residence-contemporaine-innovatrice-et-lumineuse-par-ulises-liceaga\/\" \/>\n<meta property=\"og:locale\" content=\"fr_FR\" \/>\n<meta property=\"og:type\" content=\"article\" \/>\n<meta property=\"og:title\" content=\"Une \u00e9l\u00e9gante r\u00e9sidence contemporaine innovatrice et lumineuse par Ulises Liceaga - MAGAZINE LUXE - Immobilier | Design | Art de vivre\" \/>\n<meta property=\"og:description\" content=\"L\u2019architecte Ulises Liceaga, de l\u2019agence Fractal Architecture, a cr\u00e9\u00e9 dans le voisinage de Gramercy Park une \u00e9l\u00e9gante r\u00e9sidence contemporaine innovatrice et lumineuse. Le r\u00e9sultat : il est le gagnant dans la cat\u00e9gorie r\u00e9sidence du prix donn\u00e9 par Ceramics d\u2019Italie. Gramercy Le quartier de Gramercy, dans l&rsquo;East Side de Manhattan, est r\u00e9put\u00e9 pour son parc priv\u00e9, auquel seuls les r\u00e9sidents du pourtour ont acc\u00e8s. Il fut un temps o\u00f9 une clef d\u2019or \u00e9tait n\u00e9cessaire pour y acc\u00e9der. Aujourd\u2019hui, Karl Lagerfeld et Uma Thurman ont une clef discr\u00e8te et ordinaire pour p\u00e9n\u00e9trer dans le jardin le plus exclusif de Manhattan. &nbsp; Gramercy a un cachet particulier, proche de celui du West End londonien. Dans ce quartier tr\u00e8s pris\u00e9 mais ancien, beaucoup de r\u00e9novations sont en cours. Le grand h\u00f4tel Gramercy date des ann\u00e9es 20, mais la d\u00e9coration int\u00e9rieure a \u00e9t\u00e9 refaite en 2006 par l\u2019artiste peintre et cin\u00e9aste Julian Schnabel. Tout le charme de Gramercy se trouve dans cet ensemble architectural tr\u00e8s 19e si\u00e8cle, r\u00e9investi par les designers afin d\u2019adapter les int\u00e9rieurs au mode de vie contemporain. Pour un architecte, le d\u00e9fi est de respecter cette atmosph\u00e8re tout en y laissant son empreinte artistique. Les projets d&rsquo;Ulises Liceaga Parmi les maisons de [&hellip;]\" \/>\n<meta property=\"og:url\" content=\"https:\/\/magazineluxe.com\/fr\/une-elegante-residence-contemporaine-innovatrice-et-lumineuse-par-ulises-liceaga\/\" \/>\n<meta property=\"og:site_name\" content=\"MAGAZINE LUXE - Immobilier | Design | Art de vivre\" \/>\n<meta property=\"article:published_time\" content=\"2015-09-03T13:35:59+00:00\" \/>\n<meta property=\"article:modified_time\" content=\"2020-03-05T23:19:29+00:00\" \/>\n<meta property=\"og:image\" content=\"https:\/\/magazineluxe.com\/wp-content\/uploads\/2015\/09\/ulises-liceaga-2.jpg\" \/>\n\t<meta property=\"og:image:width\" content=\"1920\" \/>\n\t<meta property=\"og:image:height\" content=\"1280\" \/>\n\t<meta property=\"og:image:type\" content=\"image\/jpeg\" \/>\n<meta name=\"author\" content=\"\u00c2tma\" \/>\n<meta name=\"twitter:card\" content=\"summary_large_image\" \/>\n<meta name=\"twitter:label1\" content=\"\u00c9crit par\" \/>\n\t<meta name=\"twitter:data1\" content=\"\u00c2tma\" \/>\n\t<meta name=\"twitter:label2\" content=\"Dur\u00e9e de lecture estim\u00e9e\" \/>\n\t<meta name=\"twitter:data2\" content=\"3 minutes\" \/>\n<script type=\"application\/ld+json\" class=\"yoast-schema-graph\">{\"@context\":\"https:\\\/\\\/schema.org\",\"@graph\":[{\"@type\":\"Article\",\"@id\":\"https:\\\/\\\/magazineluxe.com\\\/fr\\\/une-elegante-residence-contemporaine-innovatrice-et-lumineuse-par-ulises-liceaga\\\/#article\",\"isPartOf\":{\"@id\":\"https:\\\/\\\/magazineluxe.com\\\/fr\\\/une-elegante-residence-contemporaine-innovatrice-et-lumineuse-par-ulises-liceaga\\\/\"},\"author\":{\"name\":\"\u00c2tma\",\"@id\":\"https:\\\/\\\/magazineluxe.com\\\/fr\\\/#\\\/schema\\\/person\\\/8adc55c929911b0b55d79cb0e89a2078\"},\"headline\":\"Une \u00e9l\u00e9gante r\u00e9sidence contemporaine innovatrice et lumineuse par Ulises Liceaga\",\"datePublished\":\"2015-09-03T13:35:59+00:00\",\"dateModified\":\"2020-03-05T23:19:29+00:00\",\"mainEntityOfPage\":{\"@id\":\"https:\\\/\\\/magazineluxe.com\\\/fr\\\/une-elegante-residence-contemporaine-innovatrice-et-lumineuse-par-ulises-liceaga\\\/\"},\"wordCount\":711,\"image\":{\"@id\":\"https:\\\/\\\/magazineluxe.com\\\/fr\\\/une-elegante-residence-contemporaine-innovatrice-et-lumineuse-par-ulises-liceaga\\\/#primaryimage\"},\"thumbnailUrl\":\"https:\\\/\\\/magazineluxe.com\\\/wp-content\\\/uploads\\\/2015\\\/09\\\/ulises-liceaga-2.jpg\",\"articleSection\":[\"Design\",\"Immobilier\",\"New York\"],\"inLanguage\":\"fr-FR\"},{\"@type\":\"WebPage\",\"@id\":\"https:\\\/\\\/magazineluxe.com\\\/fr\\\/une-elegante-residence-contemporaine-innovatrice-et-lumineuse-par-ulises-liceaga\\\/\",\"url\":\"https:\\\/\\\/magazineluxe.com\\\/fr\\\/une-elegante-residence-contemporaine-innovatrice-et-lumineuse-par-ulises-liceaga\\\/\",\"name\":\"Une \u00e9l\u00e9gante r\u00e9sidence contemporaine innovatrice et lumineuse par Ulises Liceaga - MAGAZINE LUXE - Immobilier | Design | Art de vivre\",\"isPartOf\":{\"@id\":\"https:\\\/\\\/magazineluxe.com\\\/fr\\\/#website\"},\"primaryImageOfPage\":{\"@id\":\"https:\\\/\\\/magazineluxe.com\\\/fr\\\/une-elegante-residence-contemporaine-innovatrice-et-lumineuse-par-ulises-liceaga\\\/#primaryimage\"},\"image\":{\"@id\":\"https:\\\/\\\/magazineluxe.com\\\/fr\\\/une-elegante-residence-contemporaine-innovatrice-et-lumineuse-par-ulises-liceaga\\\/#primaryimage\"},\"thumbnailUrl\":\"https:\\\/\\\/magazineluxe.com\\\/wp-content\\\/uploads\\\/2015\\\/09\\\/ulises-liceaga-2.jpg\",\"datePublished\":\"2015-09-03T13:35:59+00:00\",\"dateModified\":\"2020-03-05T23:19:29+00:00\",\"author\":{\"@id\":\"https:\\\/\\\/magazineluxe.com\\\/fr\\\/#\\\/schema\\\/person\\\/8adc55c929911b0b55d79cb0e89a2078\"},\"breadcrumb\":{\"@id\":\"https:\\\/\\\/magazineluxe.com\\\/fr\\\/une-elegante-residence-contemporaine-innovatrice-et-lumineuse-par-ulises-liceaga\\\/#breadcrumb\"},\"inLanguage\":\"fr-FR\",\"potentialAction\":[{\"@type\":\"ReadAction\",\"target\":[\"https:\\\/\\\/magazineluxe.com\\\/fr\\\/une-elegante-residence-contemporaine-innovatrice-et-lumineuse-par-ulises-liceaga\\\/\"]}]},{\"@type\":\"ImageObject\",\"inLanguage\":\"fr-FR\",\"@id\":\"https:\\\/\\\/magazineluxe.com\\\/fr\\\/une-elegante-residence-contemporaine-innovatrice-et-lumineuse-par-ulises-liceaga\\\/#primaryimage\",\"url\":\"https:\\\/\\\/magazineluxe.com\\\/wp-content\\\/uploads\\\/2015\\\/09\\\/ulises-liceaga-2.jpg\",\"contentUrl\":\"https:\\\/\\\/magazineluxe.com\\\/wp-content\\\/uploads\\\/2015\\\/09\\\/ulises-liceaga-2.jpg\",\"width\":1920,\"height\":1280},{\"@type\":\"BreadcrumbList\",\"@id\":\"https:\\\/\\\/magazineluxe.com\\\/fr\\\/une-elegante-residence-contemporaine-innovatrice-et-lumineuse-par-ulises-liceaga\\\/#breadcrumb\",\"itemListElement\":[{\"@type\":\"ListItem\",\"position\":1,\"name\":\"Accueil\",\"item\":\"https:\\\/\\\/magazineluxe.com\\\/fr\\\/\"},{\"@type\":\"ListItem\",\"position\":2,\"name\":\"Une \u00e9l\u00e9gante r\u00e9sidence contemporaine innovatrice et lumineuse par Ulises Liceaga\"}]},{\"@type\":\"WebSite\",\"@id\":\"https:\\\/\\\/magazineluxe.com\\\/fr\\\/#website\",\"url\":\"https:\\\/\\\/magazineluxe.com\\\/fr\\\/\",\"name\":\"MAGAZINE LUXE - Immobilier | Design | Art de vivre\",\"description\":\"MAGAZINE LUXE - Immobilier | Design | Art de vivre\",\"potentialAction\":[{\"@type\":\"SearchAction\",\"target\":{\"@type\":\"EntryPoint\",\"urlTemplate\":\"https:\\\/\\\/magazineluxe.com\\\/fr\\\/?s={search_term_string}\"},\"query-input\":{\"@type\":\"PropertyValueSpecification\",\"valueRequired\":true,\"valueName\":\"search_term_string\"}}],\"inLanguage\":\"fr-FR\"},{\"@type\":\"Person\",\"@id\":\"https:\\\/\\\/magazineluxe.com\\\/fr\\\/#\\\/schema\\\/person\\\/8adc55c929911b0b55d79cb0e89a2078\",\"name\":\"\u00c2tma\",\"image\":{\"@type\":\"ImageObject\",\"inLanguage\":\"fr-FR\",\"@id\":\"https:\\\/\\\/secure.gravatar.com\\\/avatar\\\/8f040abb094cad542949c1488512389277711ac5ee0e395bbebaa2573f7a2377?s=96&d=mm&r=g\",\"url\":\"https:\\\/\\\/secure.gravatar.com\\\/avatar\\\/8f040abb094cad542949c1488512389277711ac5ee0e395bbebaa2573f7a2377?s=96&d=mm&r=g\",\"contentUrl\":\"https:\\\/\\\/secure.gravatar.com\\\/avatar\\\/8f040abb094cad542949c1488512389277711ac5ee0e395bbebaa2573f7a2377?s=96&d=mm&r=g\",\"caption\":\"\u00c2tma\"},\"url\":\"https:\\\/\\\/magazineluxe.com\\\/fr\\\/author\\\/atma\\\/\"}]}<\/script>\n<!-- \/ Yoast SEO plugin. -->","yoast_head_json":{"title":"Une \u00e9l\u00e9gante r\u00e9sidence contemporaine innovatrice et lumineuse par Ulises Liceaga - MAGAZINE LUXE - Immobilier | Design | Art de vivre","robots":{"index":"index","follow":"follow","max-snippet":"max-snippet:-1","max-image-preview":"max-image-preview:large","max-video-preview":"max-video-preview:-1"},"canonical":"https:\/\/magazineluxe.com\/fr\/une-elegante-residence-contemporaine-innovatrice-et-lumineuse-par-ulises-liceaga\/","og_locale":"fr_FR","og_type":"article","og_title":"Une \u00e9l\u00e9gante r\u00e9sidence contemporaine innovatrice et lumineuse par Ulises Liceaga - MAGAZINE LUXE - Immobilier | Design | Art de vivre","og_description":"L\u2019architecte Ulises Liceaga, de l\u2019agence Fractal Architecture, a cr\u00e9\u00e9 dans le voisinage de Gramercy Park une \u00e9l\u00e9gante r\u00e9sidence contemporaine innovatrice et lumineuse. Le r\u00e9sultat : il est le gagnant dans la cat\u00e9gorie r\u00e9sidence du prix donn\u00e9 par Ceramics d\u2019Italie. Gramercy Le quartier de Gramercy, dans l&rsquo;East Side de Manhattan, est r\u00e9put\u00e9 pour son parc priv\u00e9, auquel seuls les r\u00e9sidents du pourtour ont acc\u00e8s. Il fut un temps o\u00f9 une clef d\u2019or \u00e9tait n\u00e9cessaire pour y acc\u00e9der. Aujourd\u2019hui, Karl Lagerfeld et Uma Thurman ont une clef discr\u00e8te et ordinaire pour p\u00e9n\u00e9trer dans le jardin le plus exclusif de Manhattan. &nbsp; Gramercy a un cachet particulier, proche de celui du West End londonien. Dans ce quartier tr\u00e8s pris\u00e9 mais ancien, beaucoup de r\u00e9novations sont en cours. Le grand h\u00f4tel Gramercy date des ann\u00e9es 20, mais la d\u00e9coration int\u00e9rieure a \u00e9t\u00e9 refaite en 2006 par l\u2019artiste peintre et cin\u00e9aste Julian Schnabel. Tout le charme de Gramercy se trouve dans cet ensemble architectural tr\u00e8s 19e si\u00e8cle, r\u00e9investi par les designers afin d\u2019adapter les int\u00e9rieurs au mode de vie contemporain. Pour un architecte, le d\u00e9fi est de respecter cette atmosph\u00e8re tout en y laissant son empreinte artistique. Les projets d&rsquo;Ulises Liceaga Parmi les maisons de [&hellip;]","og_url":"https:\/\/magazineluxe.com\/fr\/une-elegante-residence-contemporaine-innovatrice-et-lumineuse-par-ulises-liceaga\/","og_site_name":"MAGAZINE LUXE - Immobilier | Design | Art de vivre","article_published_time":"2015-09-03T13:35:59+00:00","article_modified_time":"2020-03-05T23:19:29+00:00","og_image":[{"width":1920,"height":1280,"url":"https:\/\/magazineluxe.com\/wp-content\/uploads\/2015\/09\/ulises-liceaga-2.jpg","type":"image\/jpeg"}],"author":"\u00c2tma","twitter_card":"summary_large_image","twitter_misc":{"\u00c9crit par":"\u00c2tma","Dur\u00e9e de lecture estim\u00e9e":"3 minutes"},"schema":{"@context":"https:\/\/schema.org","@graph":[{"@type":"Article","@id":"https:\/\/magazineluxe.com\/fr\/une-elegante-residence-contemporaine-innovatrice-et-lumineuse-par-ulises-liceaga\/#article","isPartOf":{"@id":"https:\/\/magazineluxe.com\/fr\/une-elegante-residence-contemporaine-innovatrice-et-lumineuse-par-ulises-liceaga\/"},"author":{"name":"\u00c2tma","@id":"https:\/\/magazineluxe.com\/fr\/#\/schema\/person\/8adc55c929911b0b55d79cb0e89a2078"},"headline":"Une \u00e9l\u00e9gante r\u00e9sidence contemporaine innovatrice et lumineuse par Ulises Liceaga","datePublished":"2015-09-03T13:35:59+00:00","dateModified":"2020-03-05T23:19:29+00:00","mainEntityOfPage":{"@id":"https:\/\/magazineluxe.com\/fr\/une-elegante-residence-contemporaine-innovatrice-et-lumineuse-par-ulises-liceaga\/"},"wordCount":711,"image":{"@id":"https:\/\/magazineluxe.com\/fr\/une-elegante-residence-contemporaine-innovatrice-et-lumineuse-par-ulises-liceaga\/#primaryimage"},"thumbnailUrl":"https:\/\/magazineluxe.com\/wp-content\/uploads\/2015\/09\/ulises-liceaga-2.jpg","articleSection":["Design","Immobilier","New York"],"inLanguage":"fr-FR"},{"@type":"WebPage","@id":"https:\/\/magazineluxe.com\/fr\/une-elegante-residence-contemporaine-innovatrice-et-lumineuse-par-ulises-liceaga\/","url":"https:\/\/magazineluxe.com\/fr\/une-elegante-residence-contemporaine-innovatrice-et-lumineuse-par-ulises-liceaga\/","name":"Une \u00e9l\u00e9gante r\u00e9sidence contemporaine innovatrice et lumineuse par Ulises Liceaga - MAGAZINE LUXE - Immobilier | Design | Art de vivre","isPartOf":{"@id":"https:\/\/magazineluxe.com\/fr\/#website"},"primaryImageOfPage":{"@id":"https:\/\/magazineluxe.com\/fr\/une-elegante-residence-contemporaine-innovatrice-et-lumineuse-par-ulises-liceaga\/#primaryimage"},"image":{"@id":"https:\/\/magazineluxe.com\/fr\/une-elegante-residence-contemporaine-innovatrice-et-lumineuse-par-ulises-liceaga\/#primaryimage"},"thumbnailUrl":"https:\/\/magazineluxe.com\/wp-content\/uploads\/2015\/09\/ulises-liceaga-2.jpg","datePublished":"2015-09-03T13:35:59+00:00","dateModified":"2020-03-05T23:19:29+00:00","author":{"@id":"https:\/\/magazineluxe.com\/fr\/#\/schema\/person\/8adc55c929911b0b55d79cb0e89a2078"},"breadcrumb":{"@id":"https:\/\/magazineluxe.com\/fr\/une-elegante-residence-contemporaine-innovatrice-et-lumineuse-par-ulises-liceaga\/#breadcrumb"},"inLanguage":"fr-FR","potentialAction":[{"@type":"ReadAction","target":["https:\/\/magazineluxe.com\/fr\/une-elegante-residence-contemporaine-innovatrice-et-lumineuse-par-ulises-liceaga\/"]}]},{"@type":"ImageObject","inLanguage":"fr-FR","@id":"https:\/\/magazineluxe.com\/fr\/une-elegante-residence-contemporaine-innovatrice-et-lumineuse-par-ulises-liceaga\/#primaryimage","url":"https:\/\/magazineluxe.com\/wp-content\/uploads\/2015\/09\/ulises-liceaga-2.jpg","contentUrl":"https:\/\/magazineluxe.com\/wp-content\/uploads\/2015\/09\/ulises-liceaga-2.jpg","width":1920,"height":1280},{"@type":"BreadcrumbList","@id":"https:\/\/magazineluxe.com\/fr\/une-elegante-residence-contemporaine-innovatrice-et-lumineuse-par-ulises-liceaga\/#breadcrumb","itemListElement":[{"@type":"ListItem","position":1,"name":"Accueil","item":"https:\/\/magazineluxe.com\/fr\/"},{"@type":"ListItem","position":2,"name":"Une \u00e9l\u00e9gante r\u00e9sidence contemporaine innovatrice et lumineuse par Ulises Liceaga"}]},{"@type":"WebSite","@id":"https:\/\/magazineluxe.com\/fr\/#website","url":"https:\/\/magazineluxe.com\/fr\/","name":"MAGAZINE LUXE - Immobilier | Design | Art de vivre","description":"MAGAZINE LUXE - Immobilier | Design | Art de vivre","potentialAction":[{"@type":"SearchAction","target":{"@type":"EntryPoint","urlTemplate":"https:\/\/magazineluxe.com\/fr\/?s={search_term_string}"},"query-input":{"@type":"PropertyValueSpecification","valueRequired":true,"valueName":"search_term_string"}}],"inLanguage":"fr-FR"},{"@type":"Person","@id":"https:\/\/magazineluxe.com\/fr\/#\/schema\/person\/8adc55c929911b0b55d79cb0e89a2078","name":"\u00c2tma","image":{"@type":"ImageObject","inLanguage":"fr-FR","@id":"https:\/\/secure.gravatar.com\/avatar\/8f040abb094cad542949c1488512389277711ac5ee0e395bbebaa2573f7a2377?s=96&d=mm&r=g","url":"https:\/\/secure.gravatar.com\/avatar\/8f040abb094cad542949c1488512389277711ac5ee0e395bbebaa2573f7a2377?s=96&d=mm&r=g","contentUrl":"https:\/\/secure.gravatar.com\/avatar\/8f040abb094cad542949c1488512389277711ac5ee0e395bbebaa2573f7a2377?s=96&d=mm&r=g","caption":"\u00c2tma"},"url":"https:\/\/magazineluxe.com\/fr\/author\/atma\/"}]}},"_links":{"self":[{"href":"https:\/\/magazineluxe.com\/fr\/wp-json\/wp\/v2\/posts\/7441","targetHints":{"allow":["GET"]}}],"collection":[{"href":"https:\/\/magazineluxe.com\/fr\/wp-json\/wp\/v2\/posts"}],"about":[{"href":"https:\/\/magazineluxe.com\/fr\/wp-json\/wp\/v2\/types\/post"}],"author":[{"embeddable":true,"href":"https:\/\/magazineluxe.com\/fr\/wp-json\/wp\/v2\/users\/710"}],"replies":[{"embeddable":true,"href":"https:\/\/magazineluxe.com\/fr\/wp-json\/wp\/v2\/comments?post=7441"}],"version-history":[{"count":5,"href":"https:\/\/magazineluxe.com\/fr\/wp-json\/wp\/v2\/posts\/7441\/revisions"}],"predecessor-version":[{"id":16090,"href":"https:\/\/magazineluxe.com\/fr\/wp-json\/wp\/v2\/posts\/7441\/revisions\/16090"}],"wp:featuredmedia":[{"embeddable":true,"href":"https:\/\/magazineluxe.com\/fr\/wp-json\/wp\/v2\/media\/16088"}],"wp:attachment":[{"href":"https:\/\/magazineluxe.com\/fr\/wp-json\/wp\/v2\/media?parent=7441"}],"wp:term":[{"taxonomy":"category","embeddable":true,"href":"https:\/\/magazineluxe.com\/fr\/wp-json\/wp\/v2\/categories?post=7441"},{"taxonomy":"post_tag","embeddable":true,"href":"https:\/\/magazineluxe.com\/fr\/wp-json\/wp\/v2\/tags?post=7441"}],"curies":[{"name":"wp","href":"https:\/\/api.w.org\/{rel}","templated":true}]}}