{"id":7616,"date":"2015-12-15T15:53:40","date_gmt":"2015-12-15T20:53:40","guid":{"rendered":"http:\/\/magazineluxe.com\/\/?p=7616"},"modified":"2020-03-02T17:21:48","modified_gmt":"2020-03-02T22:21:48","slug":"chateau-les-crostes-residence-de-claire-et-felix-de-luxembourg","status":"publish","type":"post","link":"https:\/\/magazineluxe.com\/fr\/chateau-les-crostes-residence-de-claire-et-felix-de-luxembourg\/","title":{"rendered":"Ch\u00e2teau les Crostes : r\u00e9sidence de Claire et F\u00e9lix de Luxembourg"},"content":{"rendered":"<p><strong>Nich\u00e9 au c\u0153ur de la Provence non loin du joli village de Lorgues, ce magnifique ch\u00e2teau du 12<sup>e<\/sup>\u00a0si\u00e8cle s\u2019\u00e9tend sur un domaine de 200\u00a0hectares, dont 55\u00a0hectares de vignes. Habit\u00e9 la moiti\u00e9 de l\u2019ann\u00e9e par ses propri\u00e9taires, la princesse Claire et le prince F\u00e9lix de Luxembourg, ainsi que par leur adorable petite fille Amalia, le Ch\u00e2teau les Crostes <\/strong><strong>peut \u00eatre lou\u00e9 entre mai et septembre. <em>LUXE<\/em> vous invite \u00e0 une visite guid\u00e9e de ce domaine d\u2019exception.<\/strong><\/p>\n<p>&nbsp;<\/p>\n<p><a href=\"https:\/\/magazineluxe.com\/wp-content\/uploads\/2015\/12\/chateau-les-crostes-7.jpg\"><img loading=\"lazy\" decoding=\"async\" class=\"aligncenter size-full wp-image-15886\" src=\"https:\/\/magazineluxe.com\/wp-content\/uploads\/2015\/12\/chateau-les-crostes-7.jpg\" alt=\"\" width=\"1000\" height=\"665\" srcset=\"https:\/\/magazineluxe.com\/wp-content\/uploads\/2015\/12\/chateau-les-crostes-7.jpg 1000w, https:\/\/magazineluxe.com\/wp-content\/uploads\/2015\/12\/chateau-les-crostes-7-300x200.jpg 300w, https:\/\/magazineluxe.com\/wp-content\/uploads\/2015\/12\/chateau-les-crostes-7-768x511.jpg 768w, https:\/\/magazineluxe.com\/wp-content\/uploads\/2015\/12\/chateau-les-crostes-7-128x86.jpg 128w\" sizes=\"auto, (max-width: 1000px) 100vw, 1000px\" \/><\/a><\/p>\n<p>&nbsp;<\/p>\n<p>Le chant des cigales, des champs d\u2019oliviers \u00e0 perte de vue, des terres doucement vallonn\u00e9es recouvertes de vignes et de buissons de ch\u00eanes verts&#8230; Le Ch\u00e2teau les Crostes est un v\u00e9ritable havre de paix, \u00e0 seulement 40\u00a0minutes en voiture de Saint-Tropez. C\u2019est ici que le prince F\u00e9lix de Luxembourg et son \u00e9pouse, la princesse Claire de Luxembourg, ont choisi de jeter l\u2019ancre depuis leur mariage en 2013. Tandis que la princesse Claire termine un doctorat en bio\u00e9thique, le prince, lui, g\u00e8re l\u2019exploitation viticole appartenant \u00e0 la famille de la jeune femme. D\u2019octobre \u00e0 avril, ils y vivent comme n\u2019importe quel jeune couple, en \u00e9quilibre entre travail et vie familiale (leur petite Amalia a maintenant un an). Toutefois, lorsque les beaux jours arrivent, ils quittent leur nid douillet pour quelques mois afin d\u2019en faire profiter les visiteurs d\u00e9sireux de d\u00e9couvrir la r\u00e9gion.<\/p>\n<p>&nbsp;<\/p>\n<p><a href=\"https:\/\/magazineluxe.com\/wp-content\/uploads\/2015\/12\/chateau-les-crostes-6.jpg\"><img loading=\"lazy\" decoding=\"async\" class=\"aligncenter size-full wp-image-15884\" src=\"https:\/\/magazineluxe.com\/wp-content\/uploads\/2015\/12\/chateau-les-crostes-6.jpg\" alt=\"\" width=\"572\" height=\"1000\" srcset=\"https:\/\/magazineluxe.com\/wp-content\/uploads\/2015\/12\/chateau-les-crostes-6.jpg 572w, https:\/\/magazineluxe.com\/wp-content\/uploads\/2015\/12\/chateau-les-crostes-6-172x300.jpg 172w\" sizes=\"auto, (max-width: 572px) 100vw, 572px\" \/><\/a><\/p>\n<h3><strong>Luxe, calme et volupt\u00e9<\/strong><\/h3>\n<p>Se dressant sur deux \u00e9tages, le ch\u00e2teau s\u2019\u00e9tend majestueusement sur quelque 7\u00a0530\u00a0pieds carr\u00e9s. Dot\u00e9e de grands espaces de r\u00e9ception, dont deux salons et deux salles \u00e0 manger avec foyer, la demeure offre un int\u00e9rieur au charme proven\u00e7al authentique. Elle dispose \u00e9galement d\u2019une cuisine tout \u00e9quip\u00e9e, d\u2019une biblioth\u00e8que au charme d\u2019antan, d\u2019une salle de billard, d\u2019un sauna et d\u2019une salle de conditionnement physique. \u00c0 l\u2019\u00e9tage, neuf chambres chaleureuses et spacieuses sont joliment d\u00e9cor\u00e9es et pourvues chacune d\u2019une salle d\u2019eau.<\/p>\n<p>&nbsp;<\/p>\n<p><a href=\"https:\/\/magazineluxe.com\/wp-content\/uploads\/2015\/12\/chateau-les-crostes-8.jpg\"><img loading=\"lazy\" decoding=\"async\" class=\"aligncenter size-full wp-image-15888\" src=\"https:\/\/magazineluxe.com\/wp-content\/uploads\/2015\/12\/chateau-les-crostes-8.jpg\" alt=\"\" width=\"1920\" height=\"1280\" srcset=\"https:\/\/magazineluxe.com\/wp-content\/uploads\/2015\/12\/chateau-les-crostes-8.jpg 1920w, https:\/\/magazineluxe.com\/wp-content\/uploads\/2015\/12\/chateau-les-crostes-8-300x200.jpg 300w, https:\/\/magazineluxe.com\/wp-content\/uploads\/2015\/12\/chateau-les-crostes-8-1024x683.jpg 1024w, https:\/\/magazineluxe.com\/wp-content\/uploads\/2015\/12\/chateau-les-crostes-8-768x512.jpg 768w, https:\/\/magazineluxe.com\/wp-content\/uploads\/2015\/12\/chateau-les-crostes-8-1536x1024.jpg 1536w, https:\/\/magazineluxe.com\/wp-content\/uploads\/2015\/12\/chateau-les-crostes-8-1300x867.jpg 1300w, https:\/\/magazineluxe.com\/wp-content\/uploads\/2015\/12\/chateau-les-crostes-8-128x86.jpg 128w\" sizes=\"auto, (max-width: 1920px) 100vw, 1920px\" \/><\/a><a href=\"https:\/\/magazineluxe.com\/wp-content\/uploads\/2015\/12\/chateau-les-crostes-5.jpg\"><img loading=\"lazy\" decoding=\"async\" class=\"aligncenter size-full wp-image-15882\" src=\"https:\/\/magazineluxe.com\/wp-content\/uploads\/2015\/12\/chateau-les-crostes-5.jpg\" alt=\"\" width=\"905\" height=\"1000\" srcset=\"https:\/\/magazineluxe.com\/wp-content\/uploads\/2015\/12\/chateau-les-crostes-5.jpg 905w, https:\/\/magazineluxe.com\/wp-content\/uploads\/2015\/12\/chateau-les-crostes-5-272x300.jpg 272w, https:\/\/magazineluxe.com\/wp-content\/uploads\/2015\/12\/chateau-les-crostes-5-768x849.jpg 768w\" sizes=\"auto, (max-width: 905px) 100vw, 905px\" \/><\/a><\/p>\n<p>&nbsp;<\/p>\n<p>L\u2019ext\u00e9rieur n\u2019est pas en reste. Une piscine avec Jacuzzi, un terrain de p\u00e9tanque, des courts de tennis et un immense parc o\u00f9 vivent quelques ch\u00e8vres\u00a0: le ch\u00e2teau offre tout ce qu\u2019il faut pour profiter de la belle saison. Bien entendu, ceux qui souhaitent se rendre \u00e0 Saint-Tropez ou \u00e0 Monaco en quelques minutes peuvent le faire facilement gr\u00e2ce \u00e0 l\u2019h\u00e9liport du domaine. En outre, les services d\u2019un majordome, d\u2019un chef cuisinier ainsi que d\u2019une femme de m\u00e9nage sont mis \u00e0 la disposition des locataires.<\/p>\n<p>&nbsp;<\/p>\n<p>Le domaine peut \u00eatre lou\u00e9 entre mai et septembre et peut \u00e9galement accueillir des mariages, des s\u00e9minaires ou d\u2019autres \u00e9v\u00e9nements.<\/p>\n<h4><strong>\u00c0 faire aux alentours<\/strong><\/h4>\n<ul>\n<li>Manger la d\u00e9licieuse cuisine aux truffes de <a href=\"https:\/\/magazineluxe.com\/fr\/chez-bruno-de-pere-en-fils\/\">Chez Bruno<\/a><\/li>\n<li>Aller se promener et se baigner \u00e0 Saint-Tropez, \u00e0 Cannes, \u00e0 Monaco, en voiture ou en h\u00e9licopt\u00e8re<\/li>\n<li>D\u00e9couvrir la beaut\u00e9 des Gorges du Verdon<\/li>\n<li>Visiter les villages pittoresques de la r\u00e9gion<\/li>\n<\/ul>\n<h4><strong>Pour toute information<\/strong><\/h4>\n<p>John Taylor<\/p>\n<p><a href=\"mailto:sttropez@john-taylor.com\" target=\"_blank\" rel=\"noopener noreferrer\">sttropez@john-taylor.com<\/a><\/p>\n<p>&nbsp;<\/p>\n<p>Texte : Diane Stehle<\/p>\n","protected":false},"excerpt":{"rendered":"<p>Nich\u00e9 au c\u0153ur de la Provence non loin du joli village de Lorgues, ce magnifique ch\u00e2teau du 12e\u00a0si\u00e8cle s\u2019\u00e9tend sur un domaine de 200\u00a0hectares, dont 55\u00a0hectares de vignes. Habit\u00e9 la moiti\u00e9 de l\u2019ann\u00e9e par ses propri\u00e9taires, la princesse Claire et le prince F\u00e9lix de Luxembourg, ainsi que par leur adorable petite fille Amalia, le Ch\u00e2teau les Crostes peut \u00eatre lou\u00e9 entre mai et septembre. LUXE vous invite \u00e0 une visite guid\u00e9e de ce domaine d\u2019exception. &nbsp; &nbsp; Le chant des cigales, des champs d\u2019oliviers \u00e0 perte de vue, des terres doucement vallonn\u00e9es recouvertes de vignes et de buissons de ch\u00eanes verts&#8230; Le Ch\u00e2teau les Crostes est un v\u00e9ritable havre de paix, \u00e0 seulement 40\u00a0minutes en voiture de Saint-Tropez. C\u2019est ici que le prince F\u00e9lix de Luxembourg et son \u00e9pouse, la princesse Claire de Luxembourg, ont choisi de jeter l\u2019ancre depuis leur mariage en 2013. Tandis que la princesse Claire termine un doctorat en bio\u00e9thique, le prince, lui, g\u00e8re l\u2019exploitation viticole appartenant \u00e0 la famille de la jeune femme. D\u2019octobre \u00e0 avril, ils y vivent comme n\u2019importe quel jeune couple, en \u00e9quilibre entre travail et vie familiale (leur petite Amalia a maintenant un an). Toutefois, lorsque les beaux jours arrivent, ils [&hellip;]<\/p>\n","protected":false},"author":710,"featured_media":15890,"comment_status":"closed","ping_status":"closed","sticky":false,"template":"","format":"standard","meta":{"_monsterinsights_skip_tracking":false,"_monsterinsights_sitenote_active":false,"_monsterinsights_sitenote_note":"","_monsterinsights_sitenote_category":0,"footnotes":""},"categories":[524],"tags":[],"class_list":["post-7616","post","type-post","status-publish","format-standard","has-post-thumbnail","hentry","category-voyage"],"yoast_head":"<!-- This site is optimized with the Yoast SEO plugin v27.4 - https:\/\/yoast.com\/product\/yoast-seo-wordpress\/ -->\n<title>Ch\u00e2teau les Crostes : r\u00e9sidence de Claire et F\u00e9lix de Luxembourg - MAGAZINE LUXE - Immobilier | Design | Art de vivre<\/title>\n<meta name=\"robots\" content=\"index, follow, max-snippet:-1, max-image-preview:large, max-video-preview:-1\" \/>\n<link rel=\"canonical\" href=\"https:\/\/magazineluxe.com\/fr\/chateau-les-crostes-residence-de-claire-et-felix-de-luxembourg\/\" \/>\n<meta property=\"og:locale\" content=\"fr_FR\" \/>\n<meta property=\"og:type\" content=\"article\" \/>\n<meta property=\"og:title\" content=\"Ch\u00e2teau les Crostes : r\u00e9sidence de Claire et F\u00e9lix de Luxembourg - MAGAZINE LUXE - Immobilier | Design | Art de vivre\" \/>\n<meta property=\"og:description\" content=\"Nich\u00e9 au c\u0153ur de la Provence non loin du joli village de Lorgues, ce magnifique ch\u00e2teau du 12e\u00a0si\u00e8cle s\u2019\u00e9tend sur un domaine de 200\u00a0hectares, dont 55\u00a0hectares de vignes. Habit\u00e9 la moiti\u00e9 de l\u2019ann\u00e9e par ses propri\u00e9taires, la princesse Claire et le prince F\u00e9lix de Luxembourg, ainsi que par leur adorable petite fille Amalia, le Ch\u00e2teau les Crostes peut \u00eatre lou\u00e9 entre mai et septembre. LUXE vous invite \u00e0 une visite guid\u00e9e de ce domaine d\u2019exception. &nbsp; &nbsp; Le chant des cigales, des champs d\u2019oliviers \u00e0 perte de vue, des terres doucement vallonn\u00e9es recouvertes de vignes et de buissons de ch\u00eanes verts&#8230; Le Ch\u00e2teau les Crostes est un v\u00e9ritable havre de paix, \u00e0 seulement 40\u00a0minutes en voiture de Saint-Tropez. C\u2019est ici que le prince F\u00e9lix de Luxembourg et son \u00e9pouse, la princesse Claire de Luxembourg, ont choisi de jeter l\u2019ancre depuis leur mariage en 2013. Tandis que la princesse Claire termine un doctorat en bio\u00e9thique, le prince, lui, g\u00e8re l\u2019exploitation viticole appartenant \u00e0 la famille de la jeune femme. D\u2019octobre \u00e0 avril, ils y vivent comme n\u2019importe quel jeune couple, en \u00e9quilibre entre travail et vie familiale (leur petite Amalia a maintenant un an). Toutefois, lorsque les beaux jours arrivent, ils [&hellip;]\" \/>\n<meta property=\"og:url\" content=\"https:\/\/magazineluxe.com\/fr\/chateau-les-crostes-residence-de-claire-et-felix-de-luxembourg\/\" \/>\n<meta property=\"og:site_name\" content=\"MAGAZINE LUXE - Immobilier | Design | Art de vivre\" \/>\n<meta property=\"article:published_time\" content=\"2015-12-15T20:53:40+00:00\" \/>\n<meta property=\"article:modified_time\" content=\"2020-03-02T22:21:48+00:00\" \/>\n<meta property=\"og:image\" content=\"https:\/\/magazineluxe.com\/wp-content\/uploads\/2015\/12\/chateau-les-crostes-9.jpg\" \/>\n\t<meta property=\"og:image:width\" content=\"1920\" \/>\n\t<meta property=\"og:image:height\" content=\"1280\" \/>\n\t<meta property=\"og:image:type\" content=\"image\/jpeg\" \/>\n<meta name=\"author\" content=\"\u00c2tma\" \/>\n<meta name=\"twitter:card\" content=\"summary_large_image\" \/>\n<meta name=\"twitter:label1\" content=\"\u00c9crit par\" \/>\n\t<meta name=\"twitter:data1\" content=\"\u00c2tma\" \/>\n\t<meta name=\"twitter:label2\" content=\"Dur\u00e9e de lecture estim\u00e9e\" \/>\n\t<meta name=\"twitter:data2\" content=\"3 minutes\" \/>\n<script type=\"application\/ld+json\" class=\"yoast-schema-graph\">{\"@context\":\"https:\\\/\\\/schema.org\",\"@graph\":[{\"@type\":\"Article\",\"@id\":\"https:\\\/\\\/magazineluxe.com\\\/fr\\\/chateau-les-crostes-residence-de-claire-et-felix-de-luxembourg\\\/#article\",\"isPartOf\":{\"@id\":\"https:\\\/\\\/magazineluxe.com\\\/fr\\\/chateau-les-crostes-residence-de-claire-et-felix-de-luxembourg\\\/\"},\"author\":{\"name\":\"\u00c2tma\",\"@id\":\"https:\\\/\\\/magazineluxe.com\\\/fr\\\/#\\\/schema\\\/person\\\/8adc55c929911b0b55d79cb0e89a2078\"},\"headline\":\"Ch\u00e2teau les Crostes : r\u00e9sidence de Claire et F\u00e9lix de Luxembourg\",\"datePublished\":\"2015-12-15T20:53:40+00:00\",\"dateModified\":\"2020-03-02T22:21:48+00:00\",\"mainEntityOfPage\":{\"@id\":\"https:\\\/\\\/magazineluxe.com\\\/fr\\\/chateau-les-crostes-residence-de-claire-et-felix-de-luxembourg\\\/\"},\"wordCount\":532,\"image\":{\"@id\":\"https:\\\/\\\/magazineluxe.com\\\/fr\\\/chateau-les-crostes-residence-de-claire-et-felix-de-luxembourg\\\/#primaryimage\"},\"thumbnailUrl\":\"https:\\\/\\\/magazineluxe.com\\\/wp-content\\\/uploads\\\/2015\\\/12\\\/chateau-les-crostes-9.jpg\",\"articleSection\":[\"Voyage\"],\"inLanguage\":\"fr-FR\"},{\"@type\":\"WebPage\",\"@id\":\"https:\\\/\\\/magazineluxe.com\\\/fr\\\/chateau-les-crostes-residence-de-claire-et-felix-de-luxembourg\\\/\",\"url\":\"https:\\\/\\\/magazineluxe.com\\\/fr\\\/chateau-les-crostes-residence-de-claire-et-felix-de-luxembourg\\\/\",\"name\":\"Ch\u00e2teau les Crostes : r\u00e9sidence de Claire et F\u00e9lix de Luxembourg - MAGAZINE LUXE - Immobilier | Design | Art de vivre\",\"isPartOf\":{\"@id\":\"https:\\\/\\\/magazineluxe.com\\\/fr\\\/#website\"},\"primaryImageOfPage\":{\"@id\":\"https:\\\/\\\/magazineluxe.com\\\/fr\\\/chateau-les-crostes-residence-de-claire-et-felix-de-luxembourg\\\/#primaryimage\"},\"image\":{\"@id\":\"https:\\\/\\\/magazineluxe.com\\\/fr\\\/chateau-les-crostes-residence-de-claire-et-felix-de-luxembourg\\\/#primaryimage\"},\"thumbnailUrl\":\"https:\\\/\\\/magazineluxe.com\\\/wp-content\\\/uploads\\\/2015\\\/12\\\/chateau-les-crostes-9.jpg\",\"datePublished\":\"2015-12-15T20:53:40+00:00\",\"dateModified\":\"2020-03-02T22:21:48+00:00\",\"author\":{\"@id\":\"https:\\\/\\\/magazineluxe.com\\\/fr\\\/#\\\/schema\\\/person\\\/8adc55c929911b0b55d79cb0e89a2078\"},\"breadcrumb\":{\"@id\":\"https:\\\/\\\/magazineluxe.com\\\/fr\\\/chateau-les-crostes-residence-de-claire-et-felix-de-luxembourg\\\/#breadcrumb\"},\"inLanguage\":\"fr-FR\",\"potentialAction\":[{\"@type\":\"ReadAction\",\"target\":[\"https:\\\/\\\/magazineluxe.com\\\/fr\\\/chateau-les-crostes-residence-de-claire-et-felix-de-luxembourg\\\/\"]}]},{\"@type\":\"ImageObject\",\"inLanguage\":\"fr-FR\",\"@id\":\"https:\\\/\\\/magazineluxe.com\\\/fr\\\/chateau-les-crostes-residence-de-claire-et-felix-de-luxembourg\\\/#primaryimage\",\"url\":\"https:\\\/\\\/magazineluxe.com\\\/wp-content\\\/uploads\\\/2015\\\/12\\\/chateau-les-crostes-9.jpg\",\"contentUrl\":\"https:\\\/\\\/magazineluxe.com\\\/wp-content\\\/uploads\\\/2015\\\/12\\\/chateau-les-crostes-9.jpg\",\"width\":1920,\"height\":1280},{\"@type\":\"BreadcrumbList\",\"@id\":\"https:\\\/\\\/magazineluxe.com\\\/fr\\\/chateau-les-crostes-residence-de-claire-et-felix-de-luxembourg\\\/#breadcrumb\",\"itemListElement\":[{\"@type\":\"ListItem\",\"position\":1,\"name\":\"Accueil\",\"item\":\"https:\\\/\\\/magazineluxe.com\\\/fr\\\/\"},{\"@type\":\"ListItem\",\"position\":2,\"name\":\"Ch\u00e2teau les Crostes : r\u00e9sidence de Claire et F\u00e9lix de Luxembourg\"}]},{\"@type\":\"WebSite\",\"@id\":\"https:\\\/\\\/magazineluxe.com\\\/fr\\\/#website\",\"url\":\"https:\\\/\\\/magazineluxe.com\\\/fr\\\/\",\"name\":\"MAGAZINE LUXE - Immobilier | Design | Art de vivre\",\"description\":\"MAGAZINE LUXE - Immobilier | Design | Art de vivre\",\"potentialAction\":[{\"@type\":\"SearchAction\",\"target\":{\"@type\":\"EntryPoint\",\"urlTemplate\":\"https:\\\/\\\/magazineluxe.com\\\/fr\\\/?s={search_term_string}\"},\"query-input\":{\"@type\":\"PropertyValueSpecification\",\"valueRequired\":true,\"valueName\":\"search_term_string\"}}],\"inLanguage\":\"fr-FR\"},{\"@type\":\"Person\",\"@id\":\"https:\\\/\\\/magazineluxe.com\\\/fr\\\/#\\\/schema\\\/person\\\/8adc55c929911b0b55d79cb0e89a2078\",\"name\":\"\u00c2tma\",\"image\":{\"@type\":\"ImageObject\",\"inLanguage\":\"fr-FR\",\"@id\":\"https:\\\/\\\/secure.gravatar.com\\\/avatar\\\/8f040abb094cad542949c1488512389277711ac5ee0e395bbebaa2573f7a2377?s=96&d=mm&r=g\",\"url\":\"https:\\\/\\\/secure.gravatar.com\\\/avatar\\\/8f040abb094cad542949c1488512389277711ac5ee0e395bbebaa2573f7a2377?s=96&d=mm&r=g\",\"contentUrl\":\"https:\\\/\\\/secure.gravatar.com\\\/avatar\\\/8f040abb094cad542949c1488512389277711ac5ee0e395bbebaa2573f7a2377?s=96&d=mm&r=g\",\"caption\":\"\u00c2tma\"},\"url\":\"https:\\\/\\\/magazineluxe.com\\\/fr\\\/author\\\/atma\\\/\"}]}<\/script>\n<!-- \/ Yoast SEO plugin. -->","yoast_head_json":{"title":"Ch\u00e2teau les Crostes : r\u00e9sidence de Claire et F\u00e9lix de Luxembourg - MAGAZINE LUXE - Immobilier | Design | Art de vivre","robots":{"index":"index","follow":"follow","max-snippet":"max-snippet:-1","max-image-preview":"max-image-preview:large","max-video-preview":"max-video-preview:-1"},"canonical":"https:\/\/magazineluxe.com\/fr\/chateau-les-crostes-residence-de-claire-et-felix-de-luxembourg\/","og_locale":"fr_FR","og_type":"article","og_title":"Ch\u00e2teau les Crostes : r\u00e9sidence de Claire et F\u00e9lix de Luxembourg - MAGAZINE LUXE - Immobilier | Design | Art de vivre","og_description":"Nich\u00e9 au c\u0153ur de la Provence non loin du joli village de Lorgues, ce magnifique ch\u00e2teau du 12e\u00a0si\u00e8cle s\u2019\u00e9tend sur un domaine de 200\u00a0hectares, dont 55\u00a0hectares de vignes. Habit\u00e9 la moiti\u00e9 de l\u2019ann\u00e9e par ses propri\u00e9taires, la princesse Claire et le prince F\u00e9lix de Luxembourg, ainsi que par leur adorable petite fille Amalia, le Ch\u00e2teau les Crostes peut \u00eatre lou\u00e9 entre mai et septembre. LUXE vous invite \u00e0 une visite guid\u00e9e de ce domaine d\u2019exception. &nbsp; &nbsp; Le chant des cigales, des champs d\u2019oliviers \u00e0 perte de vue, des terres doucement vallonn\u00e9es recouvertes de vignes et de buissons de ch\u00eanes verts&#8230; Le Ch\u00e2teau les Crostes est un v\u00e9ritable havre de paix, \u00e0 seulement 40\u00a0minutes en voiture de Saint-Tropez. C\u2019est ici que le prince F\u00e9lix de Luxembourg et son \u00e9pouse, la princesse Claire de Luxembourg, ont choisi de jeter l\u2019ancre depuis leur mariage en 2013. Tandis que la princesse Claire termine un doctorat en bio\u00e9thique, le prince, lui, g\u00e8re l\u2019exploitation viticole appartenant \u00e0 la famille de la jeune femme. D\u2019octobre \u00e0 avril, ils y vivent comme n\u2019importe quel jeune couple, en \u00e9quilibre entre travail et vie familiale (leur petite Amalia a maintenant un an). Toutefois, lorsque les beaux jours arrivent, ils [&hellip;]","og_url":"https:\/\/magazineluxe.com\/fr\/chateau-les-crostes-residence-de-claire-et-felix-de-luxembourg\/","og_site_name":"MAGAZINE LUXE - Immobilier | Design | Art de vivre","article_published_time":"2015-12-15T20:53:40+00:00","article_modified_time":"2020-03-02T22:21:48+00:00","og_image":[{"width":1920,"height":1280,"url":"https:\/\/magazineluxe.com\/wp-content\/uploads\/2015\/12\/chateau-les-crostes-9.jpg","type":"image\/jpeg"}],"author":"\u00c2tma","twitter_card":"summary_large_image","twitter_misc":{"\u00c9crit par":"\u00c2tma","Dur\u00e9e de lecture estim\u00e9e":"3 minutes"},"schema":{"@context":"https:\/\/schema.org","@graph":[{"@type":"Article","@id":"https:\/\/magazineluxe.com\/fr\/chateau-les-crostes-residence-de-claire-et-felix-de-luxembourg\/#article","isPartOf":{"@id":"https:\/\/magazineluxe.com\/fr\/chateau-les-crostes-residence-de-claire-et-felix-de-luxembourg\/"},"author":{"name":"\u00c2tma","@id":"https:\/\/magazineluxe.com\/fr\/#\/schema\/person\/8adc55c929911b0b55d79cb0e89a2078"},"headline":"Ch\u00e2teau les Crostes : r\u00e9sidence de Claire et F\u00e9lix de Luxembourg","datePublished":"2015-12-15T20:53:40+00:00","dateModified":"2020-03-02T22:21:48+00:00","mainEntityOfPage":{"@id":"https:\/\/magazineluxe.com\/fr\/chateau-les-crostes-residence-de-claire-et-felix-de-luxembourg\/"},"wordCount":532,"image":{"@id":"https:\/\/magazineluxe.com\/fr\/chateau-les-crostes-residence-de-claire-et-felix-de-luxembourg\/#primaryimage"},"thumbnailUrl":"https:\/\/magazineluxe.com\/wp-content\/uploads\/2015\/12\/chateau-les-crostes-9.jpg","articleSection":["Voyage"],"inLanguage":"fr-FR"},{"@type":"WebPage","@id":"https:\/\/magazineluxe.com\/fr\/chateau-les-crostes-residence-de-claire-et-felix-de-luxembourg\/","url":"https:\/\/magazineluxe.com\/fr\/chateau-les-crostes-residence-de-claire-et-felix-de-luxembourg\/","name":"Ch\u00e2teau les Crostes : r\u00e9sidence de Claire et F\u00e9lix de Luxembourg - MAGAZINE LUXE - Immobilier | Design | Art de vivre","isPartOf":{"@id":"https:\/\/magazineluxe.com\/fr\/#website"},"primaryImageOfPage":{"@id":"https:\/\/magazineluxe.com\/fr\/chateau-les-crostes-residence-de-claire-et-felix-de-luxembourg\/#primaryimage"},"image":{"@id":"https:\/\/magazineluxe.com\/fr\/chateau-les-crostes-residence-de-claire-et-felix-de-luxembourg\/#primaryimage"},"thumbnailUrl":"https:\/\/magazineluxe.com\/wp-content\/uploads\/2015\/12\/chateau-les-crostes-9.jpg","datePublished":"2015-12-15T20:53:40+00:00","dateModified":"2020-03-02T22:21:48+00:00","author":{"@id":"https:\/\/magazineluxe.com\/fr\/#\/schema\/person\/8adc55c929911b0b55d79cb0e89a2078"},"breadcrumb":{"@id":"https:\/\/magazineluxe.com\/fr\/chateau-les-crostes-residence-de-claire-et-felix-de-luxembourg\/#breadcrumb"},"inLanguage":"fr-FR","potentialAction":[{"@type":"ReadAction","target":["https:\/\/magazineluxe.com\/fr\/chateau-les-crostes-residence-de-claire-et-felix-de-luxembourg\/"]}]},{"@type":"ImageObject","inLanguage":"fr-FR","@id":"https:\/\/magazineluxe.com\/fr\/chateau-les-crostes-residence-de-claire-et-felix-de-luxembourg\/#primaryimage","url":"https:\/\/magazineluxe.com\/wp-content\/uploads\/2015\/12\/chateau-les-crostes-9.jpg","contentUrl":"https:\/\/magazineluxe.com\/wp-content\/uploads\/2015\/12\/chateau-les-crostes-9.jpg","width":1920,"height":1280},{"@type":"BreadcrumbList","@id":"https:\/\/magazineluxe.com\/fr\/chateau-les-crostes-residence-de-claire-et-felix-de-luxembourg\/#breadcrumb","itemListElement":[{"@type":"ListItem","position":1,"name":"Accueil","item":"https:\/\/magazineluxe.com\/fr\/"},{"@type":"ListItem","position":2,"name":"Ch\u00e2teau les Crostes : r\u00e9sidence de Claire et F\u00e9lix de Luxembourg"}]},{"@type":"WebSite","@id":"https:\/\/magazineluxe.com\/fr\/#website","url":"https:\/\/magazineluxe.com\/fr\/","name":"MAGAZINE LUXE - Immobilier | Design | Art de vivre","description":"MAGAZINE LUXE - Immobilier | Design | Art de vivre","potentialAction":[{"@type":"SearchAction","target":{"@type":"EntryPoint","urlTemplate":"https:\/\/magazineluxe.com\/fr\/?s={search_term_string}"},"query-input":{"@type":"PropertyValueSpecification","valueRequired":true,"valueName":"search_term_string"}}],"inLanguage":"fr-FR"},{"@type":"Person","@id":"https:\/\/magazineluxe.com\/fr\/#\/schema\/person\/8adc55c929911b0b55d79cb0e89a2078","name":"\u00c2tma","image":{"@type":"ImageObject","inLanguage":"fr-FR","@id":"https:\/\/secure.gravatar.com\/avatar\/8f040abb094cad542949c1488512389277711ac5ee0e395bbebaa2573f7a2377?s=96&d=mm&r=g","url":"https:\/\/secure.gravatar.com\/avatar\/8f040abb094cad542949c1488512389277711ac5ee0e395bbebaa2573f7a2377?s=96&d=mm&r=g","contentUrl":"https:\/\/secure.gravatar.com\/avatar\/8f040abb094cad542949c1488512389277711ac5ee0e395bbebaa2573f7a2377?s=96&d=mm&r=g","caption":"\u00c2tma"},"url":"https:\/\/magazineluxe.com\/fr\/author\/atma\/"}]}},"_links":{"self":[{"href":"https:\/\/magazineluxe.com\/fr\/wp-json\/wp\/v2\/posts\/7616","targetHints":{"allow":["GET"]}}],"collection":[{"href":"https:\/\/magazineluxe.com\/fr\/wp-json\/wp\/v2\/posts"}],"about":[{"href":"https:\/\/magazineluxe.com\/fr\/wp-json\/wp\/v2\/types\/post"}],"author":[{"embeddable":true,"href":"https:\/\/magazineluxe.com\/fr\/wp-json\/wp\/v2\/users\/710"}],"replies":[{"embeddable":true,"href":"https:\/\/magazineluxe.com\/fr\/wp-json\/wp\/v2\/comments?post=7616"}],"version-history":[{"count":5,"href":"https:\/\/magazineluxe.com\/fr\/wp-json\/wp\/v2\/posts\/7616\/revisions"}],"predecessor-version":[{"id":15895,"href":"https:\/\/magazineluxe.com\/fr\/wp-json\/wp\/v2\/posts\/7616\/revisions\/15895"}],"wp:featuredmedia":[{"embeddable":true,"href":"https:\/\/magazineluxe.com\/fr\/wp-json\/wp\/v2\/media\/15890"}],"wp:attachment":[{"href":"https:\/\/magazineluxe.com\/fr\/wp-json\/wp\/v2\/media?parent=7616"}],"wp:term":[{"taxonomy":"category","embeddable":true,"href":"https:\/\/magazineluxe.com\/fr\/wp-json\/wp\/v2\/categories?post=7616"},{"taxonomy":"post_tag","embeddable":true,"href":"https:\/\/magazineluxe.com\/fr\/wp-json\/wp\/v2\/tags?post=7616"}],"curies":[{"name":"wp","href":"https:\/\/api.w.org\/{rel}","templated":true}]}}