{"id":9043,"date":"2017-07-11T19:22:57","date_gmt":"2017-07-11T23:22:57","guid":{"rendered":"http:\/\/magazineluxe.com\/\/?p=9043"},"modified":"2020-02-26T17:13:36","modified_gmt":"2020-02-26T22:13:36","slug":"dix-evenements-incontournables-pour-le-375e-anniversaire-de-montreal","status":"publish","type":"post","link":"https:\/\/magazineluxe.com\/fr\/dix-evenements-incontournables-pour-le-375e-anniversaire-de-montreal\/","title":{"rendered":"Dix \u00e9v\u00e9nements incontournables pour le 375e anniversaire de Montr\u00e9al"},"content":{"rendered":"<p><strong>Cet \u00e9t\u00e9 et jusqu\u2019\u00e0 l\u2019automne, un feu roulant d\u2019activit\u00e9s aura lieu pour souligner le 375e anniversaire de la m\u00e9tropole. Parmi les nombreux \u00e9v\u00e9nements propos\u00e9s, LUXE en a s\u00e9lectionn\u00e9 dix \u00e0 ne manquer sous aucun pr\u00e9texte.<\/strong><\/p>\n<p>&nbsp;<\/p>\n<h2><a href=\"https:\/\/avudo.ticketpro.ca\/?gclid=CjwKEAjwsqjKBRDtwOSjs6GTgmASJACRbI3fbMK0qRDMiOUyeu6SeolYUD4VNhm31bwJqwTI9GQsEhoCxonw_wcB\" target=\"_blank\" rel=\"noopener noreferrer\">1. Montr\u00e9al Avudo<\/a><\/h2>\n<p><strong>Du 17 mai au 2 septembre 2017 \u2014 Quai King Edward, Vieux-Port de Montr\u00e9al<\/strong><\/p>\n<p>Comptant parmi les plus beaux spectacles pr\u00e9sent\u00e9s dans le cadre du 375<sup>e<\/sup> anniversaire de Montr\u00e9al, <em>Montr\u00e9al Avudo<\/em>, une cr\u00e9ation de la renomm\u00e9e\u00a0<a href=\"http:\/\/finzipasca.com\/fr\/\" target=\"_blank\" rel=\"noopener noreferrer\">Compagnia Finzi Pasca<\/a>, propose un spectacle magnifique en hommage au fleuve Saint-Laurent dans le Vieux-Port. D\u2019immenses projections\u00a0inspir\u00e9es d\u2019\u00e9l\u00e9ments de l\u2019histoire de la ville transporteront le public dans le temps. Le spectacle est gratuit, mais il est obligatoire de r\u00e9server ses billets.<\/p>\n<p><a href=\"https:\/\/magazineluxe.com\/wp-content\/uploads\/2017\/07\/montreal-avudo.jpg\" target=\"_blank\" rel=\"noopener noreferrer\"><img loading=\"lazy\" decoding=\"async\" class=\"aligncenter wp-image-15611 size-full\" src=\"https:\/\/magazineluxe.com\/wp-content\/uploads\/2017\/07\/montreal-avudo.jpg\" alt=\"\" width=\"1920\" height=\"1280\" srcset=\"https:\/\/magazineluxe.com\/wp-content\/uploads\/2017\/07\/montreal-avudo.jpg 1920w, https:\/\/magazineluxe.com\/wp-content\/uploads\/2017\/07\/montreal-avudo-300x200.jpg 300w, https:\/\/magazineluxe.com\/wp-content\/uploads\/2017\/07\/montreal-avudo-1024x683.jpg 1024w, https:\/\/magazineluxe.com\/wp-content\/uploads\/2017\/07\/montreal-avudo-768x512.jpg 768w, https:\/\/magazineluxe.com\/wp-content\/uploads\/2017\/07\/montreal-avudo-1536x1024.jpg 1536w, https:\/\/magazineluxe.com\/wp-content\/uploads\/2017\/07\/montreal-avudo-1300x867.jpg 1300w, https:\/\/magazineluxe.com\/wp-content\/uploads\/2017\/07\/montreal-avudo-128x86.jpg 128w\" sizes=\"auto, (max-width: 1920px) 100vw, 1920px\" \/><\/a><\/p>\n<h6 style=\"text-align: center;\">\u00a9 Jimmy Hamelin<\/h6>\n<h2><a href=\"http:\/\/www.375mtl.com\/programmation\/aura-330\" target=\"_blank\" rel=\"noopener noreferrer\">2. AURA <\/a><\/h2>\n<p><strong>Jusqu\u2019au 31 d\u00e9cembre 2017 \u2014 Basilique Notre-Dame de Montr\u00e9al<\/strong><\/p>\n<p>Une immersion progressive dans un univers sonore et visuel captivant nous guide jusqu\u2019au c\u0153ur de Notre-Dame. Musique orchestrale et architecture grandiose se rencontrent ensuite pour offrir un spectacle multim\u00e9dia qui se d\u00e9roule en trois actes. Con\u00e7u par Moment Factory, ce spectacle vous plongera dans un univers inattendu, se d\u00e9ployant sur le plus sublime des canevas\u00a0: la Basilique Notre-Dame.<\/p>\n<p>&nbsp;<\/p>\n<h2><a href=\"http:\/\/www.montrealjazzfest.com\" target=\"_blank\" rel=\"noopener noreferrer\">3. Festival de jazz<\/a><\/h2>\n<p><strong>Du 28 juin\u00a0au\u00a08 juillet\u00a02017 \u2014 Place des Festivals, Montr\u00e9al<\/strong><\/p>\n<p>\u00c0 l\u2019occasion de cette 38<sup>e<\/sup> \u00e9dition<strong>,<\/strong> plusieurs centaines de milliers de personnes profiteront \u00e0 nouveau d\u2019une vaste programmation qui fait audacieusement le pont entre jazz, blues, rock, reggae, musique du monde et \u00e9lectro, avec plus de\u00a0<strong>500 concerts<\/strong>, dont les 2\/3 sont gratuits.<\/p>\n<p>&nbsp;<\/p>\n<h2><a href=\"https:\/\/www.infofestival.com\" target=\"_blank\" rel=\"noopener noreferrer\">4. Festival d\u2019\u00e9t\u00e9 de Qu\u00e9bec<\/a><\/h2>\n<p><strong>Du 6 au 16 juillet\u00a02017 \u2014 Plaines d\u2019Abraham et Place d\u2019Youville, Qu\u00e9bec<\/strong><\/p>\n<p>Cette ann\u00e9e, Metallica, Muse, Kendrick Lamar, The Who, Gorillaz, The Backstreet Boys, P!NK, Lady Antebellum et plusieurs autres grands noms prendront part au festival?!<\/p>\n<p><a href=\"https:\/\/magazineluxe.com\/wp-content\/uploads\/2017\/07\/festival-d-ete-de-quebec.jpg\" target=\"_blank\" rel=\"noopener noreferrer\"><img loading=\"lazy\" decoding=\"async\" class=\"aligncenter wp-image-15605 size-full\" src=\"https:\/\/magazineluxe.com\/wp-content\/uploads\/2017\/07\/festival-d-ete-de-quebec.jpg\" alt=\"\" width=\"1920\" height=\"1280\" srcset=\"https:\/\/magazineluxe.com\/wp-content\/uploads\/2017\/07\/festival-d-ete-de-quebec.jpg 1920w, https:\/\/magazineluxe.com\/wp-content\/uploads\/2017\/07\/festival-d-ete-de-quebec-300x200.jpg 300w, https:\/\/magazineluxe.com\/wp-content\/uploads\/2017\/07\/festival-d-ete-de-quebec-1024x683.jpg 1024w, https:\/\/magazineluxe.com\/wp-content\/uploads\/2017\/07\/festival-d-ete-de-quebec-768x512.jpg 768w, https:\/\/magazineluxe.com\/wp-content\/uploads\/2017\/07\/festival-d-ete-de-quebec-1536x1024.jpg 1536w, https:\/\/magazineluxe.com\/wp-content\/uploads\/2017\/07\/festival-d-ete-de-quebec-1300x867.jpg 1300w, https:\/\/magazineluxe.com\/wp-content\/uploads\/2017\/07\/festival-d-ete-de-quebec-128x86.jpg 128w\" sizes=\"auto, (max-width: 1920px) 100vw, 1920px\" \/><\/a><\/p>\n<h6 style=\"text-align: center;\">\u00a9\u00a0Andr\u00e9- Olivier Lyra<\/h6>\n<h2><a href=\"http:\/\/www.osm.ca\/fr\/375e-symphonie-montrealaise\" target=\"_blank\" rel=\"noopener noreferrer\">5.\u00a0Une symphonie montr\u00e9alaise de l\u2019OSM<\/a><\/h2>\n<p><strong>Du 31 mai au 2 juin 2017 \u2014 OSM<\/strong><\/p>\n<p>L\u2019Orchestre symphonique de Montr\u00e9al pr\u00e9sentera la\u00a0<em>Symphonie montr\u00e9alaise<\/em>, fruit de l\u2019association entre le jeune chef d\u2019orchestre et compositeur montr\u00e9alais Samy Moussa et le studio Moment Factory. Cette \u0153uvre unique cr\u00e9\u00e9e \u00e0 l\u2019occasion des c\u00e9l\u00e9brations du 375<sup>e<\/sup> anniversaire de Montr\u00e9al sera pr\u00e9sent\u00e9e en cl\u00f4ture de la 11<sup>e<\/sup>\u00a0saison du chef Kent Nagano.<\/p>\n<p><a href=\"https:\/\/magazineluxe.com\/wp-content\/uploads\/2017\/07\/osm.jpg\"><img loading=\"lazy\" decoding=\"async\" class=\"aligncenter size-full wp-image-15613\" src=\"https:\/\/magazineluxe.com\/wp-content\/uploads\/2017\/07\/osm.jpg\" alt=\"\" width=\"1920\" height=\"1280\" srcset=\"https:\/\/magazineluxe.com\/wp-content\/uploads\/2017\/07\/osm.jpg 1920w, https:\/\/magazineluxe.com\/wp-content\/uploads\/2017\/07\/osm-300x200.jpg 300w, https:\/\/magazineluxe.com\/wp-content\/uploads\/2017\/07\/osm-1024x683.jpg 1024w, https:\/\/magazineluxe.com\/wp-content\/uploads\/2017\/07\/osm-768x512.jpg 768w, https:\/\/magazineluxe.com\/wp-content\/uploads\/2017\/07\/osm-1536x1024.jpg 1536w, https:\/\/magazineluxe.com\/wp-content\/uploads\/2017\/07\/osm-1300x867.jpg 1300w, https:\/\/magazineluxe.com\/wp-content\/uploads\/2017\/07\/osm-128x86.jpg 128w\" sizes=\"auto, (max-width: 1920px) 100vw, 1920px\" \/><\/a><\/p>\n<h6 style=\"text-align: center;\">\u00a9\u00a0Antoine Saito<\/h6>\n<h2><a href=\"http:\/\/www.375mtl.com\/programmation\/habitat-67-vers-lavenir-605\/\" target=\"_blank\" rel=\"noopener noreferrer\">6.\u00a0Habitat\u00a067 vers l\u2019avenir<\/a><\/h2>\n<p><strong>Du 1<sup>er<\/sup> juin au 13 ao\u00fbt 2017 \u2014 Centre de design de l\u2019UQAM<\/strong><\/p>\n<p>Cette exposition rend hommage au complexe d\u2019habitation r\u00e9volutionnaire r\u00e9alis\u00e9 par l\u2019architecte Moshe Safdie. L\u2019exposition retrace \u00e9galement le parcours de l\u2019agence jusqu\u2019\u00e0 nos jours, \u00e0 travers plusieurs projets directement inspir\u00e9s d\u2019Habitat\u00a067.<\/p>\n<p><a href=\"https:\/\/magazineluxe.com\/wp-content\/uploads\/2017\/07\/habitat-67.jpg\" target=\"_blank\" rel=\"noopener noreferrer\"><img loading=\"lazy\" decoding=\"async\" class=\"aligncenter wp-image-15607 size-full\" src=\"https:\/\/magazineluxe.com\/wp-content\/uploads\/2017\/07\/habitat-67.jpg\" alt=\"\" width=\"707\" height=\"1000\" srcset=\"https:\/\/magazineluxe.com\/wp-content\/uploads\/2017\/07\/habitat-67.jpg 707w, https:\/\/magazineluxe.com\/wp-content\/uploads\/2017\/07\/habitat-67-212x300.jpg 212w\" sizes=\"auto, (max-width: 707px) 100vw, 707px\" \/><\/a><\/p>\n<p>&nbsp;<\/p>\n<h2><a href=\"http:\/\/www.375mtl.com\/programmation\/mode-expo-67-339\" target=\"_blank\" rel=\"noopener noreferrer\">7. Mode Expo\u00a067<\/a><\/h2>\n<p><strong>Du 17 mars au 1<sup>er<\/sup> octobre 2017 \u2014 Mus\u00e9e McCord<\/strong><\/p>\n<p>Expo\u00a067 fut une vitrine extraordinaire pour les cr\u00e9ateurs de mode montr\u00e9alais. Cinquante ans plus tard, le Mus\u00e9e McCord expose sa riche collection de v\u00eatements et d\u2019accessoires, ainsi que sa collection d\u2019archives de l\u2019Expo.<\/p>\n<p><a href=\"https:\/\/magazineluxe.com\/wp-content\/uploads\/2017\/07\/expo-67.jpg\" target=\"_blank\" rel=\"noopener noreferrer\"><img loading=\"lazy\" decoding=\"async\" class=\"aligncenter wp-image-15601 size-full\" src=\"https:\/\/magazineluxe.com\/wp-content\/uploads\/2017\/07\/expo-67.jpg\" alt=\"\" width=\"1000\" height=\"486\" srcset=\"https:\/\/magazineluxe.com\/wp-content\/uploads\/2017\/07\/expo-67.jpg 1000w, https:\/\/magazineluxe.com\/wp-content\/uploads\/2017\/07\/expo-67-300x146.jpg 300w, https:\/\/magazineluxe.com\/wp-content\/uploads\/2017\/07\/expo-67-768x373.jpg 768w\" sizes=\"auto, (max-width: 1000px) 100vw, 1000px\" \/><\/a><\/p>\n<p>&nbsp;<\/p>\n<h2>8. La balade pour la paix, un mus\u00e9e \u00e0 ciel ouvert<\/h2>\n<p><strong>Du 29 mai au 27 octobre 2017 \u2014 rue Sherbrooke<\/strong><\/p>\n<p><em>La balade pour la paix, un mus\u00e9e \u00e0 ciel ouvert<\/em> est une grande exposition d\u2019art public canadien et \u00e9tranger qui se tiendra sur 1\u00a0km, rue Sherbrooke. Con\u00e7ue par le Mus\u00e9e des beaux-arts de Montr\u00e9al, cette exposition soulignera \u00e9galement les 50\u00a0ans de l\u2019Expo\u00a067.<\/p>\n<p><a href=\"https:\/\/magazineluxe.com\/wp-content\/uploads\/2017\/07\/la-balade-pour-la-paix.jpg\"><img loading=\"lazy\" decoding=\"async\" class=\"aligncenter wp-image-15609 size-full\" src=\"https:\/\/magazineluxe.com\/wp-content\/uploads\/2017\/07\/la-balade-pour-la-paix.jpg\" alt=\"\" width=\"1920\" height=\"1280\" srcset=\"https:\/\/magazineluxe.com\/wp-content\/uploads\/2017\/07\/la-balade-pour-la-paix.jpg 1920w, https:\/\/magazineluxe.com\/wp-content\/uploads\/2017\/07\/la-balade-pour-la-paix-300x200.jpg 300w, https:\/\/magazineluxe.com\/wp-content\/uploads\/2017\/07\/la-balade-pour-la-paix-1024x683.jpg 1024w, https:\/\/magazineluxe.com\/wp-content\/uploads\/2017\/07\/la-balade-pour-la-paix-768x512.jpg 768w, https:\/\/magazineluxe.com\/wp-content\/uploads\/2017\/07\/la-balade-pour-la-paix-1536x1024.jpg 1536w, https:\/\/magazineluxe.com\/wp-content\/uploads\/2017\/07\/la-balade-pour-la-paix-1300x867.jpg 1300w, https:\/\/magazineluxe.com\/wp-content\/uploads\/2017\/07\/la-balade-pour-la-paix-128x86.jpg 128w\" sizes=\"auto, (max-width: 1920px) 100vw, 1920px\" \/><\/a><\/p>\n<h6 style=\"text-align: center;\">\u00a9 Jimmy Hamelin<\/h6>\n<h2><a href=\"http:\/\/www.montrealenhistoires.com\" target=\"_blank\" rel=\"noopener noreferrer\">9. Cit\u00e9 M\u00e9moire<\/a><\/h2>\n<p><strong>Tout l\u2019\u00e9t\u00e9<\/strong><\/p>\n<p>Dans le Vieux-Montr\u00e9al, le parcours Cit\u00e9 M\u00e9moire, cr\u00e9\u00e9 par Victor Pilon et Michel Lemieux l\u2019\u00e9t\u00e9 dernier, fera revivre des personnages de l\u2019histoire montr\u00e9alaise en 23 tableaux (dont 4\u00a0nouveaux) projet\u00e9s sur des immeubles ou monuments. Pour vivre une exp\u00e9rience unique, il suffit de t\u00e9l\u00e9charger l\u2019application gratuite.<\/p>\n<p><a href=\"https:\/\/magazineluxe.com\/wp-content\/uploads\/2017\/07\/cite-memoire.jpg\" target=\"_blank\" rel=\"noopener noreferrer\"><img loading=\"lazy\" decoding=\"async\" class=\"aligncenter wp-image-15599 size-full\" src=\"https:\/\/magazineluxe.com\/wp-content\/uploads\/2017\/07\/cite-memoire.jpg\" alt=\"\" width=\"1920\" height=\"1280\" srcset=\"https:\/\/magazineluxe.com\/wp-content\/uploads\/2017\/07\/cite-memoire.jpg 1920w, https:\/\/magazineluxe.com\/wp-content\/uploads\/2017\/07\/cite-memoire-300x200.jpg 300w, https:\/\/magazineluxe.com\/wp-content\/uploads\/2017\/07\/cite-memoire-1024x683.jpg 1024w, https:\/\/magazineluxe.com\/wp-content\/uploads\/2017\/07\/cite-memoire-768x512.jpg 768w, https:\/\/magazineluxe.com\/wp-content\/uploads\/2017\/07\/cite-memoire-1536x1024.jpg 1536w, https:\/\/magazineluxe.com\/wp-content\/uploads\/2017\/07\/cite-memoire-1300x867.jpg 1300w, https:\/\/magazineluxe.com\/wp-content\/uploads\/2017\/07\/cite-memoire-128x86.jpg 128w\" sizes=\"auto, (max-width: 1920px) 100vw, 1920px\" \/><\/a><\/p>\n<h6 style=\"text-align: center;\">\u00a9\u00a0Jean-Fran\u00e7ois Lemire, Shootstudio.ca<\/h6>\n<h2><a href=\"http:\/\/www.375mtl.com\/programmation\/leonard-cohen-une-breche-en-toute-chose-26\/\" target=\"_blank\" rel=\"noopener noreferrer\">10. Leonard Cohen \u2014 Une br\u00e8che en toute chose<\/a><\/h2>\n<p><strong>Du 9 novembre 2017 au 1<sup>er<\/sup> avril 2018 \u2014 Mus\u00e9e d\u2019art contemporain de Montr\u00e9al<\/strong><\/p>\n<p>Le Mus\u00e9e d\u2019art contemporain rendra hommage au chanteur montr\u00e9alais Leonard Cohen, d\u00e9c\u00e9d\u00e9 il y a quelques mois. L\u2019exposition proposera des \u0153uvres in\u00e9dites command\u00e9es pour l\u2019occasion et con\u00e7ues par des artistes locaux et internationaux, qui s\u2019inspireront de l\u2019esth\u00e9tique et des th\u00e8mes r\u00e9currents dans l\u2019\u0153uvre du grand ma\u00eetre.<\/p>\n<p><a href=\"https:\/\/magazineluxe.com\/wp-content\/uploads\/2017\/07\/exposition-leonard-cohen.jpg\" target=\"_blank\" rel=\"noopener noreferrer\"><img loading=\"lazy\" decoding=\"async\" class=\"aligncenter wp-image-15603 size-full\" src=\"https:\/\/magazineluxe.com\/wp-content\/uploads\/2017\/07\/exposition-leonard-cohen.jpg\" alt=\"\" width=\"1920\" height=\"1280\" srcset=\"https:\/\/magazineluxe.com\/wp-content\/uploads\/2017\/07\/exposition-leonard-cohen.jpg 1920w, https:\/\/magazineluxe.com\/wp-content\/uploads\/2017\/07\/exposition-leonard-cohen-300x200.jpg 300w, https:\/\/magazineluxe.com\/wp-content\/uploads\/2017\/07\/exposition-leonard-cohen-1024x683.jpg 1024w, https:\/\/magazineluxe.com\/wp-content\/uploads\/2017\/07\/exposition-leonard-cohen-768x512.jpg 768w, https:\/\/magazineluxe.com\/wp-content\/uploads\/2017\/07\/exposition-leonard-cohen-1536x1024.jpg 1536w, https:\/\/magazineluxe.com\/wp-content\/uploads\/2017\/07\/exposition-leonard-cohen-1300x867.jpg 1300w, https:\/\/magazineluxe.com\/wp-content\/uploads\/2017\/07\/exposition-leonard-cohen-128x86.jpg 128w\" sizes=\"auto, (max-width: 1920px) 100vw, 1920px\" \/><\/a><\/p>\n<h6 style=\"text-align: center;\">\u00a9\u00a0Old Ideas, LLC<\/h6>\n<p>&nbsp;<\/p>\n<p>Couverture :\u00a0\u00a9\u00a0Fr\u00e9d\u00e9rique M\u00e9nard-Aubin<\/p>\n","protected":false},"excerpt":{"rendered":"<p>Cet \u00e9t\u00e9 et jusqu\u2019\u00e0 l\u2019automne, un feu roulant d\u2019activit\u00e9s aura lieu pour souligner le 375e anniversaire de la m\u00e9tropole. Parmi les nombreux \u00e9v\u00e9nements propos\u00e9s, LUXE en a s\u00e9lectionn\u00e9 dix \u00e0 ne manquer sous aucun pr\u00e9texte. &nbsp; 1. Montr\u00e9al Avudo Du 17 mai au 2 septembre 2017 \u2014 Quai King Edward, Vieux-Port de Montr\u00e9al Comptant parmi les plus beaux spectacles pr\u00e9sent\u00e9s dans le cadre du 375e anniversaire de Montr\u00e9al, Montr\u00e9al Avudo, une cr\u00e9ation de la renomm\u00e9e\u00a0Compagnia Finzi Pasca, propose un spectacle magnifique en hommage au fleuve Saint-Laurent dans le Vieux-Port. D\u2019immenses projections\u00a0inspir\u00e9es d\u2019\u00e9l\u00e9ments de l\u2019histoire de la ville transporteront le public dans le temps. Le spectacle est gratuit, mais il est obligatoire de r\u00e9server ses billets. \u00a9 Jimmy Hamelin 2. AURA Jusqu\u2019au 31 d\u00e9cembre 2017 \u2014 Basilique Notre-Dame de Montr\u00e9al Une immersion progressive dans un univers sonore et visuel captivant nous guide jusqu\u2019au c\u0153ur de Notre-Dame. Musique orchestrale et architecture grandiose se rencontrent ensuite pour offrir un spectacle multim\u00e9dia qui se d\u00e9roule en trois actes. Con\u00e7u par Moment Factory, ce spectacle vous plongera dans un univers inattendu, se d\u00e9ployant sur le plus sublime des canevas\u00a0: la Basilique Notre-Dame. &nbsp; 3. Festival de jazz Du 28 juin\u00a0au\u00a08 juillet\u00a02017 \u2014 Place des Festivals, [&hellip;]<\/p>\n","protected":false},"author":710,"featured_media":15597,"comment_status":"closed","ping_status":"closed","sticky":false,"template":"","format":"standard","meta":{"_monsterinsights_skip_tracking":false,"_monsterinsights_sitenote_active":false,"_monsterinsights_sitenote_note":"","_monsterinsights_sitenote_category":0,"footnotes":""},"categories":[399],"tags":[],"class_list":["post-9043","post","type-post","status-publish","format-standard","has-post-thumbnail","hentry","category-luxe-y-etait"],"yoast_head":"<!-- This site is optimized with the Yoast SEO plugin v27.4 - https:\/\/yoast.com\/product\/yoast-seo-wordpress\/ -->\n<title>Dix \u00e9v\u00e9nements incontournables pour le 375e anniversaire de Montr\u00e9al - MAGAZINE LUXE - Immobilier | Design | Art de vivre<\/title>\n<meta name=\"robots\" content=\"index, follow, max-snippet:-1, max-image-preview:large, max-video-preview:-1\" \/>\n<link rel=\"canonical\" href=\"https:\/\/magazineluxe.com\/fr\/dix-evenements-incontournables-pour-le-375e-anniversaire-de-montreal\/\" \/>\n<meta property=\"og:locale\" content=\"fr_FR\" \/>\n<meta property=\"og:type\" content=\"article\" \/>\n<meta property=\"og:title\" content=\"Dix \u00e9v\u00e9nements incontournables pour le 375e anniversaire de Montr\u00e9al - MAGAZINE LUXE - Immobilier | Design | Art de vivre\" \/>\n<meta property=\"og:description\" content=\"Cet \u00e9t\u00e9 et jusqu\u2019\u00e0 l\u2019automne, un feu roulant d\u2019activit\u00e9s aura lieu pour souligner le 375e anniversaire de la m\u00e9tropole. Parmi les nombreux \u00e9v\u00e9nements propos\u00e9s, LUXE en a s\u00e9lectionn\u00e9 dix \u00e0 ne manquer sous aucun pr\u00e9texte. &nbsp; 1. Montr\u00e9al Avudo Du 17 mai au 2 septembre 2017 \u2014 Quai King Edward, Vieux-Port de Montr\u00e9al Comptant parmi les plus beaux spectacles pr\u00e9sent\u00e9s dans le cadre du 375e anniversaire de Montr\u00e9al, Montr\u00e9al Avudo, une cr\u00e9ation de la renomm\u00e9e\u00a0Compagnia Finzi Pasca, propose un spectacle magnifique en hommage au fleuve Saint-Laurent dans le Vieux-Port. D\u2019immenses projections\u00a0inspir\u00e9es d\u2019\u00e9l\u00e9ments de l\u2019histoire de la ville transporteront le public dans le temps. Le spectacle est gratuit, mais il est obligatoire de r\u00e9server ses billets. \u00a9 Jimmy Hamelin 2. AURA Jusqu\u2019au 31 d\u00e9cembre 2017 \u2014 Basilique Notre-Dame de Montr\u00e9al Une immersion progressive dans un univers sonore et visuel captivant nous guide jusqu\u2019au c\u0153ur de Notre-Dame. Musique orchestrale et architecture grandiose se rencontrent ensuite pour offrir un spectacle multim\u00e9dia qui se d\u00e9roule en trois actes. Con\u00e7u par Moment Factory, ce spectacle vous plongera dans un univers inattendu, se d\u00e9ployant sur le plus sublime des canevas\u00a0: la Basilique Notre-Dame. &nbsp; 3. Festival de jazz Du 28 juin\u00a0au\u00a08 juillet\u00a02017 \u2014 Place des Festivals, [&hellip;]\" \/>\n<meta property=\"og:url\" content=\"https:\/\/magazineluxe.com\/fr\/dix-evenements-incontournables-pour-le-375e-anniversaire-de-montreal\/\" \/>\n<meta property=\"og:site_name\" content=\"MAGAZINE LUXE - Immobilier | Design | Art de vivre\" \/>\n<meta property=\"article:published_time\" content=\"2017-07-11T23:22:57+00:00\" \/>\n<meta property=\"article:modified_time\" content=\"2020-02-26T22:13:36+00:00\" \/>\n<meta property=\"og:image\" content=\"https:\/\/magazineluxe.com\/wp-content\/uploads\/2017\/07\/375-anniversaire-montreal-1024x683.jpg\" \/>\n\t<meta property=\"og:image:width\" content=\"1024\" \/>\n\t<meta property=\"og:image:height\" content=\"683\" \/>\n\t<meta property=\"og:image:type\" content=\"image\/jpeg\" \/>\n<meta name=\"author\" content=\"\u00c2tma\" \/>\n<meta name=\"twitter:card\" content=\"summary_large_image\" \/>\n<meta name=\"twitter:label1\" content=\"\u00c9crit par\" \/>\n\t<meta name=\"twitter:data1\" content=\"\u00c2tma\" \/>\n\t<meta name=\"twitter:label2\" content=\"Dur\u00e9e de lecture estim\u00e9e\" \/>\n\t<meta name=\"twitter:data2\" content=\"4 minutes\" \/>\n<script type=\"application\/ld+json\" class=\"yoast-schema-graph\">{\"@context\":\"https:\\\/\\\/schema.org\",\"@graph\":[{\"@type\":\"Article\",\"@id\":\"https:\\\/\\\/magazineluxe.com\\\/fr\\\/dix-evenements-incontournables-pour-le-375e-anniversaire-de-montreal\\\/#article\",\"isPartOf\":{\"@id\":\"https:\\\/\\\/magazineluxe.com\\\/fr\\\/dix-evenements-incontournables-pour-le-375e-anniversaire-de-montreal\\\/\"},\"author\":{\"name\":\"\u00c2tma\",\"@id\":\"https:\\\/\\\/magazineluxe.com\\\/fr\\\/#\\\/schema\\\/person\\\/8adc55c929911b0b55d79cb0e89a2078\"},\"headline\":\"Dix \u00e9v\u00e9nements incontournables pour le 375e anniversaire de Montr\u00e9al\",\"datePublished\":\"2017-07-11T23:22:57+00:00\",\"dateModified\":\"2020-02-26T22:13:36+00:00\",\"mainEntityOfPage\":{\"@id\":\"https:\\\/\\\/magazineluxe.com\\\/fr\\\/dix-evenements-incontournables-pour-le-375e-anniversaire-de-montreal\\\/\"},\"wordCount\":731,\"image\":{\"@id\":\"https:\\\/\\\/magazineluxe.com\\\/fr\\\/dix-evenements-incontournables-pour-le-375e-anniversaire-de-montreal\\\/#primaryimage\"},\"thumbnailUrl\":\"https:\\\/\\\/magazineluxe.com\\\/wp-content\\\/uploads\\\/2017\\\/07\\\/375-anniversaire-montreal.jpg\",\"articleSection\":[\"\u00c9v\u00e9nements\"],\"inLanguage\":\"fr-FR\"},{\"@type\":\"WebPage\",\"@id\":\"https:\\\/\\\/magazineluxe.com\\\/fr\\\/dix-evenements-incontournables-pour-le-375e-anniversaire-de-montreal\\\/\",\"url\":\"https:\\\/\\\/magazineluxe.com\\\/fr\\\/dix-evenements-incontournables-pour-le-375e-anniversaire-de-montreal\\\/\",\"name\":\"Dix \u00e9v\u00e9nements incontournables pour le 375e anniversaire de Montr\u00e9al - MAGAZINE LUXE - Immobilier | Design | Art de vivre\",\"isPartOf\":{\"@id\":\"https:\\\/\\\/magazineluxe.com\\\/fr\\\/#website\"},\"primaryImageOfPage\":{\"@id\":\"https:\\\/\\\/magazineluxe.com\\\/fr\\\/dix-evenements-incontournables-pour-le-375e-anniversaire-de-montreal\\\/#primaryimage\"},\"image\":{\"@id\":\"https:\\\/\\\/magazineluxe.com\\\/fr\\\/dix-evenements-incontournables-pour-le-375e-anniversaire-de-montreal\\\/#primaryimage\"},\"thumbnailUrl\":\"https:\\\/\\\/magazineluxe.com\\\/wp-content\\\/uploads\\\/2017\\\/07\\\/375-anniversaire-montreal.jpg\",\"datePublished\":\"2017-07-11T23:22:57+00:00\",\"dateModified\":\"2020-02-26T22:13:36+00:00\",\"author\":{\"@id\":\"https:\\\/\\\/magazineluxe.com\\\/fr\\\/#\\\/schema\\\/person\\\/8adc55c929911b0b55d79cb0e89a2078\"},\"breadcrumb\":{\"@id\":\"https:\\\/\\\/magazineluxe.com\\\/fr\\\/dix-evenements-incontournables-pour-le-375e-anniversaire-de-montreal\\\/#breadcrumb\"},\"inLanguage\":\"fr-FR\",\"potentialAction\":[{\"@type\":\"ReadAction\",\"target\":[\"https:\\\/\\\/magazineluxe.com\\\/fr\\\/dix-evenements-incontournables-pour-le-375e-anniversaire-de-montreal\\\/\"]}]},{\"@type\":\"ImageObject\",\"inLanguage\":\"fr-FR\",\"@id\":\"https:\\\/\\\/magazineluxe.com\\\/fr\\\/dix-evenements-incontournables-pour-le-375e-anniversaire-de-montreal\\\/#primaryimage\",\"url\":\"https:\\\/\\\/magazineluxe.com\\\/wp-content\\\/uploads\\\/2017\\\/07\\\/375-anniversaire-montreal.jpg\",\"contentUrl\":\"https:\\\/\\\/magazineluxe.com\\\/wp-content\\\/uploads\\\/2017\\\/07\\\/375-anniversaire-montreal.jpg\",\"width\":1920,\"height\":1280},{\"@type\":\"BreadcrumbList\",\"@id\":\"https:\\\/\\\/magazineluxe.com\\\/fr\\\/dix-evenements-incontournables-pour-le-375e-anniversaire-de-montreal\\\/#breadcrumb\",\"itemListElement\":[{\"@type\":\"ListItem\",\"position\":1,\"name\":\"Accueil\",\"item\":\"https:\\\/\\\/magazineluxe.com\\\/fr\\\/\"},{\"@type\":\"ListItem\",\"position\":2,\"name\":\"Dix \u00e9v\u00e9nements incontournables pour le 375e anniversaire de Montr\u00e9al\"}]},{\"@type\":\"WebSite\",\"@id\":\"https:\\\/\\\/magazineluxe.com\\\/fr\\\/#website\",\"url\":\"https:\\\/\\\/magazineluxe.com\\\/fr\\\/\",\"name\":\"MAGAZINE LUXE - Immobilier | Design | Art de vivre\",\"description\":\"MAGAZINE LUXE - Immobilier | Design | Art de vivre\",\"potentialAction\":[{\"@type\":\"SearchAction\",\"target\":{\"@type\":\"EntryPoint\",\"urlTemplate\":\"https:\\\/\\\/magazineluxe.com\\\/fr\\\/?s={search_term_string}\"},\"query-input\":{\"@type\":\"PropertyValueSpecification\",\"valueRequired\":true,\"valueName\":\"search_term_string\"}}],\"inLanguage\":\"fr-FR\"},{\"@type\":\"Person\",\"@id\":\"https:\\\/\\\/magazineluxe.com\\\/fr\\\/#\\\/schema\\\/person\\\/8adc55c929911b0b55d79cb0e89a2078\",\"name\":\"\u00c2tma\",\"image\":{\"@type\":\"ImageObject\",\"inLanguage\":\"fr-FR\",\"@id\":\"https:\\\/\\\/secure.gravatar.com\\\/avatar\\\/8f040abb094cad542949c1488512389277711ac5ee0e395bbebaa2573f7a2377?s=96&d=mm&r=g\",\"url\":\"https:\\\/\\\/secure.gravatar.com\\\/avatar\\\/8f040abb094cad542949c1488512389277711ac5ee0e395bbebaa2573f7a2377?s=96&d=mm&r=g\",\"contentUrl\":\"https:\\\/\\\/secure.gravatar.com\\\/avatar\\\/8f040abb094cad542949c1488512389277711ac5ee0e395bbebaa2573f7a2377?s=96&d=mm&r=g\",\"caption\":\"\u00c2tma\"},\"url\":\"https:\\\/\\\/magazineluxe.com\\\/fr\\\/author\\\/atma\\\/\"}]}<\/script>\n<!-- \/ Yoast SEO plugin. -->","yoast_head_json":{"title":"Dix \u00e9v\u00e9nements incontournables pour le 375e anniversaire de Montr\u00e9al - MAGAZINE LUXE - Immobilier | Design | Art de vivre","robots":{"index":"index","follow":"follow","max-snippet":"max-snippet:-1","max-image-preview":"max-image-preview:large","max-video-preview":"max-video-preview:-1"},"canonical":"https:\/\/magazineluxe.com\/fr\/dix-evenements-incontournables-pour-le-375e-anniversaire-de-montreal\/","og_locale":"fr_FR","og_type":"article","og_title":"Dix \u00e9v\u00e9nements incontournables pour le 375e anniversaire de Montr\u00e9al - MAGAZINE LUXE - Immobilier | Design | Art de vivre","og_description":"Cet \u00e9t\u00e9 et jusqu\u2019\u00e0 l\u2019automne, un feu roulant d\u2019activit\u00e9s aura lieu pour souligner le 375e anniversaire de la m\u00e9tropole. Parmi les nombreux \u00e9v\u00e9nements propos\u00e9s, LUXE en a s\u00e9lectionn\u00e9 dix \u00e0 ne manquer sous aucun pr\u00e9texte. &nbsp; 1. Montr\u00e9al Avudo Du 17 mai au 2 septembre 2017 \u2014 Quai King Edward, Vieux-Port de Montr\u00e9al Comptant parmi les plus beaux spectacles pr\u00e9sent\u00e9s dans le cadre du 375e anniversaire de Montr\u00e9al, Montr\u00e9al Avudo, une cr\u00e9ation de la renomm\u00e9e\u00a0Compagnia Finzi Pasca, propose un spectacle magnifique en hommage au fleuve Saint-Laurent dans le Vieux-Port. D\u2019immenses projections\u00a0inspir\u00e9es d\u2019\u00e9l\u00e9ments de l\u2019histoire de la ville transporteront le public dans le temps. Le spectacle est gratuit, mais il est obligatoire de r\u00e9server ses billets. \u00a9 Jimmy Hamelin 2. AURA Jusqu\u2019au 31 d\u00e9cembre 2017 \u2014 Basilique Notre-Dame de Montr\u00e9al Une immersion progressive dans un univers sonore et visuel captivant nous guide jusqu\u2019au c\u0153ur de Notre-Dame. Musique orchestrale et architecture grandiose se rencontrent ensuite pour offrir un spectacle multim\u00e9dia qui se d\u00e9roule en trois actes. Con\u00e7u par Moment Factory, ce spectacle vous plongera dans un univers inattendu, se d\u00e9ployant sur le plus sublime des canevas\u00a0: la Basilique Notre-Dame. &nbsp; 3. Festival de jazz Du 28 juin\u00a0au\u00a08 juillet\u00a02017 \u2014 Place des Festivals, [&hellip;]","og_url":"https:\/\/magazineluxe.com\/fr\/dix-evenements-incontournables-pour-le-375e-anniversaire-de-montreal\/","og_site_name":"MAGAZINE LUXE - Immobilier | Design | Art de vivre","article_published_time":"2017-07-11T23:22:57+00:00","article_modified_time":"2020-02-26T22:13:36+00:00","og_image":[{"width":1024,"height":683,"url":"https:\/\/magazineluxe.com\/wp-content\/uploads\/2017\/07\/375-anniversaire-montreal-1024x683.jpg","type":"image\/jpeg"}],"author":"\u00c2tma","twitter_card":"summary_large_image","twitter_misc":{"\u00c9crit par":"\u00c2tma","Dur\u00e9e de lecture estim\u00e9e":"4 minutes"},"schema":{"@context":"https:\/\/schema.org","@graph":[{"@type":"Article","@id":"https:\/\/magazineluxe.com\/fr\/dix-evenements-incontournables-pour-le-375e-anniversaire-de-montreal\/#article","isPartOf":{"@id":"https:\/\/magazineluxe.com\/fr\/dix-evenements-incontournables-pour-le-375e-anniversaire-de-montreal\/"},"author":{"name":"\u00c2tma","@id":"https:\/\/magazineluxe.com\/fr\/#\/schema\/person\/8adc55c929911b0b55d79cb0e89a2078"},"headline":"Dix \u00e9v\u00e9nements incontournables pour le 375e anniversaire de Montr\u00e9al","datePublished":"2017-07-11T23:22:57+00:00","dateModified":"2020-02-26T22:13:36+00:00","mainEntityOfPage":{"@id":"https:\/\/magazineluxe.com\/fr\/dix-evenements-incontournables-pour-le-375e-anniversaire-de-montreal\/"},"wordCount":731,"image":{"@id":"https:\/\/magazineluxe.com\/fr\/dix-evenements-incontournables-pour-le-375e-anniversaire-de-montreal\/#primaryimage"},"thumbnailUrl":"https:\/\/magazineluxe.com\/wp-content\/uploads\/2017\/07\/375-anniversaire-montreal.jpg","articleSection":["\u00c9v\u00e9nements"],"inLanguage":"fr-FR"},{"@type":"WebPage","@id":"https:\/\/magazineluxe.com\/fr\/dix-evenements-incontournables-pour-le-375e-anniversaire-de-montreal\/","url":"https:\/\/magazineluxe.com\/fr\/dix-evenements-incontournables-pour-le-375e-anniversaire-de-montreal\/","name":"Dix \u00e9v\u00e9nements incontournables pour le 375e anniversaire de Montr\u00e9al - MAGAZINE LUXE - Immobilier | Design | Art de vivre","isPartOf":{"@id":"https:\/\/magazineluxe.com\/fr\/#website"},"primaryImageOfPage":{"@id":"https:\/\/magazineluxe.com\/fr\/dix-evenements-incontournables-pour-le-375e-anniversaire-de-montreal\/#primaryimage"},"image":{"@id":"https:\/\/magazineluxe.com\/fr\/dix-evenements-incontournables-pour-le-375e-anniversaire-de-montreal\/#primaryimage"},"thumbnailUrl":"https:\/\/magazineluxe.com\/wp-content\/uploads\/2017\/07\/375-anniversaire-montreal.jpg","datePublished":"2017-07-11T23:22:57+00:00","dateModified":"2020-02-26T22:13:36+00:00","author":{"@id":"https:\/\/magazineluxe.com\/fr\/#\/schema\/person\/8adc55c929911b0b55d79cb0e89a2078"},"breadcrumb":{"@id":"https:\/\/magazineluxe.com\/fr\/dix-evenements-incontournables-pour-le-375e-anniversaire-de-montreal\/#breadcrumb"},"inLanguage":"fr-FR","potentialAction":[{"@type":"ReadAction","target":["https:\/\/magazineluxe.com\/fr\/dix-evenements-incontournables-pour-le-375e-anniversaire-de-montreal\/"]}]},{"@type":"ImageObject","inLanguage":"fr-FR","@id":"https:\/\/magazineluxe.com\/fr\/dix-evenements-incontournables-pour-le-375e-anniversaire-de-montreal\/#primaryimage","url":"https:\/\/magazineluxe.com\/wp-content\/uploads\/2017\/07\/375-anniversaire-montreal.jpg","contentUrl":"https:\/\/magazineluxe.com\/wp-content\/uploads\/2017\/07\/375-anniversaire-montreal.jpg","width":1920,"height":1280},{"@type":"BreadcrumbList","@id":"https:\/\/magazineluxe.com\/fr\/dix-evenements-incontournables-pour-le-375e-anniversaire-de-montreal\/#breadcrumb","itemListElement":[{"@type":"ListItem","position":1,"name":"Accueil","item":"https:\/\/magazineluxe.com\/fr\/"},{"@type":"ListItem","position":2,"name":"Dix \u00e9v\u00e9nements incontournables pour le 375e anniversaire de Montr\u00e9al"}]},{"@type":"WebSite","@id":"https:\/\/magazineluxe.com\/fr\/#website","url":"https:\/\/magazineluxe.com\/fr\/","name":"MAGAZINE LUXE - Immobilier | Design | Art de vivre","description":"MAGAZINE LUXE - Immobilier | Design | Art de vivre","potentialAction":[{"@type":"SearchAction","target":{"@type":"EntryPoint","urlTemplate":"https:\/\/magazineluxe.com\/fr\/?s={search_term_string}"},"query-input":{"@type":"PropertyValueSpecification","valueRequired":true,"valueName":"search_term_string"}}],"inLanguage":"fr-FR"},{"@type":"Person","@id":"https:\/\/magazineluxe.com\/fr\/#\/schema\/person\/8adc55c929911b0b55d79cb0e89a2078","name":"\u00c2tma","image":{"@type":"ImageObject","inLanguage":"fr-FR","@id":"https:\/\/secure.gravatar.com\/avatar\/8f040abb094cad542949c1488512389277711ac5ee0e395bbebaa2573f7a2377?s=96&d=mm&r=g","url":"https:\/\/secure.gravatar.com\/avatar\/8f040abb094cad542949c1488512389277711ac5ee0e395bbebaa2573f7a2377?s=96&d=mm&r=g","contentUrl":"https:\/\/secure.gravatar.com\/avatar\/8f040abb094cad542949c1488512389277711ac5ee0e395bbebaa2573f7a2377?s=96&d=mm&r=g","caption":"\u00c2tma"},"url":"https:\/\/magazineluxe.com\/fr\/author\/atma\/"}]}},"_links":{"self":[{"href":"https:\/\/magazineluxe.com\/fr\/wp-json\/wp\/v2\/posts\/9043","targetHints":{"allow":["GET"]}}],"collection":[{"href":"https:\/\/magazineluxe.com\/fr\/wp-json\/wp\/v2\/posts"}],"about":[{"href":"https:\/\/magazineluxe.com\/fr\/wp-json\/wp\/v2\/types\/post"}],"author":[{"embeddable":true,"href":"https:\/\/magazineluxe.com\/fr\/wp-json\/wp\/v2\/users\/710"}],"replies":[{"embeddable":true,"href":"https:\/\/magazineluxe.com\/fr\/wp-json\/wp\/v2\/comments?post=9043"}],"version-history":[{"count":5,"href":"https:\/\/magazineluxe.com\/fr\/wp-json\/wp\/v2\/posts\/9043\/revisions"}],"predecessor-version":[{"id":15616,"href":"https:\/\/magazineluxe.com\/fr\/wp-json\/wp\/v2\/posts\/9043\/revisions\/15616"}],"wp:featuredmedia":[{"embeddable":true,"href":"https:\/\/magazineluxe.com\/fr\/wp-json\/wp\/v2\/media\/15597"}],"wp:attachment":[{"href":"https:\/\/magazineluxe.com\/fr\/wp-json\/wp\/v2\/media?parent=9043"}],"wp:term":[{"taxonomy":"category","embeddable":true,"href":"https:\/\/magazineluxe.com\/fr\/wp-json\/wp\/v2\/categories?post=9043"},{"taxonomy":"post_tag","embeddable":true,"href":"https:\/\/magazineluxe.com\/fr\/wp-json\/wp\/v2\/tags?post=9043"}],"curies":[{"name":"wp","href":"https:\/\/api.w.org\/{rel}","templated":true}]}}